{"id":29431,"date":"2024-07-27T10:01:29","date_gmt":"2024-07-27T16:01:29","guid":{"rendered":"https:\/\/contextoanalisisperiodistico.com\/index.php\/2024\/07\/27\/habra-citybus-gratuito-para-asistir-a-donajila-leyenda\/"},"modified":"2024-07-27T10:01:29","modified_gmt":"2024-07-27T16:01:29","slug":"habra-citybus-gratuito-para-asistir-a-donajila-leyenda","status":"publish","type":"post","link":"https:\/\/contextoanalisisperiodistico.com\/index.php\/2024\/07\/27\/habra-citybus-gratuito-para-asistir-a-donajila-leyenda\/","title":{"rendered":"Habr\u00e1 Citybus gratuito para asistir a Donaj\u00ed\u2026la Leyenda"},"content":{"rendered":"<div id=\"fb-root\"><\/div>\n\n<ul class=\"wp-block-list\">\n<li>El servicio se ofrecer\u00e1 en un horario de 17:00 a 23:00 horas a trav\u00e9s de 7 rutas<\/li>\n<\/ul>\n\n\n\n<p>Oaxaca de Ju\u00e1rez, Oaxaca, a 25 de julio de 2024.- Para facilitar el desplazamiento de personas que asistir\u00e1n a la segunda funci\u00f3n del espect\u00e1culo \u201cDonaj\u00ed\u2026la Leyenda\u201d, el Ayuntamiento capitalino en coordinaci\u00f3n con el Gobierno del Estado pondr\u00e1 a disposici\u00f3n el servicio de transporte gratuito a trav\u00e9s del Sistema de Transporte Colectivo Metropolitano Citybus.<\/p>\n\n\n\n<p>En el marco de \u201cJulio, mes de la Guelaguetza\u201d, la Secretar\u00eda de Movilidad del gobierno estatal ofrecer\u00e1 el servicio sin costo el pr\u00f3ximo 28 de julio en un horario de 17:00 a 23:00 horas, con la finalidad de brindar un viaje m\u00e1s seguro, confiable y de calidad a la ciudadan\u00eda que asistir\u00e1 al Auditorio Guelaguetza.<\/p>\n\n\n\n<p>Los punto establecidos donde saldr\u00e1n las rutas son: A) Chedrahui Madero; B) Museo Infantil de Oaxaca; C) Alameda de Le\u00f3n; D) Glorieta de la Lib\u00e9lula; E) Parque Recreativo Infantil Bicentenario; F) Hospital del IMSS y G) Auditorio Guelaguetza.<\/p>\n\n\n\n<p>El objetivo de las rutas es contar con varios puntos de ascenso que permitan una movilidad m\u00e1s c\u00f3moda para las familias, tanto locales, como nacionales y extranjeros que visitan la entidad.<\/p>\n\n\n\n<p>Cabe destacar que las unidades, adem\u00e1s de estar equipadas con c\u00e1maras de videovigilancia, cuentan con plataformas para facilitar el ascenso y descenso de personas en sillas de ruedas.<\/p>\n\n\n\n<p>Para m\u00e1s informaci\u00f3n de las rutas, visita el siguiente enlace: https:\/\/www.oaxaca.gob.mx\/citybus\/rutas-guelaguetza-2024\/.<\/p>\n\n\n\n<p>El recinto que albergar\u00e1 el evento familiar abrir\u00e1 sus puertas a las 16:30 horas, enfatizando que los palcos C y D son gratuitos, y se puede acceder a estas zonas sin la necesidad de presentar un boleto o pase.<\/p>\n\n\n\n<p>El relato de Donaj\u00ed se sit\u00faa en el a\u00f1o 1,501, con el pacto del rey Cosijoeza con los mexicas y el nacimiento de Alma Grande; da cuenta del amor imposible entre la princesa zapoteca y Nucano, pr\u00edncipe mixteco, pueblos guerreros irreconciliables y Donaj\u00ed paga con su vida la derrota de su pueblo.<\/p>\n","protected":false},"excerpt":{"rendered":"<p>Oaxaca de Ju\u00e1rez, Oaxaca, a 25 de julio de 2024.- Para facilitar el desplazamiento de&#8230;<\/p>\n","protected":false},"author":4,"featured_media":29430,"comment_status":"","ping_status":"open","sticky":false,"template":"","format":"standard","meta":{"footnotes":""},"categories":[9],"tags":[],"jetpack_sharing_enabled":true,"featured_image_urls":{"full":["https:\/\/contextoanalisisperiodistico.com\/wp-content\/uploads\/2024\/07\/FotoboletC3ADn25-07-2024.jpeg",1600,1200,false],"thumbnail":["https:\/\/contextoanalisisperiodistico.com\/wp-content\/uploads\/2024\/07\/FotoboletC3ADn25-07-2024-150x150.jpeg",150,150,true],"medium":["https:\/\/contextoanalisisperiodistico.com\/wp-content\/uploads\/2024\/07\/FotoboletC3ADn25-07-2024-300x225.jpeg",300,225,true],"medium_large":["https:\/\/contextoanalisisperiodistico.com\/wp-content\/uploads\/2024\/07\/FotoboletC3ADn25-07-2024-768x576.jpeg",640,480,true],"large":["https:\/\/contextoanalisisperiodistico.com\/wp-content\/uploads\/2024\/07\/FotoboletC3ADn25-07-2024-1024x768.jpeg",640,480,true],"1536x1536":["https:\/\/contextoanalisisperiodistico.com\/wp-content\/uploads\/2024\/07\/FotoboletC3ADn25-07-2024-1536x1152.jpeg",1536,1152,true],"2048x2048":["https:\/\/contextoanalisisperiodistico.com\/wp-content\/uploads\/2024\/07\/FotoboletC3ADn25-07-2024.jpeg",1600,1200,false],"covernews-slider-full":["https:\/\/contextoanalisisperiodistico.com\/wp-content\/uploads\/2024\/07\/FotoboletC3ADn25-07-2024-1115x715.jpeg",1115,715,true],"covernews-slider-center":["https:\/\/contextoanalisisperiodistico.com\/wp-content\/uploads\/2024\/07\/FotoboletC3ADn25-07-2024-800x500.jpeg",800,500,true],"covernews-featured":["https:\/\/contextoanalisisperiodistico.com\/wp-content\/uploads\/2024\/07\/FotoboletC3ADn25-07-2024-1024x768.jpeg",1024,768,true],"covernews-medium":["https:\/\/contextoanalisisperiodistico.com\/wp-content\/uploads\/2024\/07\/FotoboletC3ADn25-07-2024-540x340.jpeg",540,340,true],"covernews-medium-square":["https:\/\/contextoanalisisperiodistico.com\/wp-content\/uploads\/2024\/07\/FotoboletC3ADn25-07-2024-400x250.jpeg",400,250,true]},"author_info":{"display_name":"Mario Gir\u00f3n","author_link":"https:\/\/contextoanalisisperiodistico.com\/index.php\/author\/director\/"},"category_info":"<a href=\"https:\/\/contextoanalisisperiodistico.com\/index.php\/category\/politica\/\" rel=\"category tag\">Pol\u00edtica<\/a>","tag_info":"Pol\u00edtica","comment_count":"0","jetpack_featured_media_url":"https:\/\/contextoanalisisperiodistico.com\/wp-content\/uploads\/2024\/07\/FotoboletC3ADn25-07-2024.jpeg","_links":{"self":[{"href":"https:\/\/contextoanalisisperiodistico.com\/index.php\/wp-json\/wp\/v2\/posts\/29431"}],"collection":[{"href":"https:\/\/contextoanalisisperiodistico.com\/index.php\/wp-json\/wp\/v2\/posts"}],"about":[{"href":"https:\/\/contextoanalisisperiodistico.com\/index.php\/wp-json\/wp\/v2\/types\/post"}],"author":[{"embeddable":true,"href":"https:\/\/contextoanalisisperiodistico.com\/index.php\/wp-json\/wp\/v2\/users\/4"}],"replies":[{"embeddable":true,"href":"https:\/\/contextoanalisisperiodistico.com\/index.php\/wp-json\/wp\/v2\/comments?post=29431"}],"version-history":[{"count":0,"href":"https:\/\/contextoanalisisperiodistico.com\/index.php\/wp-json\/wp\/v2\/posts\/29431\/revisions"}],"wp:featuredmedia":[{"embeddable":true,"href":"https:\/\/contextoanalisisperiodistico.com\/index.php\/wp-json\/wp\/v2\/media\/29430"}],"wp:attachment":[{"href":"https:\/\/contextoanalisisperiodistico.com\/index.php\/wp-json\/wp\/v2\/media?parent=29431"}],"wp:term":[{"taxonomy":"category","embeddable":true,"href":"https:\/\/contextoanalisisperiodistico.com\/index.php\/wp-json\/wp\/v2\/categories?post=29431"},{"taxonomy":"post_tag","embeddable":true,"href":"https:\/\/contextoanalisisperiodistico.com\/index.php\/wp-json\/wp\/v2\/tags?post=29431"}],"curies":[{"name":"wp","href":"https:\/\/api.w.org\/{rel}","templated":true}]}}