{"id":29416,"date":"2024-07-27T08:14:57","date_gmt":"2024-07-27T14:14:57","guid":{"rendered":"https:\/\/contextoanalisisperiodistico.com\/index.php\/2024\/07\/27\/disminuye-6-4-percepcion-sobre-inseguridad-en-la-capital-oaxaquena\/"},"modified":"2024-07-27T08:14:57","modified_gmt":"2024-07-27T14:14:57","slug":"disminuye-6-4-percepcion-sobre-inseguridad-en-la-capital-oaxaquena","status":"publish","type":"post","link":"https:\/\/contextoanalisisperiodistico.com\/index.php\/2024\/07\/27\/disminuye-6-4-percepcion-sobre-inseguridad-en-la-capital-oaxaquena\/","title":{"rendered":"Disminuye 6.4% percepci\u00f3n sobre inseguridad en la capital oaxaque\u00f1a"},"content":{"rendered":"<div id=\"fb-root\"><\/div>\n\n<ul class=\"wp-block-list\">\n<li>La Secretar\u00eda de Seguridad Ciudadana, Movilidad y Protecci\u00f3n Civil municipal refuerza operativos, actividades preventivas y capacitaciones que coadyuven a mantener la paz<\/li>\n<\/ul>\n\n\n\n<figure class=\"wp-block-image size-large\"><img fetchpriority=\"high\" decoding=\"async\" width=\"960\" height=\"977\" src=\"https:\/\/contextoanalisisperiodistico.com\/wp-content\/uploads\/2024\/07\/fotoblt26-07-246619386264888012624.jpeg\" alt=\"\" class=\"wp-image-29415\" srcset=\"https:\/\/contextoanalisisperiodistico.com\/wp-content\/uploads\/2024\/07\/fotoblt26-07-246619386264888012624.jpeg 960w, https:\/\/contextoanalisisperiodistico.com\/wp-content\/uploads\/2024\/07\/fotoblt26-07-246619386264888012624-295x300.jpeg 295w, https:\/\/contextoanalisisperiodistico.com\/wp-content\/uploads\/2024\/07\/fotoblt26-07-246619386264888012624-768x782.jpeg 768w\" sizes=\"(max-width: 960px) 100vw, 960px\" \/><\/figure>\n\n\n\n<p>Oaxaca de Ju\u00e1rez, Oaxaca, a 26 de julio de 2024.- De acuerdo a datos de la Encuesta Nacional de Seguridad P\u00fablica Urbana (ENSU) 2024, la percepci\u00f3n de personas mayores de 18 a\u00f1os referente a la inseguridad en la ciudad de Oaxaca, disminuy\u00f3 un 6.4% en junio de este a\u00f1o en comparaci\u00f3n con junio de 2023.<\/p>\n\n\n\n<p>Este indicador representa el porcentaje de personas que se sienten inseguras en la ciudad en la que viven, de tal suerte que con relaci\u00f3n al a\u00f1o pasado menos personas se sienten inseguras en Oaxaca de Ju\u00e1rez, o dicho de otro modo, m\u00e1s personas se sienten seguras viviendo en la capital del estado.<\/p>\n\n\n\n<p>La informaci\u00f3n publicada el pasado 24 de julio refleja que la entidad oaxaque\u00f1a se encuentra dentro del nivel de la media nacional en t\u00e9rminos de percepci\u00f3n de inseguridad entre los ciudadanos.<\/p>\n\n\n\n<p>Asimismo, Oaxaca de Ju\u00e1rez se encuentra por debajo de la percepci\u00f3n de inseguridad que se vive en otras ciudades como Mexicali, Baja California; Monterrey, Nuevo Le\u00f3n; Veracruz, Veracruz, entre otras.<\/p>\n\n\n\n<p>En ese contexto, el Ayuntamiento de Oaxaca de Ju\u00e1rez a trav\u00e9s de la Secretar\u00eda de Seguridad Ciudadana, Movilidad y Protecci\u00f3n Civil, dependencia municipal que coordina la Estrategia Integral en Materia de Seguridad, refuerza operativos, actividades preventivas y capacitaciones que coadyuven a mantener la paz y la tranquilidad en territorio capitalino.<\/p>\n\n\n\n<p>En relaci\u00f3n a reportes emitidos por la Secretar\u00eda de Seguridad Ciudadana, Movilidad y Protecci\u00f3n Civil, de enero a junio de 2024 se han recorrido un total de 829 mil 474 kil\u00f3metros de vigilancia preventiva.<\/p>\n\n\n\n<p>En ese mismo periodo, se han efectuado un un sin n\u00famero de operativos, entre los que se destacan: contacto ciudadano, urbano mujer segura, mercado seguro, barredora, escuela segura, alfa, centros comerciales, colonia segura, entre otros.<\/p>\n\n\n\n<p>Para contar con elementos que antepongan el bienestar de la poblaci\u00f3n con apego al respeto de los derechos de la ciudadan\u00eda, se han capacitado a un total de 505 efectivos de la corporaci\u00f3n en t\u00e1cticas de seguridad y en derechos humanos.<\/p>\n\n\n\n<p>La Encuesta Nacional de Seguridad P\u00fablica Urbana (ENSU) proporciona informaci\u00f3n sobre c\u00f3mo se percibe la seguridad en t\u00e9rminos de temor a la delincuencia, el conocimiento de conductas delictivas o antisociales, cambio de rutinas o h\u00e1bitos por temor a ser v\u00edctima del delito, percepci\u00f3n sobre el desempe\u00f1o de las polic\u00edas preventiva municipal, estatal, Guardia Nacional, Ej\u00e9rcito, Fuerza A\u00e9rea Mexicana, as\u00ed como la Marina, como autoridades de seguridad p\u00fablica: INEGI.<\/p>\n","protected":false},"excerpt":{"rendered":"<p>Oaxaca de Ju\u00e1rez, Oaxaca, a 26 de julio de 2024.- De acuerdo a datos de&#8230;<\/p>\n","protected":false},"author":4,"featured_media":29414,"comment_status":"","ping_status":"open","sticky":false,"template":"","format":"standard","meta":{"footnotes":""},"categories":[9],"tags":[],"jetpack_sharing_enabled":true,"featured_image_urls":{"full":["https:\/\/contextoanalisisperiodistico.com\/wp-content\/uploads\/2024\/07\/FOTOBLT26-07-2024.jfif_.jpg",2560,1656,false],"thumbnail":["https:\/\/contextoanalisisperiodistico.com\/wp-content\/uploads\/2024\/07\/FOTOBLT26-07-2024.jfif_-150x150.jpg",150,150,true],"medium":["https:\/\/contextoanalisisperiodistico.com\/wp-content\/uploads\/2024\/07\/FOTOBLT26-07-2024.jfif_-300x194.jpg",300,194,true],"medium_large":["https:\/\/contextoanalisisperiodistico.com\/wp-content\/uploads\/2024\/07\/FOTOBLT26-07-2024.jfif_-768x497.jpg",640,414,true],"large":["https:\/\/contextoanalisisperiodistico.com\/wp-content\/uploads\/2024\/07\/FOTOBLT26-07-2024.jfif_-1024x662.jpg",640,414,true],"1536x1536":["https:\/\/contextoanalisisperiodistico.com\/wp-content\/uploads\/2024\/07\/FOTOBLT26-07-2024.jfif_-1536x994.jpg",1536,994,true],"2048x2048":["https:\/\/contextoanalisisperiodistico.com\/wp-content\/uploads\/2024\/07\/FOTOBLT26-07-2024.jfif_-2048x1325.jpg",2048,1325,true],"covernews-slider-full":["https:\/\/contextoanalisisperiodistico.com\/wp-content\/uploads\/2024\/07\/FOTOBLT26-07-2024.jfif_-1115x715.jpg",1115,715,true],"covernews-slider-center":["https:\/\/contextoanalisisperiodistico.com\/wp-content\/uploads\/2024\/07\/FOTOBLT26-07-2024.jfif_-800x500.jpg",800,500,true],"covernews-featured":["https:\/\/contextoanalisisperiodistico.com\/wp-content\/uploads\/2024\/07\/FOTOBLT26-07-2024.jfif_-1024x662.jpg",1024,662,true],"covernews-medium":["https:\/\/contextoanalisisperiodistico.com\/wp-content\/uploads\/2024\/07\/FOTOBLT26-07-2024.jfif_-540x340.jpg",540,340,true],"covernews-medium-square":["https:\/\/contextoanalisisperiodistico.com\/wp-content\/uploads\/2024\/07\/FOTOBLT26-07-2024.jfif_-400x250.jpg",400,250,true]},"author_info":{"display_name":"Mario Gir\u00f3n","author_link":"https:\/\/contextoanalisisperiodistico.com\/index.php\/author\/director\/"},"category_info":"<a href=\"https:\/\/contextoanalisisperiodistico.com\/index.php\/category\/politica\/\" rel=\"category tag\">Pol\u00edtica<\/a>","tag_info":"Pol\u00edtica","comment_count":"0","jetpack_featured_media_url":"https:\/\/contextoanalisisperiodistico.com\/wp-content\/uploads\/2024\/07\/FOTOBLT26-07-2024.jfif_.jpg","_links":{"self":[{"href":"https:\/\/contextoanalisisperiodistico.com\/index.php\/wp-json\/wp\/v2\/posts\/29416"}],"collection":[{"href":"https:\/\/contextoanalisisperiodistico.com\/index.php\/wp-json\/wp\/v2\/posts"}],"about":[{"href":"https:\/\/contextoanalisisperiodistico.com\/index.php\/wp-json\/wp\/v2\/types\/post"}],"author":[{"embeddable":true,"href":"https:\/\/contextoanalisisperiodistico.com\/index.php\/wp-json\/wp\/v2\/users\/4"}],"replies":[{"embeddable":true,"href":"https:\/\/contextoanalisisperiodistico.com\/index.php\/wp-json\/wp\/v2\/comments?post=29416"}],"version-history":[{"count":0,"href":"https:\/\/contextoanalisisperiodistico.com\/index.php\/wp-json\/wp\/v2\/posts\/29416\/revisions"}],"wp:featuredmedia":[{"embeddable":true,"href":"https:\/\/contextoanalisisperiodistico.com\/index.php\/wp-json\/wp\/v2\/media\/29414"}],"wp:attachment":[{"href":"https:\/\/contextoanalisisperiodistico.com\/index.php\/wp-json\/wp\/v2\/media?parent=29416"}],"wp:term":[{"taxonomy":"category","embeddable":true,"href":"https:\/\/contextoanalisisperiodistico.com\/index.php\/wp-json\/wp\/v2\/categories?post=29416"},{"taxonomy":"post_tag","embeddable":true,"href":"https:\/\/contextoanalisisperiodistico.com\/index.php\/wp-json\/wp\/v2\/tags?post=29416"}],"curies":[{"name":"wp","href":"https:\/\/api.w.org\/{rel}","templated":true}]}}