{"id":29413,"date":"2024-07-27T06:31:23","date_gmt":"2024-07-27T12:31:23","guid":{"rendered":"https:\/\/contextoanalisisperiodistico.com\/index.php\/2024\/07\/27\/comunicacion-social-reafirma-el-compromiso-de-garantizar-derechos-de-periodistas\/"},"modified":"2024-07-27T06:31:23","modified_gmt":"2024-07-27T12:31:23","slug":"comunicacion-social-reafirma-el-compromiso-de-garantizar-derechos-de-periodistas","status":"publish","type":"post","link":"https:\/\/contextoanalisisperiodistico.com\/index.php\/2024\/07\/27\/comunicacion-social-reafirma-el-compromiso-de-garantizar-derechos-de-periodistas\/","title":{"rendered":"Comunicaci\u00f3n Social reafirma el compromiso de garantizar derechos de periodistas"},"content":{"rendered":"<div id=\"fb-root\"><\/div>\n\n<p>Comunicado<\/p>\n\n\n\n<p>Ante los hechos ocurridos el pasado lunes 22 de julio en el Auditorio Guelaguetza, donde el fotoperiodista Edwin Hern\u00e1ndez denunci\u00f3 que le fue impedida la realizaci\u00f3n de su labor period\u00edstica, mientras documentaba la manifestaci\u00f3n de la cineasta \u00c1ngeles Cruz durante la primera emisi\u00f3n del Lunes del Cerro, se comunica:<\/p>\n\n\n\n<p>1.- El Gobierno del Estado, a trav\u00e9s de la Coordinaci\u00f3n de Comunicaci\u00f3n Social se disculpa p\u00fablicamente por los hechos ocurridos, ya que siempre se ha buscado privilegiar la libertad de expresi\u00f3n y manifestaci\u00f3n de ideas, adem\u00e1s de brindar las condiciones para el correcto desempe\u00f1o de la labor period\u00edstica.<\/p>\n\n\n\n<p>2.- Luego de realizar una investigaci\u00f3n, hemos concluido que, en efecto, hubo responsabilidad de servidores p\u00fablicos al obstaculizar la labor del fotoperiodista, adem\u00e1s de intentar retirarle su acreditaci\u00f3n.<\/p>\n\n\n\n<p>3.- Ante esto, se determin\u00f3 la suspensi\u00f3n de dichos trabajadores, quienes deber\u00e1n recibir de manera obligatoria un taller de sensibilizaci\u00f3n sobre el respeto a la libertad de expresi\u00f3n y derechos humanos.<\/p>\n\n\n\n<p>Por tanto, la Coordinaci\u00f3n de Comunicaci\u00f3n Social reafirma el compromiso de esta administraci\u00f3n de garantizar los derechos de las y los periodistas, pues el trabajo que realizan representa sin duda un papel fundamental para la construcci\u00f3n de una sociedad libre, informada, participativa y democr\u00e1tica.<\/p>\n\n\n\n<p>-0-<\/p>\n","protected":false},"excerpt":{"rendered":"<p>Comunicado Ante los hechos ocurridos el pasado lunes 22 de julio en el Auditorio Guelaguetza,&#8230;<\/p>\n","protected":false},"author":4,"featured_media":29412,"comment_status":"","ping_status":"open","sticky":false,"template":"","format":"standard","meta":{"footnotes":""},"categories":[9],"tags":[],"jetpack_sharing_enabled":true,"featured_image_urls":{"full":["https:\/\/contextoanalisisperiodistico.com\/wp-content\/uploads\/2024\/07\/IMG-20240726-WA0166.jpg",400,400,false],"thumbnail":["https:\/\/contextoanalisisperiodistico.com\/wp-content\/uploads\/2024\/07\/IMG-20240726-WA0166-150x150.jpg",150,150,true],"medium":["https:\/\/contextoanalisisperiodistico.com\/wp-content\/uploads\/2024\/07\/IMG-20240726-WA0166-300x300.jpg",300,300,true],"medium_large":["https:\/\/contextoanalisisperiodistico.com\/wp-content\/uploads\/2024\/07\/IMG-20240726-WA0166.jpg",400,400,false],"large":["https:\/\/contextoanalisisperiodistico.com\/wp-content\/uploads\/2024\/07\/IMG-20240726-WA0166.jpg",400,400,false],"1536x1536":["https:\/\/contextoanalisisperiodistico.com\/wp-content\/uploads\/2024\/07\/IMG-20240726-WA0166.jpg",400,400,false],"2048x2048":["https:\/\/contextoanalisisperiodistico.com\/wp-content\/uploads\/2024\/07\/IMG-20240726-WA0166.jpg",400,400,false],"covernews-slider-full":["https:\/\/contextoanalisisperiodistico.com\/wp-content\/uploads\/2024\/07\/IMG-20240726-WA0166.jpg",400,400,false],"covernews-slider-center":["https:\/\/contextoanalisisperiodistico.com\/wp-content\/uploads\/2024\/07\/IMG-20240726-WA0166.jpg",400,400,false],"covernews-featured":["https:\/\/contextoanalisisperiodistico.com\/wp-content\/uploads\/2024\/07\/IMG-20240726-WA0166.jpg",400,400,false],"covernews-medium":["https:\/\/contextoanalisisperiodistico.com\/wp-content\/uploads\/2024\/07\/IMG-20240726-WA0166-400x340.jpg",400,340,true],"covernews-medium-square":["https:\/\/contextoanalisisperiodistico.com\/wp-content\/uploads\/2024\/07\/IMG-20240726-WA0166-400x250.jpg",400,250,true]},"author_info":{"display_name":"Mario Gir\u00f3n","author_link":"https:\/\/contextoanalisisperiodistico.com\/index.php\/author\/director\/"},"category_info":"<a href=\"https:\/\/contextoanalisisperiodistico.com\/index.php\/category\/politica\/\" rel=\"category tag\">Pol\u00edtica<\/a>","tag_info":"Pol\u00edtica","comment_count":"0","jetpack_featured_media_url":"https:\/\/contextoanalisisperiodistico.com\/wp-content\/uploads\/2024\/07\/IMG-20240726-WA0166.jpg","_links":{"self":[{"href":"https:\/\/contextoanalisisperiodistico.com\/index.php\/wp-json\/wp\/v2\/posts\/29413"}],"collection":[{"href":"https:\/\/contextoanalisisperiodistico.com\/index.php\/wp-json\/wp\/v2\/posts"}],"about":[{"href":"https:\/\/contextoanalisisperiodistico.com\/index.php\/wp-json\/wp\/v2\/types\/post"}],"author":[{"embeddable":true,"href":"https:\/\/contextoanalisisperiodistico.com\/index.php\/wp-json\/wp\/v2\/users\/4"}],"replies":[{"embeddable":true,"href":"https:\/\/contextoanalisisperiodistico.com\/index.php\/wp-json\/wp\/v2\/comments?post=29413"}],"version-history":[{"count":0,"href":"https:\/\/contextoanalisisperiodistico.com\/index.php\/wp-json\/wp\/v2\/posts\/29413\/revisions"}],"wp:featuredmedia":[{"embeddable":true,"href":"https:\/\/contextoanalisisperiodistico.com\/index.php\/wp-json\/wp\/v2\/media\/29412"}],"wp:attachment":[{"href":"https:\/\/contextoanalisisperiodistico.com\/index.php\/wp-json\/wp\/v2\/media?parent=29413"}],"wp:term":[{"taxonomy":"category","embeddable":true,"href":"https:\/\/contextoanalisisperiodistico.com\/index.php\/wp-json\/wp\/v2\/categories?post=29413"},{"taxonomy":"post_tag","embeddable":true,"href":"https:\/\/contextoanalisisperiodistico.com\/index.php\/wp-json\/wp\/v2\/tags?post=29413"}],"curies":[{"name":"wp","href":"https:\/\/api.w.org\/{rel}","templated":true}]}}