{"id":29346,"date":"2024-07-24T19:05:56","date_gmt":"2024-07-25T01:05:56","guid":{"rendered":"https:\/\/contextoanalisisperiodistico.com\/index.php\/2024\/07\/24\/notifica-sso-mil-855-casos-acumulados-de-dengue-en-la-entidad\/"},"modified":"2024-07-24T19:05:56","modified_gmt":"2024-07-25T01:05:56","slug":"notifica-sso-mil-855-casos-acumulados-de-dengue-en-la-entidad","status":"publish","type":"post","link":"https:\/\/contextoanalisisperiodistico.com\/index.php\/2024\/07\/24\/notifica-sso-mil-855-casos-acumulados-de-dengue-en-la-entidad\/","title":{"rendered":"Notifica SSO mil 855 casos acumulados de dengue en la entidad"},"content":{"rendered":"<div id=\"fb-root\"><\/div>\n\n<p>\u2022 Se registran 366 casos nuevos; 183 corresponden al sexo femenino y 183 al masculino<\/p>\n\n\n\n<figure class=\"wp-block-image size-large\"><img fetchpriority=\"high\" decoding=\"async\" width=\"768\" height=\"1024\" src=\"https:\/\/contextoanalisisperiodistico.com\/wp-content\/uploads\/2024\/07\/img-20240724-wa01613113729226798432787-768x1024.jpg\" alt=\"\" class=\"wp-image-29345\" srcset=\"https:\/\/contextoanalisisperiodistico.com\/wp-content\/uploads\/2024\/07\/img-20240724-wa01613113729226798432787-768x1024.jpg 768w, https:\/\/contextoanalisisperiodistico.com\/wp-content\/uploads\/2024\/07\/img-20240724-wa01613113729226798432787-225x300.jpg 225w, https:\/\/contextoanalisisperiodistico.com\/wp-content\/uploads\/2024\/07\/img-20240724-wa01613113729226798432787-1152x1536.jpg 1152w, https:\/\/contextoanalisisperiodistico.com\/wp-content\/uploads\/2024\/07\/img-20240724-wa01613113729226798432787-1024x1365.jpg 1024w, https:\/\/contextoanalisisperiodistico.com\/wp-content\/uploads\/2024\/07\/img-20240724-wa01613113729226798432787.jpg 1200w\" sizes=\"(max-width: 768px) 100vw, 768px\" \/><\/figure>\n\n\n\n<figure class=\"wp-block-image\"><img decoding=\"async\" width=\"614\" height=\"1024\" src=\"https:\/\/contextoanalisisperiodistico.com\/wp-content\/uploads\/2024\/07\/img-20240724-wa01582290068361030607057-614x1024.jpg\" alt=\"\" class=\"wp-image-29344\" srcset=\"https:\/\/contextoanalisisperiodistico.com\/wp-content\/uploads\/2024\/07\/img-20240724-wa01582290068361030607057-614x1024.jpg 614w, https:\/\/contextoanalisisperiodistico.com\/wp-content\/uploads\/2024\/07\/img-20240724-wa01582290068361030607057-180x300.jpg 180w, https:\/\/contextoanalisisperiodistico.com\/wp-content\/uploads\/2024\/07\/img-20240724-wa01582290068361030607057-768x1280.jpg 768w, https:\/\/contextoanalisisperiodistico.com\/wp-content\/uploads\/2024\/07\/img-20240724-wa01582290068361030607057.jpg 850w\" sizes=\"(max-width: 614px) 100vw, 614px\" \/><\/figure>\n\n\n\n<figure class=\"wp-block-image\"><img decoding=\"async\" width=\"768\" height=\"1024\" src=\"https:\/\/contextoanalisisperiodistico.com\/wp-content\/uploads\/2024\/07\/img-20240724-wa01599038099239149764722-768x1024.jpg\" alt=\"\" class=\"wp-image-29343\" srcset=\"https:\/\/contextoanalisisperiodistico.com\/wp-content\/uploads\/2024\/07\/img-20240724-wa01599038099239149764722-768x1024.jpg 768w, https:\/\/contextoanalisisperiodistico.com\/wp-content\/uploads\/2024\/07\/img-20240724-wa01599038099239149764722-225x300.jpg 225w, https:\/\/contextoanalisisperiodistico.com\/wp-content\/uploads\/2024\/07\/img-20240724-wa01599038099239149764722-1152x1536.jpg 1152w, https:\/\/contextoanalisisperiodistico.com\/wp-content\/uploads\/2024\/07\/img-20240724-wa01599038099239149764722-1024x1365.jpg 1024w, https:\/\/contextoanalisisperiodistico.com\/wp-content\/uploads\/2024\/07\/img-20240724-wa01599038099239149764722.jpg 1200w\" sizes=\"(max-width: 768px) 100vw, 768px\" \/><\/figure>\n\n\n\n<p>Oaxaca de Ju\u00e1rez, Oax. 24 de julio de 2024.- Al corte de la semana epidemiol\u00f3gica n\u00famero 29, Servicios de Salud de Oaxaca (SSO) registr\u00f3 366 casos nuevos de dengue, que suman un total de mil 855 en la entidad, y se mantiene el reporte de una defunci\u00f3n confirmada a causa del virus, inform\u00f3 la jefa del departamento de Urgencias Epidemiol\u00f3gicas y Desastres Adriana Jarqu\u00edn Gonz\u00e1lez.<\/p>\n\n\n\n<p>Durante el informe semanal de la enfermedad transmitida por el zancudo Aedes aegypti, la funcionaria dijo que, en las \u00faltimas 24 horas se notific\u00f3 el 65 por ciento de ocupaci\u00f3n hospitalaria con 55 personas internadas; 10 de ellas con dengue grave.<\/p>\n\n\n\n<p>De los nuevos reportes en esta semana, 183 casos corresponden al sexo femenino y 183 al masculino. As\u00ed tambi\u00e9n, de acuerdo con su clasificaci\u00f3n cl\u00ednica, 928 corresponden a Dengue No Grave (DNG); 813 a Dengue Con Signos de Alarma (DCSA) y 114 a Dengue Grave (DG).<\/p>\n\n\n\n<p>Respecto a su distribuci\u00f3n geogr\u00e1fica, la Jurisdicci\u00f3n Sanitaria Valles Centrales ocupa el primer lugar con mil 619 casos, seguido de la Costa con 153; Istmo 24; Mixteca 22; Sierra 21 y Tuxtepec 16.<\/p>\n\n\n\n<p>En tanto, los municipios con mayor n\u00famero de reportes confirmados son: Oaxaca de Ju\u00e1rez, Santa Cruz Xoxocotl\u00e1n, Santa Mar\u00eda Atzompa, San Antonio de la Cal y San Jacinto Amilpas.<\/p>\n\n\n\n<p>De esta manera, la funcionaria exhort\u00f3 a la poblaci\u00f3n a sumarse a la campa\u00f1a Oaxaca Unida Contra el Dengue con actividades de patio limpio, as\u00ed como con la estrategia de Lava, Tapa, Voltea y Tira todos los recipientes en desuso, adem\u00e1s del cuidado del agua limpia almacenada.<\/p>\n\n\n\n<p>En caso de presentar signos de alarma como dolor abdominal intenso y continuo; v\u00f3mito persistente o que no se puede controlar; acumulaci\u00f3n de l\u00edquidos en las piernas o abdomen; sangrado de enc\u00edas, nariz o manchas rojas en la piel; irritabilidad; cansancio; somnolencia o mareos, las personas deben acudir a la unidad de salud m\u00e1s cercana y no automedicarse.<\/p>\n\n\n\n<p>-0-<\/p>\n","protected":false},"excerpt":{"rendered":"<p>\u2022 Se registran 366 casos nuevos; 183 corresponden al sexo femenino y 183 al masculino&#8230;<\/p>\n","protected":false},"author":4,"featured_media":29342,"comment_status":"","ping_status":"open","sticky":false,"template":"","format":"standard","meta":{"footnotes":""},"categories":[92],"tags":[],"jetpack_sharing_enabled":true,"featured_image_urls":{"full":["https:\/\/contextoanalisisperiodistico.com\/wp-content\/uploads\/2024\/07\/IMG-20240724-WA0160.jpg",1280,963,false],"thumbnail":["https:\/\/contextoanalisisperiodistico.com\/wp-content\/uploads\/2024\/07\/IMG-20240724-WA0160-150x150.jpg",150,150,true],"medium":["https:\/\/contextoanalisisperiodistico.com\/wp-content\/uploads\/2024\/07\/IMG-20240724-WA0160-300x226.jpg",300,226,true],"medium_large":["https:\/\/contextoanalisisperiodistico.com\/wp-content\/uploads\/2024\/07\/IMG-20240724-WA0160-768x578.jpg",640,482,true],"large":["https:\/\/contextoanalisisperiodistico.com\/wp-content\/uploads\/2024\/07\/IMG-20240724-WA0160-1024x770.jpg",640,481,true],"1536x1536":["https:\/\/contextoanalisisperiodistico.com\/wp-content\/uploads\/2024\/07\/IMG-20240724-WA0160.jpg",1280,963,false],"2048x2048":["https:\/\/contextoanalisisperiodistico.com\/wp-content\/uploads\/2024\/07\/IMG-20240724-WA0160.jpg",1280,963,false],"covernews-slider-full":["https:\/\/contextoanalisisperiodistico.com\/wp-content\/uploads\/2024\/07\/IMG-20240724-WA0160-1115x715.jpg",1115,715,true],"covernews-slider-center":["https:\/\/contextoanalisisperiodistico.com\/wp-content\/uploads\/2024\/07\/IMG-20240724-WA0160-800x500.jpg",800,500,true],"covernews-featured":["https:\/\/contextoanalisisperiodistico.com\/wp-content\/uploads\/2024\/07\/IMG-20240724-WA0160-1024x770.jpg",1024,770,true],"covernews-medium":["https:\/\/contextoanalisisperiodistico.com\/wp-content\/uploads\/2024\/07\/IMG-20240724-WA0160-540x340.jpg",540,340,true],"covernews-medium-square":["https:\/\/contextoanalisisperiodistico.com\/wp-content\/uploads\/2024\/07\/IMG-20240724-WA0160-400x250.jpg",400,250,true]},"author_info":{"display_name":"Mario Gir\u00f3n","author_link":"https:\/\/contextoanalisisperiodistico.com\/index.php\/author\/director\/"},"category_info":"<a href=\"https:\/\/contextoanalisisperiodistico.com\/index.php\/category\/salud\/\" rel=\"category tag\">Salud<\/a>","tag_info":"Salud","comment_count":"0","jetpack_featured_media_url":"https:\/\/contextoanalisisperiodistico.com\/wp-content\/uploads\/2024\/07\/IMG-20240724-WA0160.jpg","_links":{"self":[{"href":"https:\/\/contextoanalisisperiodistico.com\/index.php\/wp-json\/wp\/v2\/posts\/29346"}],"collection":[{"href":"https:\/\/contextoanalisisperiodistico.com\/index.php\/wp-json\/wp\/v2\/posts"}],"about":[{"href":"https:\/\/contextoanalisisperiodistico.com\/index.php\/wp-json\/wp\/v2\/types\/post"}],"author":[{"embeddable":true,"href":"https:\/\/contextoanalisisperiodistico.com\/index.php\/wp-json\/wp\/v2\/users\/4"}],"replies":[{"embeddable":true,"href":"https:\/\/contextoanalisisperiodistico.com\/index.php\/wp-json\/wp\/v2\/comments?post=29346"}],"version-history":[{"count":0,"href":"https:\/\/contextoanalisisperiodistico.com\/index.php\/wp-json\/wp\/v2\/posts\/29346\/revisions"}],"wp:featuredmedia":[{"embeddable":true,"href":"https:\/\/contextoanalisisperiodistico.com\/index.php\/wp-json\/wp\/v2\/media\/29342"}],"wp:attachment":[{"href":"https:\/\/contextoanalisisperiodistico.com\/index.php\/wp-json\/wp\/v2\/media?parent=29346"}],"wp:term":[{"taxonomy":"category","embeddable":true,"href":"https:\/\/contextoanalisisperiodistico.com\/index.php\/wp-json\/wp\/v2\/categories?post=29346"},{"taxonomy":"post_tag","embeddable":true,"href":"https:\/\/contextoanalisisperiodistico.com\/index.php\/wp-json\/wp\/v2\/tags?post=29346"}],"curies":[{"name":"wp","href":"https:\/\/api.w.org\/{rel}","templated":true}]}}