{"id":29339,"date":"2024-07-24T17:51:36","date_gmt":"2024-07-24T23:51:36","guid":{"rendered":"https:\/\/contextoanalisisperiodistico.com\/index.php\/2024\/07\/24\/mantiene-sspc-acciones-diarias-por-un-oaxaca-seguro\/"},"modified":"2024-07-24T17:51:36","modified_gmt":"2024-07-24T23:51:36","slug":"mantiene-sspc-acciones-diarias-por-un-oaxaca-seguro","status":"publish","type":"post","link":"https:\/\/contextoanalisisperiodistico.com\/index.php\/2024\/07\/24\/mantiene-sspc-acciones-diarias-por-un-oaxaca-seguro\/","title":{"rendered":"Mantiene SSPC acciones diarias por un Oaxaca Seguro"},"content":{"rendered":"<div id=\"fb-root\"><\/div>\n\n<p>\u2022 A trav\u00e9s de sus \u00e1reas y corporaciones, despliega permanentemente tareas operativas y de prevenci\u00f3n en las ocho regiones del estado<\/p>\n\n\n\n<p>Oaxaca de Ju\u00e1rez, Oax., 24 de julio de 2024.- Como parte del compromiso de llevar a cabo tareas diarias que fortalezcan el orden y la tranquilidad en Oaxaca, la Secretar\u00eda de Seguridad y Protecci\u00f3n Ciudadana (SSPC), a trav\u00e9s de sus corporaciones realiz\u00f3 549 acciones estrat\u00e9gicas del 17 al 22 de julio en las ocho regiones de la entidad.<\/p>\n\n\n\n<p>Lo anterior comprende el despliegue de 291 patrullajes y 258 operativos; en los que 101 personas fueron detenidas por la presunci\u00f3n de delitos del fuero federal, fuero com\u00fan y faltas administrativas; recuperados 160 veh\u00edculos de los que 12 ten\u00edan reporte de robo.<\/p>\n\n\n\n<p>Tambi\u00e9n, decomisaron 116 dosis de presuntas drogas, 350 gramos de una sustancia con caracter\u00edsticas de coca\u00edna, 200 gramos de un material con apariencia de cristal y dos costales de hierba presumiblemente marihuana. A ello se suman 591 mil 240 pesos en efectivo y una r\u00e9plica de arma corta confiscados.<\/p>\n\n\n\n<p>En tanto, mediante la Subsecretar\u00eda de Prevenci\u00f3n y Reinserci\u00f3n Social, se facilit\u00f3 la realizaci\u00f3n de 50 Audiencias Virtuales en colaboraci\u00f3n con el Tribunal Superior de Justicia del Estado; tambi\u00e9n en seguimiento a los ejes rectores del Modelo Integral de Reinserci\u00f3n Social, se registraron tres mil 670 participaciones de las Personas Privadas de Libertad (PPL) en actividades laborales, mil 574 en actividades deportivas y el otorgamiento de mil 236 consultas m\u00e9dicas.<\/p>\n\n\n\n<p>Cabe destacar que 631 PPL se encuentran inscritas en diferentes niveles educativos y 174 fueron beneficiadas con la impartici\u00f3n de 15 cursos y talleres.<\/p>\n\n\n\n<p>A la par, 111 sustancias y objetos prohibidos fueron retirados de las instalaciones penitenciarias, luego de la realizaci\u00f3n de 79 revisiones y nueve decomisos.<\/p>\n\n\n\n<p>Con la impartici\u00f3n de distintos temas preventivos, el Centro de Reeducaci\u00f3n para Hombres que Ejercen Violencia contra las Mujeres (CRHEVM) report\u00f3 37 beneficiados en el periodo a trav\u00e9s del programa \u201cReeducaci\u00f3n para Hombres que Ejercen Violencia en la Pareja\u201d y siete voluntarios del Grupo de Reflexi\u00f3n Virtual.<\/p>\n\n\n\n<p>Finalmente, la Unidad de Polic\u00eda Cibern\u00e9tica (UPC) adscrita a la Subsecretar\u00eda de Informaci\u00f3n y Desarrollo Institucional (SIDI) atendi\u00f3 142 reportes ciudadanos y realiz\u00f3 156 acciones de atenci\u00f3n, prevenci\u00f3n e investigaci\u00f3n de conductas nocivas y delictivas en medios electr\u00f3nicos; servicios con los que se evitaron p\u00e9rdidas econ\u00f3micas por un monto de 638 mil 180 pesos.<\/p>\n\n\n\n<p>Estas tareas operativas y de prevenci\u00f3n permanentemente realizadas por las \u00e1reas y corporaciones de la SSCP, forman parte del compromiso del Gobernador Salom\u00f3n Jara Cruz, con un Oaxaca Seguro para todas y todos.<\/p>\n\n\n\n<p>-0-<\/p>\n","protected":false},"excerpt":{"rendered":"<p>\u2022 A trav\u00e9s de sus \u00e1reas y corporaciones, despliega permanentemente tareas operativas y de prevenci\u00f3n&#8230;<\/p>\n","protected":false},"author":4,"featured_media":29338,"comment_status":"","ping_status":"open","sticky":false,"template":"","format":"standard","meta":{"footnotes":""},"categories":[9],"tags":[],"jetpack_sharing_enabled":true,"featured_image_urls":{"full":["https:\/\/contextoanalisisperiodistico.com\/wp-content\/uploads\/2024\/07\/IMG-20240724-WA0148.jpg",1280,853,false],"thumbnail":["https:\/\/contextoanalisisperiodistico.com\/wp-content\/uploads\/2024\/07\/IMG-20240724-WA0148-150x150.jpg",150,150,true],"medium":["https:\/\/contextoanalisisperiodistico.com\/wp-content\/uploads\/2024\/07\/IMG-20240724-WA0148-300x200.jpg",300,200,true],"medium_large":["https:\/\/contextoanalisisperiodistico.com\/wp-content\/uploads\/2024\/07\/IMG-20240724-WA0148-768x512.jpg",640,427,true],"large":["https:\/\/contextoanalisisperiodistico.com\/wp-content\/uploads\/2024\/07\/IMG-20240724-WA0148-1024x682.jpg",640,426,true],"1536x1536":["https:\/\/contextoanalisisperiodistico.com\/wp-content\/uploads\/2024\/07\/IMG-20240724-WA0148.jpg",1280,853,false],"2048x2048":["https:\/\/contextoanalisisperiodistico.com\/wp-content\/uploads\/2024\/07\/IMG-20240724-WA0148.jpg",1280,853,false],"covernews-slider-full":["https:\/\/contextoanalisisperiodistico.com\/wp-content\/uploads\/2024\/07\/IMG-20240724-WA0148-1115x715.jpg",1115,715,true],"covernews-slider-center":["https:\/\/contextoanalisisperiodistico.com\/wp-content\/uploads\/2024\/07\/IMG-20240724-WA0148-800x500.jpg",800,500,true],"covernews-featured":["https:\/\/contextoanalisisperiodistico.com\/wp-content\/uploads\/2024\/07\/IMG-20240724-WA0148-1024x682.jpg",1024,682,true],"covernews-medium":["https:\/\/contextoanalisisperiodistico.com\/wp-content\/uploads\/2024\/07\/IMG-20240724-WA0148-540x340.jpg",540,340,true],"covernews-medium-square":["https:\/\/contextoanalisisperiodistico.com\/wp-content\/uploads\/2024\/07\/IMG-20240724-WA0148-400x250.jpg",400,250,true]},"author_info":{"display_name":"Mario Gir\u00f3n","author_link":"https:\/\/contextoanalisisperiodistico.com\/index.php\/author\/director\/"},"category_info":"<a href=\"https:\/\/contextoanalisisperiodistico.com\/index.php\/category\/politica\/\" rel=\"category tag\">Pol\u00edtica<\/a>","tag_info":"Pol\u00edtica","comment_count":"0","jetpack_featured_media_url":"https:\/\/contextoanalisisperiodistico.com\/wp-content\/uploads\/2024\/07\/IMG-20240724-WA0148.jpg","_links":{"self":[{"href":"https:\/\/contextoanalisisperiodistico.com\/index.php\/wp-json\/wp\/v2\/posts\/29339"}],"collection":[{"href":"https:\/\/contextoanalisisperiodistico.com\/index.php\/wp-json\/wp\/v2\/posts"}],"about":[{"href":"https:\/\/contextoanalisisperiodistico.com\/index.php\/wp-json\/wp\/v2\/types\/post"}],"author":[{"embeddable":true,"href":"https:\/\/contextoanalisisperiodistico.com\/index.php\/wp-json\/wp\/v2\/users\/4"}],"replies":[{"embeddable":true,"href":"https:\/\/contextoanalisisperiodistico.com\/index.php\/wp-json\/wp\/v2\/comments?post=29339"}],"version-history":[{"count":0,"href":"https:\/\/contextoanalisisperiodistico.com\/index.php\/wp-json\/wp\/v2\/posts\/29339\/revisions"}],"wp:featuredmedia":[{"embeddable":true,"href":"https:\/\/contextoanalisisperiodistico.com\/index.php\/wp-json\/wp\/v2\/media\/29338"}],"wp:attachment":[{"href":"https:\/\/contextoanalisisperiodistico.com\/index.php\/wp-json\/wp\/v2\/media?parent=29339"}],"wp:term":[{"taxonomy":"category","embeddable":true,"href":"https:\/\/contextoanalisisperiodistico.com\/index.php\/wp-json\/wp\/v2\/categories?post=29339"},{"taxonomy":"post_tag","embeddable":true,"href":"https:\/\/contextoanalisisperiodistico.com\/index.php\/wp-json\/wp\/v2\/tags?post=29339"}],"curies":[{"name":"wp","href":"https:\/\/api.w.org\/{rel}","templated":true}]}}