{"id":29337,"date":"2024-07-24T17:47:53","date_gmt":"2024-07-24T23:47:53","guid":{"rendered":"https:\/\/contextoanalisisperiodistico.com\/index.php\/2024\/07\/24\/garantizan-entrega-de-apoyos-directos-de-uniformes-escolares-2024\/"},"modified":"2024-07-24T17:47:53","modified_gmt":"2024-07-24T23:47:53","slug":"garantizan-entrega-de-apoyos-directos-de-uniformes-escolares-2024","status":"publish","type":"post","link":"https:\/\/contextoanalisisperiodistico.com\/index.php\/2024\/07\/24\/garantizan-entrega-de-apoyos-directos-de-uniformes-escolares-2024\/","title":{"rendered":"Garantizan entrega de apoyos directos de uniformes escolares 2024"},"content":{"rendered":"<div id=\"fb-root\"><\/div>\n\n<p>\u2022 Avanzan IEEPO y Secci\u00f3n XXII con la distribuci\u00f3n de este beneficio<\/p>\n\n\n\n<figure class=\"wp-block-image size-large\"><img fetchpriority=\"high\" decoding=\"async\" width=\"1024\" height=\"577\" src=\"https:\/\/contextoanalisisperiodistico.com\/wp-content\/uploads\/2024\/07\/img-20240724-wa01503715244303012570219-1024x577.jpg\" alt=\"\" class=\"wp-image-29335\" srcset=\"https:\/\/contextoanalisisperiodistico.com\/wp-content\/uploads\/2024\/07\/img-20240724-wa01503715244303012570219-1024x577.jpg 1024w, https:\/\/contextoanalisisperiodistico.com\/wp-content\/uploads\/2024\/07\/img-20240724-wa01503715244303012570219-300x169.jpg 300w, https:\/\/contextoanalisisperiodistico.com\/wp-content\/uploads\/2024\/07\/img-20240724-wa01503715244303012570219-768x432.jpg 768w, https:\/\/contextoanalisisperiodistico.com\/wp-content\/uploads\/2024\/07\/img-20240724-wa01503715244303012570219-1536x865.jpg 1536w, https:\/\/contextoanalisisperiodistico.com\/wp-content\/uploads\/2024\/07\/img-20240724-wa01503715244303012570219.jpg 1600w\" sizes=\"(max-width: 1024px) 100vw, 1024px\" \/><\/figure>\n\n\n\n<figure class=\"wp-block-image\"><img decoding=\"async\" width=\"1024\" height=\"577\" src=\"https:\/\/contextoanalisisperiodistico.com\/wp-content\/uploads\/2024\/07\/img-20240724-wa01545511053991054596575-1024x577.jpg\" alt=\"\" class=\"wp-image-29336\" srcset=\"https:\/\/contextoanalisisperiodistico.com\/wp-content\/uploads\/2024\/07\/img-20240724-wa01545511053991054596575-1024x577.jpg 1024w, https:\/\/contextoanalisisperiodistico.com\/wp-content\/uploads\/2024\/07\/img-20240724-wa01545511053991054596575-300x169.jpg 300w, https:\/\/contextoanalisisperiodistico.com\/wp-content\/uploads\/2024\/07\/img-20240724-wa01545511053991054596575-768x432.jpg 768w, https:\/\/contextoanalisisperiodistico.com\/wp-content\/uploads\/2024\/07\/img-20240724-wa01545511053991054596575-1536x865.jpg 1536w, https:\/\/contextoanalisisperiodistico.com\/wp-content\/uploads\/2024\/07\/img-20240724-wa01545511053991054596575.jpg 1600w\" sizes=\"(max-width: 1024px) 100vw, 1024px\" \/><\/figure>\n\n\n\n<figure class=\"wp-block-image\"><img decoding=\"async\" width=\"1024\" height=\"461\" src=\"https:\/\/contextoanalisisperiodistico.com\/wp-content\/uploads\/2024\/07\/img-20240724-wa01535548235764694219174-1024x461.jpg\" alt=\"\" class=\"wp-image-29332\" srcset=\"https:\/\/contextoanalisisperiodistico.com\/wp-content\/uploads\/2024\/07\/img-20240724-wa01535548235764694219174-1024x461.jpg 1024w, https:\/\/contextoanalisisperiodistico.com\/wp-content\/uploads\/2024\/07\/img-20240724-wa01535548235764694219174-300x135.jpg 300w, https:\/\/contextoanalisisperiodistico.com\/wp-content\/uploads\/2024\/07\/img-20240724-wa01535548235764694219174-768x346.jpg 768w, https:\/\/contextoanalisisperiodistico.com\/wp-content\/uploads\/2024\/07\/img-20240724-wa01535548235764694219174.jpg 1422w\" sizes=\"(max-width: 1024px) 100vw, 1024px\" \/><\/figure>\n\n\n\n<figure class=\"wp-block-image\"><img loading=\"lazy\" decoding=\"async\" width=\"1024\" height=\"592\" src=\"https:\/\/contextoanalisisperiodistico.com\/wp-content\/uploads\/2024\/07\/img-20240724-wa01521434352597697629091-1024x592.jpg\" alt=\"\" class=\"wp-image-29333\" srcset=\"https:\/\/contextoanalisisperiodistico.com\/wp-content\/uploads\/2024\/07\/img-20240724-wa01521434352597697629091-1024x592.jpg 1024w, https:\/\/contextoanalisisperiodistico.com\/wp-content\/uploads\/2024\/07\/img-20240724-wa01521434352597697629091-300x173.jpg 300w, https:\/\/contextoanalisisperiodistico.com\/wp-content\/uploads\/2024\/07\/img-20240724-wa01521434352597697629091-768x444.jpg 768w, https:\/\/contextoanalisisperiodistico.com\/wp-content\/uploads\/2024\/07\/img-20240724-wa01521434352597697629091.jpg 1246w\" sizes=\"(max-width: 1024px) 100vw, 1024px\" \/><\/figure>\n\n\n\n<figure class=\"wp-block-image\"><img loading=\"lazy\" decoding=\"async\" width=\"1024\" height=\"672\" src=\"https:\/\/contextoanalisisperiodistico.com\/wp-content\/uploads\/2024\/07\/img-20240724-wa0155853028892448510347-1024x672.jpg\" alt=\"\" class=\"wp-image-29334\" srcset=\"https:\/\/contextoanalisisperiodistico.com\/wp-content\/uploads\/2024\/07\/img-20240724-wa0155853028892448510347-1024x672.jpg 1024w, https:\/\/contextoanalisisperiodistico.com\/wp-content\/uploads\/2024\/07\/img-20240724-wa0155853028892448510347-300x197.jpg 300w, https:\/\/contextoanalisisperiodistico.com\/wp-content\/uploads\/2024\/07\/img-20240724-wa0155853028892448510347-768x504.jpg 768w, https:\/\/contextoanalisisperiodistico.com\/wp-content\/uploads\/2024\/07\/img-20240724-wa0155853028892448510347.jpg 1072w\" sizes=\"(max-width: 1024px) 100vw, 1024px\" \/><\/figure>\n\n\n\n<p>\u2022 En pr\u00f3ximos d\u00edas se dar\u00e1 a conocer la calendarizaci\u00f3n de las siguientes sedes<\/p>\n\n\n\n<p>Oaxaca de Ju\u00e1rez, Oax. 24 de julio de 2024.- El Instituto Estatal de Educaci\u00f3n P\u00fablica de Oaxaca (IEEPO) garantiza a madres y padres de familia, as\u00ed como a personas tutoras, el pago directo por concepto de apoyo de uniformes escolares 2024.<\/p>\n\n\n\n<p>Lo anterior mediante el \u00d3rgano Interno de Control (OIC) de la Secretar\u00eda de Honestidad, Transparencia y Funci\u00f3n P\u00fablica, el cual vigila que esta acci\u00f3n se ejecute en el marco de la legalidad, transparencia y respeto a los derechos humanos.<\/p>\n\n\n\n<p>De esta manera, en la operatividad del pago en las diferentes sedes habilitadas en las regiones de la entidad que se realiza en coordinaci\u00f3n con la Secci\u00f3n XXII del Sindicato Nacional de Trabajadores de la Educaci\u00f3n (SNTE), se asegura que el proceso se lleve a cabo de forma ordenada, correcta y sin omisiones.<\/p>\n\n\n\n<p>Anteponiendo el di\u00e1logo, respeto y trabajo conjunto por la transformaci\u00f3n educativa, que impulsa el Gobernador Salom\u00f3n Jara Cruz, la administraci\u00f3n estatal mantiene una apertura institucional con la dirigencia sindical del magisterio oaxaque\u00f1o para avanzar en la soluci\u00f3n de temas educativos.<\/p>\n\n\n\n<p>El director General del IEEPO, Emilio Montero P\u00e9rez indic\u00f3 que la entrega del apoyo es resultado del acuerdo tripartito entre el Gobierno de Oaxaca, la Secretar\u00eda de Educaci\u00f3n P\u00fablica (SEP) y la Comisi\u00f3n Pol\u00edtica y Niveles Educativos de la Secci\u00f3n XXII.<\/p>\n\n\n\n<p>Se\u00f1al\u00f3 que en pr\u00f3ximos d\u00edas se dar\u00e1 a conocer la calendarizaci\u00f3n de las siguientes sedes para esta entrega, por lo que solicit\u00f3 a quienes a\u00fan no han acudido a realizar el tr\u00e1mite, consultar las redes sociales oficiales de la dependencia y estar atentos a los comunicados que se emitan.<\/p>\n\n\n\n<p>Los requisitos que se solicitan son: copia de identificaci\u00f3n oficial (INE, pasaporte o c\u00e9dula profesional) de la madre, padre o persona tutora y el recibo del estudiante, mismo que se puede descargar en el siguiente enlace: http:\/\/recursosmateriales.ieepo.gob.mx\/uniformes\/inicio.<\/p>\n\n\n\n<p>-0-<\/p>\n","protected":false},"excerpt":{"rendered":"<p>\u2022 Avanzan IEEPO y Secci\u00f3n XXII con la distribuci\u00f3n de este beneficio \u2022 En pr\u00f3ximos&#8230;<\/p>\n","protected":false},"author":4,"featured_media":29331,"comment_status":"","ping_status":"open","sticky":false,"template":"","format":"standard","meta":{"footnotes":""},"categories":[9],"tags":[],"jetpack_sharing_enabled":true,"featured_image_urls":{"full":["https:\/\/contextoanalisisperiodistico.com\/wp-content\/uploads\/2024\/07\/IMG-20240724-WA0151.jpg",1080,720,false],"thumbnail":["https:\/\/contextoanalisisperiodistico.com\/wp-content\/uploads\/2024\/07\/IMG-20240724-WA0151-150x150.jpg",150,150,true],"medium":["https:\/\/contextoanalisisperiodistico.com\/wp-content\/uploads\/2024\/07\/IMG-20240724-WA0151-300x200.jpg",300,200,true],"medium_large":["https:\/\/contextoanalisisperiodistico.com\/wp-content\/uploads\/2024\/07\/IMG-20240724-WA0151-768x512.jpg",640,427,true],"large":["https:\/\/contextoanalisisperiodistico.com\/wp-content\/uploads\/2024\/07\/IMG-20240724-WA0151-1024x683.jpg",640,427,true],"1536x1536":["https:\/\/contextoanalisisperiodistico.com\/wp-content\/uploads\/2024\/07\/IMG-20240724-WA0151.jpg",1080,720,false],"2048x2048":["https:\/\/contextoanalisisperiodistico.com\/wp-content\/uploads\/2024\/07\/IMG-20240724-WA0151.jpg",1080,720,false],"covernews-slider-full":["https:\/\/contextoanalisisperiodistico.com\/wp-content\/uploads\/2024\/07\/IMG-20240724-WA0151-1080x715.jpg",1080,715,true],"covernews-slider-center":["https:\/\/contextoanalisisperiodistico.com\/wp-content\/uploads\/2024\/07\/IMG-20240724-WA0151-800x500.jpg",800,500,true],"covernews-featured":["https:\/\/contextoanalisisperiodistico.com\/wp-content\/uploads\/2024\/07\/IMG-20240724-WA0151-1024x683.jpg",1024,683,true],"covernews-medium":["https:\/\/contextoanalisisperiodistico.com\/wp-content\/uploads\/2024\/07\/IMG-20240724-WA0151-540x340.jpg",540,340,true],"covernews-medium-square":["https:\/\/contextoanalisisperiodistico.com\/wp-content\/uploads\/2024\/07\/IMG-20240724-WA0151-400x250.jpg",400,250,true]},"author_info":{"display_name":"Mario Gir\u00f3n","author_link":"https:\/\/contextoanalisisperiodistico.com\/index.php\/author\/director\/"},"category_info":"<a href=\"https:\/\/contextoanalisisperiodistico.com\/index.php\/category\/politica\/\" rel=\"category tag\">Pol\u00edtica<\/a>","tag_info":"Pol\u00edtica","comment_count":"0","jetpack_featured_media_url":"https:\/\/contextoanalisisperiodistico.com\/wp-content\/uploads\/2024\/07\/IMG-20240724-WA0151.jpg","_links":{"self":[{"href":"https:\/\/contextoanalisisperiodistico.com\/index.php\/wp-json\/wp\/v2\/posts\/29337"}],"collection":[{"href":"https:\/\/contextoanalisisperiodistico.com\/index.php\/wp-json\/wp\/v2\/posts"}],"about":[{"href":"https:\/\/contextoanalisisperiodistico.com\/index.php\/wp-json\/wp\/v2\/types\/post"}],"author":[{"embeddable":true,"href":"https:\/\/contextoanalisisperiodistico.com\/index.php\/wp-json\/wp\/v2\/users\/4"}],"replies":[{"embeddable":true,"href":"https:\/\/contextoanalisisperiodistico.com\/index.php\/wp-json\/wp\/v2\/comments?post=29337"}],"version-history":[{"count":0,"href":"https:\/\/contextoanalisisperiodistico.com\/index.php\/wp-json\/wp\/v2\/posts\/29337\/revisions"}],"wp:featuredmedia":[{"embeddable":true,"href":"https:\/\/contextoanalisisperiodistico.com\/index.php\/wp-json\/wp\/v2\/media\/29331"}],"wp:attachment":[{"href":"https:\/\/contextoanalisisperiodistico.com\/index.php\/wp-json\/wp\/v2\/media?parent=29337"}],"wp:term":[{"taxonomy":"category","embeddable":true,"href":"https:\/\/contextoanalisisperiodistico.com\/index.php\/wp-json\/wp\/v2\/categories?post=29337"},{"taxonomy":"post_tag","embeddable":true,"href":"https:\/\/contextoanalisisperiodistico.com\/index.php\/wp-json\/wp\/v2\/tags?post=29337"}],"curies":[{"name":"wp","href":"https:\/\/api.w.org\/{rel}","templated":true}]}}