{"id":29314,"date":"2024-07-24T14:11:20","date_gmt":"2024-07-24T20:11:20","guid":{"rendered":"https:\/\/contextoanalisisperiodistico.com\/index.php\/2024\/07\/24\/con-peticiones-sin-razon-de-ser-cierra-calles-citadinas-sindicato-autonomo-municipal\/"},"modified":"2024-07-24T14:26:02","modified_gmt":"2024-07-24T20:26:02","slug":"con-peticiones-sin-razon-de-ser-cierra-calles-citadinas-sindicato-autonomo-municipal","status":"publish","type":"post","link":"https:\/\/contextoanalisisperiodistico.com\/index.php\/2024\/07\/24\/con-peticiones-sin-razon-de-ser-cierra-calles-citadinas-sindicato-autonomo-municipal\/","title":{"rendered":"Con peticiones sin raz\u00f3n de ser, cierra calles citadinas Sindicato Aut\u00f3nomo municipal"},"content":{"rendered":"<div id=\"fb-root\"><\/div>\n\n<p>* Informa el Gobierno Municipal de Oaxaca de Ju\u00e1rez que el or\u00edgen de la protesta ilegal de los sindicalizados es la pretensi\u00f3n de obtener un recurso econ\u00f3mico de $5,500.00 para cada uno de sus integrantes <\/p>\n\n\n\n<p>* Est\u00e1n solicitando dinero para cada uno de ellos, que no est\u00e1 estipulado en el Contrato Colectivo de Trabajo <\/p>\n\n\n\n<p>* Gobierno Municipal citadino condena el cierre de calles por sindicalistas, con lo que, afectan a una sociedad sin nada que ver en el asunto sindical <\/p>\n\n\n\n<figure class=\"wp-block-image size-large\"><img fetchpriority=\"high\" decoding=\"async\" width=\"915\" height=\"1024\" src=\"https:\/\/contextoanalisisperiodistico.com\/wp-content\/uploads\/2024\/07\/img-20240724-wa00944947726016745848731-915x1024.jpg\" alt=\"\" class=\"wp-image-29312\" srcset=\"https:\/\/contextoanalisisperiodistico.com\/wp-content\/uploads\/2024\/07\/img-20240724-wa00944947726016745848731-915x1024.jpg 915w, https:\/\/contextoanalisisperiodistico.com\/wp-content\/uploads\/2024\/07\/img-20240724-wa00944947726016745848731-268x300.jpg 268w, https:\/\/contextoanalisisperiodistico.com\/wp-content\/uploads\/2024\/07\/img-20240724-wa00944947726016745848731-768x859.jpg 768w, https:\/\/contextoanalisisperiodistico.com\/wp-content\/uploads\/2024\/07\/img-20240724-wa00944947726016745848731-1373x1536.jpg 1373w, https:\/\/contextoanalisisperiodistico.com\/wp-content\/uploads\/2024\/07\/img-20240724-wa00944947726016745848731-1024x1146.jpg 1024w, https:\/\/contextoanalisisperiodistico.com\/wp-content\/uploads\/2024\/07\/img-20240724-wa00944947726016745848731.jpg 1430w\" sizes=\"(max-width: 915px) 100vw, 915px\" \/><\/figure>\n\n\n\n<figure class=\"wp-block-image size-large\"><img decoding=\"async\" width=\"1024\" height=\"576\" src=\"https:\/\/contextoanalisisperiodistico.com\/wp-content\/uploads\/2024\/07\/img-20240724-wa00877666121291998396702-1024x576.jpg\" alt=\"\" class=\"wp-image-29313\" srcset=\"https:\/\/contextoanalisisperiodistico.com\/wp-content\/uploads\/2024\/07\/img-20240724-wa00877666121291998396702-1024x576.jpg 1024w, https:\/\/contextoanalisisperiodistico.com\/wp-content\/uploads\/2024\/07\/img-20240724-wa00877666121291998396702-300x169.jpg 300w, https:\/\/contextoanalisisperiodistico.com\/wp-content\/uploads\/2024\/07\/img-20240724-wa00877666121291998396702-768x432.jpg 768w, https:\/\/contextoanalisisperiodistico.com\/wp-content\/uploads\/2024\/07\/img-20240724-wa00877666121291998396702-1536x864.jpg 1536w, https:\/\/contextoanalisisperiodistico.com\/wp-content\/uploads\/2024\/07\/img-20240724-wa00877666121291998396702.jpg 2000w\" sizes=\"(max-width: 1024px) 100vw, 1024px\" \/><\/figure>\n","protected":false},"excerpt":{"rendered":"<p>* Informa el Gobierno Municipal de Oaxaca de Ju\u00e1rez que el or\u00edgen de la protesta&#8230;<\/p>\n","protected":false},"author":4,"featured_media":0,"comment_status":"closed","ping_status":"open","sticky":false,"template":"","format":"standard","meta":{"footnotes":""},"categories":[9],"tags":[],"jetpack_sharing_enabled":true,"featured_image_urls":{"full":"","thumbnail":"","medium":"","medium_large":"","large":"","1536x1536":"","2048x2048":"","covernews-slider-full":"","covernews-slider-center":"","covernews-featured":"","covernews-medium":"","covernews-medium-square":""},"author_info":{"display_name":"Mario Gir\u00f3n","author_link":"https:\/\/contextoanalisisperiodistico.com\/index.php\/author\/director\/"},"category_info":"<a href=\"https:\/\/contextoanalisisperiodistico.com\/index.php\/category\/politica\/\" rel=\"category tag\">Pol\u00edtica<\/a>","tag_info":"Pol\u00edtica","comment_count":"0","jetpack_featured_media_url":"","_links":{"self":[{"href":"https:\/\/contextoanalisisperiodistico.com\/index.php\/wp-json\/wp\/v2\/posts\/29314"}],"collection":[{"href":"https:\/\/contextoanalisisperiodistico.com\/index.php\/wp-json\/wp\/v2\/posts"}],"about":[{"href":"https:\/\/contextoanalisisperiodistico.com\/index.php\/wp-json\/wp\/v2\/types\/post"}],"author":[{"embeddable":true,"href":"https:\/\/contextoanalisisperiodistico.com\/index.php\/wp-json\/wp\/v2\/users\/4"}],"replies":[{"embeddable":true,"href":"https:\/\/contextoanalisisperiodistico.com\/index.php\/wp-json\/wp\/v2\/comments?post=29314"}],"version-history":[{"count":1,"href":"https:\/\/contextoanalisisperiodistico.com\/index.php\/wp-json\/wp\/v2\/posts\/29314\/revisions"}],"predecessor-version":[{"id":29315,"href":"https:\/\/contextoanalisisperiodistico.com\/index.php\/wp-json\/wp\/v2\/posts\/29314\/revisions\/29315"}],"wp:attachment":[{"href":"https:\/\/contextoanalisisperiodistico.com\/index.php\/wp-json\/wp\/v2\/media?parent=29314"}],"wp:term":[{"taxonomy":"category","embeddable":true,"href":"https:\/\/contextoanalisisperiodistico.com\/index.php\/wp-json\/wp\/v2\/categories?post=29314"},{"taxonomy":"post_tag","embeddable":true,"href":"https:\/\/contextoanalisisperiodistico.com\/index.php\/wp-json\/wp\/v2\/tags?post=29314"}],"curies":[{"name":"wp","href":"https:\/\/api.w.org\/{rel}","templated":true}]}}