{"id":29307,"date":"2024-07-24T10:10:19","date_gmt":"2024-07-24T16:10:19","guid":{"rendered":"https:\/\/contextoanalisisperiodistico.com\/index.php\/2024\/07\/24\/realiza-sso-primera-certificacion-a-unida-medica-como-entorno-laboral-saludable\/"},"modified":"2024-07-24T10:10:19","modified_gmt":"2024-07-24T16:10:19","slug":"realiza-sso-primera-certificacion-a-unida-medica-como-entorno-laboral-saludable","status":"publish","type":"post","link":"https:\/\/contextoanalisisperiodistico.com\/index.php\/2024\/07\/24\/realiza-sso-primera-certificacion-a-unida-medica-como-entorno-laboral-saludable\/","title":{"rendered":"Realiza SSO primera certificaci\u00f3n a Unida M\u00e9dica como Entorno Laboral Saludable"},"content":{"rendered":"<div id=\"fb-root\"><\/div>\n\n<p>\u2022 Certifican en esta estrategia al Centro de Salud de Zimatl\u00e1n de \u00c1lvarez de Servicios de Salud-IMSS-Bienestar<\/p>\n\n\n\n<figure class=\"wp-block-image size-large\"><img fetchpriority=\"high\" decoding=\"async\" width=\"1024\" height=\"524\" src=\"https:\/\/contextoanalisisperiodistico.com\/wp-content\/uploads\/2024\/07\/img-20240724-wa00525950630705390692135-1024x524.jpg\" alt=\"\" class=\"wp-image-29304\" srcset=\"https:\/\/contextoanalisisperiodistico.com\/wp-content\/uploads\/2024\/07\/img-20240724-wa00525950630705390692135-1024x524.jpg 1024w, https:\/\/contextoanalisisperiodistico.com\/wp-content\/uploads\/2024\/07\/img-20240724-wa00525950630705390692135-300x154.jpg 300w, https:\/\/contextoanalisisperiodistico.com\/wp-content\/uploads\/2024\/07\/img-20240724-wa00525950630705390692135-768x393.jpg 768w, https:\/\/contextoanalisisperiodistico.com\/wp-content\/uploads\/2024\/07\/img-20240724-wa00525950630705390692135-1536x786.jpg 1536w, https:\/\/contextoanalisisperiodistico.com\/wp-content\/uploads\/2024\/07\/img-20240724-wa00525950630705390692135.jpg 1600w\" sizes=\"(max-width: 1024px) 100vw, 1024px\" \/><\/figure>\n\n\n\n<figure class=\"wp-block-image\"><img decoding=\"async\" width=\"1024\" height=\"734\" src=\"https:\/\/contextoanalisisperiodistico.com\/wp-content\/uploads\/2024\/07\/img-20240724-wa00515451985675464002389-1024x734.jpg\" alt=\"\" class=\"wp-image-29306\" srcset=\"https:\/\/contextoanalisisperiodistico.com\/wp-content\/uploads\/2024\/07\/img-20240724-wa00515451985675464002389-1024x734.jpg 1024w, https:\/\/contextoanalisisperiodistico.com\/wp-content\/uploads\/2024\/07\/img-20240724-wa00515451985675464002389-300x215.jpg 300w, https:\/\/contextoanalisisperiodistico.com\/wp-content\/uploads\/2024\/07\/img-20240724-wa00515451985675464002389-768x551.jpg 768w, https:\/\/contextoanalisisperiodistico.com\/wp-content\/uploads\/2024\/07\/img-20240724-wa00515451985675464002389-1536x1102.jpg 1536w, https:\/\/contextoanalisisperiodistico.com\/wp-content\/uploads\/2024\/07\/img-20240724-wa00515451985675464002389.jpg 1570w\" sizes=\"(max-width: 1024px) 100vw, 1024px\" \/><\/figure>\n\n\n\n<figure class=\"wp-block-image\"><img decoding=\"async\" width=\"1024\" height=\"712\" src=\"https:\/\/contextoanalisisperiodistico.com\/wp-content\/uploads\/2024\/07\/img-20240724-wa00493461463260886621179-1024x712.jpg\" alt=\"\" class=\"wp-image-29305\" srcset=\"https:\/\/contextoanalisisperiodistico.com\/wp-content\/uploads\/2024\/07\/img-20240724-wa00493461463260886621179-1024x712.jpg 1024w, https:\/\/contextoanalisisperiodistico.com\/wp-content\/uploads\/2024\/07\/img-20240724-wa00493461463260886621179-300x209.jpg 300w, https:\/\/contextoanalisisperiodistico.com\/wp-content\/uploads\/2024\/07\/img-20240724-wa00493461463260886621179-768x534.jpg 768w, https:\/\/contextoanalisisperiodistico.com\/wp-content\/uploads\/2024\/07\/img-20240724-wa00493461463260886621179-1536x1068.jpg 1536w, https:\/\/contextoanalisisperiodistico.com\/wp-content\/uploads\/2024\/07\/img-20240724-wa00493461463260886621179.jpg 1600w\" sizes=\"(max-width: 1024px) 100vw, 1024px\" \/><\/figure>\n\n\n\n<p>Oaxaca de Ju\u00e1rez, Oax. 24 de julio de 2024.- Los Servicios de Salud de Oaxaca (SSO), a trav\u00e9s de la Jurisdicci\u00f3n Sanitaria 1 Valles Centrales, llevaron a cabo la entrega de la placa de Certificaci\u00f3n de Entorno Laboral Saludable al Centro de Salud de Zimatl\u00e1n de \u00c1lvarez de Servicios de Salud IMSS-Bienestar.<\/p>\n\n\n\n<p>Durante el evento, la jefa jurisdiccional, Aurelia Guerra Mart\u00ednez reconoci\u00f3 el compromiso del personal de salud para adoptar pr\u00e1cticas saludables, tanto f\u00edsicas como sociales y emocionales, haciendo hincapi\u00e9 en ser la primera unidad de primer nivel de atenci\u00f3n en lograr este nombramiento, a nivel jurisdiccional y estatal.<\/p>\n\n\n\n<p>Explic\u00f3 que este galard\u00f3n tiene como objetivo realizar acciones de promoci\u00f3n de la salud dentro del centro laboral para generar cambios y mejoras a favor de la base trabajadora, y as\u00ed adoptar estilos de vida saludables.<\/p>\n\n\n\n<p>Adem\u00e1s, de colaborar en un proceso de mejora continua que genere h\u00e1bitos sanos de seguridad y bienestar, para lograr un equilibrio entre su vida y el trabajo, y con ello obtener un mejor desempe\u00f1o en las actividades diarias.<\/p>\n\n\n\n<p>Guerra Mart\u00ednez expres\u00f3 que la indicaci\u00f3n de la secretaria de Salud, Alma Lilia Velasco Hern\u00e1ndez es que las y los trabajadores puedan desarrollar sus competencias y habilidades mediante herramientas innovadoras que permitan fomentar el autocuidado.<\/p>\n\n\n\n<p>Agreg\u00f3 que para lograr la certificaci\u00f3n se impartieron pl\u00e1ticas al personal sobre alimentaci\u00f3n saludable, el Plato del Buen Comer, la Jarra del Buen Beber, mediciones de talla y peso, toma de presi\u00f3n y glucosa, activaci\u00f3n f\u00edsica, entre otros.<\/p>\n\n\n\n<p>As\u00ed como convivencia y relaciones personales, el reacondicionamiento de \u00e1reas para procurar la seguridad de las personas trabajadoras, la recertificaci\u00f3n como Espacios Libres de Humo y Larvas, en donde se obtuvo el 95 por ciento del trabajo realizado.<\/p>\n\n\n\n<ul class=\"wp-block-list\">\n<li>0 &#8211;<\/li>\n<\/ul>\n\n\n\n<p><\/p>\n\n\n\n<p><\/p>\n","protected":false},"excerpt":{"rendered":"<p>\u2022 Certifican en esta estrategia al Centro de Salud de Zimatl\u00e1n de \u00c1lvarez de Servicios&#8230;<\/p>\n","protected":false},"author":4,"featured_media":29303,"comment_status":"","ping_status":"open","sticky":false,"template":"","format":"standard","meta":{"footnotes":""},"categories":[92],"tags":[],"jetpack_sharing_enabled":true,"featured_image_urls":{"full":["https:\/\/contextoanalisisperiodistico.com\/wp-content\/uploads\/2024\/07\/IMG-20240724-WA0050.jpg",1600,900,false],"thumbnail":["https:\/\/contextoanalisisperiodistico.com\/wp-content\/uploads\/2024\/07\/IMG-20240724-WA0050-150x150.jpg",150,150,true],"medium":["https:\/\/contextoanalisisperiodistico.com\/wp-content\/uploads\/2024\/07\/IMG-20240724-WA0050-300x169.jpg",300,169,true],"medium_large":["https:\/\/contextoanalisisperiodistico.com\/wp-content\/uploads\/2024\/07\/IMG-20240724-WA0050-768x432.jpg",640,360,true],"large":["https:\/\/contextoanalisisperiodistico.com\/wp-content\/uploads\/2024\/07\/IMG-20240724-WA0050-1024x576.jpg",640,360,true],"1536x1536":["https:\/\/contextoanalisisperiodistico.com\/wp-content\/uploads\/2024\/07\/IMG-20240724-WA0050-1536x864.jpg",1536,864,true],"2048x2048":["https:\/\/contextoanalisisperiodistico.com\/wp-content\/uploads\/2024\/07\/IMG-20240724-WA0050.jpg",1600,900,false],"covernews-slider-full":["https:\/\/contextoanalisisperiodistico.com\/wp-content\/uploads\/2024\/07\/IMG-20240724-WA0050-1115x715.jpg",1115,715,true],"covernews-slider-center":["https:\/\/contextoanalisisperiodistico.com\/wp-content\/uploads\/2024\/07\/IMG-20240724-WA0050-800x500.jpg",800,500,true],"covernews-featured":["https:\/\/contextoanalisisperiodistico.com\/wp-content\/uploads\/2024\/07\/IMG-20240724-WA0050-1024x576.jpg",1024,576,true],"covernews-medium":["https:\/\/contextoanalisisperiodistico.com\/wp-content\/uploads\/2024\/07\/IMG-20240724-WA0050-540x340.jpg",540,340,true],"covernews-medium-square":["https:\/\/contextoanalisisperiodistico.com\/wp-content\/uploads\/2024\/07\/IMG-20240724-WA0050-400x250.jpg",400,250,true]},"author_info":{"display_name":"Mario Gir\u00f3n","author_link":"https:\/\/contextoanalisisperiodistico.com\/index.php\/author\/director\/"},"category_info":"<a href=\"https:\/\/contextoanalisisperiodistico.com\/index.php\/category\/salud\/\" rel=\"category tag\">Salud<\/a>","tag_info":"Salud","comment_count":"0","jetpack_featured_media_url":"https:\/\/contextoanalisisperiodistico.com\/wp-content\/uploads\/2024\/07\/IMG-20240724-WA0050.jpg","_links":{"self":[{"href":"https:\/\/contextoanalisisperiodistico.com\/index.php\/wp-json\/wp\/v2\/posts\/29307"}],"collection":[{"href":"https:\/\/contextoanalisisperiodistico.com\/index.php\/wp-json\/wp\/v2\/posts"}],"about":[{"href":"https:\/\/contextoanalisisperiodistico.com\/index.php\/wp-json\/wp\/v2\/types\/post"}],"author":[{"embeddable":true,"href":"https:\/\/contextoanalisisperiodistico.com\/index.php\/wp-json\/wp\/v2\/users\/4"}],"replies":[{"embeddable":true,"href":"https:\/\/contextoanalisisperiodistico.com\/index.php\/wp-json\/wp\/v2\/comments?post=29307"}],"version-history":[{"count":0,"href":"https:\/\/contextoanalisisperiodistico.com\/index.php\/wp-json\/wp\/v2\/posts\/29307\/revisions"}],"wp:featuredmedia":[{"embeddable":true,"href":"https:\/\/contextoanalisisperiodistico.com\/index.php\/wp-json\/wp\/v2\/media\/29303"}],"wp:attachment":[{"href":"https:\/\/contextoanalisisperiodistico.com\/index.php\/wp-json\/wp\/v2\/media?parent=29307"}],"wp:term":[{"taxonomy":"category","embeddable":true,"href":"https:\/\/contextoanalisisperiodistico.com\/index.php\/wp-json\/wp\/v2\/categories?post=29307"},{"taxonomy":"post_tag","embeddable":true,"href":"https:\/\/contextoanalisisperiodistico.com\/index.php\/wp-json\/wp\/v2\/tags?post=29307"}],"curies":[{"name":"wp","href":"https:\/\/api.w.org\/{rel}","templated":true}]}}