{"id":29302,"date":"2024-07-23T18:55:45","date_gmt":"2024-07-24T00:55:45","guid":{"rendered":"https:\/\/contextoanalisisperiodistico.com\/index.php\/2024\/07\/23\/entrega-ieepo-reconocimientos-y-estimulos-economicos-a-personal-administrativo\/"},"modified":"2024-07-23T18:55:45","modified_gmt":"2024-07-24T00:55:45","slug":"entrega-ieepo-reconocimientos-y-estimulos-economicos-a-personal-administrativo","status":"publish","type":"post","link":"https:\/\/contextoanalisisperiodistico.com\/index.php\/2024\/07\/23\/entrega-ieepo-reconocimientos-y-estimulos-economicos-a-personal-administrativo\/","title":{"rendered":"Entrega IEEPO reconocimientos y est\u00edmulos econ\u00f3micos a personal administrativo"},"content":{"rendered":"<div id=\"fb-root\"><\/div>\n\n<p>\u2022 Del 23 al 26 de julio, se otorgan incentivos a mil 795 personas trabajadoras, con un monto superior a los 50 millones de pesos<\/p>\n\n\n\n<figure class=\"wp-block-image size-large\"><img fetchpriority=\"high\" decoding=\"async\" width=\"1024\" height=\"683\" src=\"https:\/\/contextoanalisisperiodistico.com\/wp-content\/uploads\/2024\/07\/img-20240723-wa01136739196840459921620-1024x683.jpg\" alt=\"\" class=\"wp-image-29299\" srcset=\"https:\/\/contextoanalisisperiodistico.com\/wp-content\/uploads\/2024\/07\/img-20240723-wa01136739196840459921620-1024x683.jpg 1024w, https:\/\/contextoanalisisperiodistico.com\/wp-content\/uploads\/2024\/07\/img-20240723-wa01136739196840459921620-300x200.jpg 300w, https:\/\/contextoanalisisperiodistico.com\/wp-content\/uploads\/2024\/07\/img-20240723-wa01136739196840459921620-768x512.jpg 768w, https:\/\/contextoanalisisperiodistico.com\/wp-content\/uploads\/2024\/07\/img-20240723-wa01136739196840459921620-1536x1024.jpg 1536w, https:\/\/contextoanalisisperiodistico.com\/wp-content\/uploads\/2024\/07\/img-20240723-wa01136739196840459921620.jpg 1600w\" sizes=\"(max-width: 1024px) 100vw, 1024px\" \/><\/figure>\n\n\n\n<figure class=\"wp-block-image\"><img decoding=\"async\" width=\"300\" height=\"185\" src=\"https:\/\/contextoanalisisperiodistico.com\/wp-content\/uploads\/2024\/07\/img-20240723-wa01111733032595798441121-300x185.jpg\" alt=\"\" class=\"wp-image-29298\" srcset=\"https:\/\/contextoanalisisperiodistico.com\/wp-content\/uploads\/2024\/07\/img-20240723-wa01111733032595798441121-300x185.jpg 300w, https:\/\/contextoanalisisperiodistico.com\/wp-content\/uploads\/2024\/07\/img-20240723-wa01111733032595798441121-768x474.jpg 768w, https:\/\/contextoanalisisperiodistico.com\/wp-content\/uploads\/2024\/07\/img-20240723-wa01111733032595798441121.jpg 914w\" sizes=\"(max-width: 300px) 100vw, 300px\" \/><\/figure>\n\n\n\n<figure class=\"wp-block-image\"><img decoding=\"async\" width=\"1024\" height=\"682\" src=\"https:\/\/contextoanalisisperiodistico.com\/wp-content\/uploads\/2024\/07\/img-20240723-wa01152678763679752531902-1024x682.jpg\" alt=\"\" class=\"wp-image-29301\" srcset=\"https:\/\/contextoanalisisperiodistico.com\/wp-content\/uploads\/2024\/07\/img-20240723-wa01152678763679752531902-1024x682.jpg 1024w, https:\/\/contextoanalisisperiodistico.com\/wp-content\/uploads\/2024\/07\/img-20240723-wa01152678763679752531902-300x200.jpg 300w, https:\/\/contextoanalisisperiodistico.com\/wp-content\/uploads\/2024\/07\/img-20240723-wa01152678763679752531902-768x512.jpg 768w, https:\/\/contextoanalisisperiodistico.com\/wp-content\/uploads\/2024\/07\/img-20240723-wa01152678763679752531902.jpg 1280w\" sizes=\"(max-width: 1024px) 100vw, 1024px\" \/><\/figure>\n\n\n\n<figure class=\"wp-block-image\"><img loading=\"lazy\" decoding=\"async\" width=\"1024\" height=\"683\" src=\"https:\/\/contextoanalisisperiodistico.com\/wp-content\/uploads\/2024\/07\/img-20240723-wa01144401764383197545610-1024x683.jpg\" alt=\"\" class=\"wp-image-29300\" srcset=\"https:\/\/contextoanalisisperiodistico.com\/wp-content\/uploads\/2024\/07\/img-20240723-wa01144401764383197545610-1024x683.jpg 1024w, https:\/\/contextoanalisisperiodistico.com\/wp-content\/uploads\/2024\/07\/img-20240723-wa01144401764383197545610-300x200.jpg 300w, https:\/\/contextoanalisisperiodistico.com\/wp-content\/uploads\/2024\/07\/img-20240723-wa01144401764383197545610-768x512.jpg 768w, https:\/\/contextoanalisisperiodistico.com\/wp-content\/uploads\/2024\/07\/img-20240723-wa01144401764383197545610-1536x1024.jpg 1536w, https:\/\/contextoanalisisperiodistico.com\/wp-content\/uploads\/2024\/07\/img-20240723-wa01144401764383197545610.jpg 1600w\" sizes=\"(max-width: 1024px) 100vw, 1024px\" \/><\/figure>\n\n\n\n<p>Oaxaca de Ju\u00e1rez, Oax. 23 de julio de 2024.- El Instituto Estatal de Educaci\u00f3n P\u00fablica de Oaxaca (IEEPO) a trav\u00e9s de las pagadur\u00edas en las regiones, inici\u00f3 la entrega de mil 795 reconocimientos y est\u00edmulos econ\u00f3micos a Personal de Apoyo y Asistencia a la Educaci\u00f3n (PAAE) con 45, 40, 35, 30, 25, 20, 15 y 10 a\u00f1os de servicio, como un incentivo a su trayectoria laboral.<\/p>\n\n\n\n<p>En una ceremonia simb\u00f3lica el director general del IEEPO Emilio Montero P\u00e9rez les felicit\u00f3 por su dedicaci\u00f3n, experiencia y profesionalismo que los convierte en un soporte fundamental para la instituci\u00f3n.<\/p>\n\n\n\n<p>Explic\u00f3 que en este proceso se ejercer\u00e1 un monto total de 50 millones 27 mil 808 pesos, asignados por el Gobierno Federal como parte de las prestaciones salariales a las que tiene derecho este nivel de trabajadoras y trabajadores, y se llevar\u00e1 a cabo hasta el 26 de julio, de acuerdo a un calendario establecido en conjunto con la dirigencia sindical.<\/p>\n\n\n\n<p>\u201cEl Gobernador Salom\u00f3n Jara Cruz ha instruido un nuevo esquema de gobierno y una relaci\u00f3n con el magisterio de no simulaci\u00f3n, ni de mentiras, sino de respeto y claridad\u201d, indic\u00f3 Montero P\u00e9rez.<\/p>\n\n\n\n<p>Cabe se\u00f1alar que los est\u00edmulos y reconocimientos se otorgan a quienes realizan funciones como auxiliares administrativos, secretarias, capturistas, intendentes, asistentes de servicio y oficiales de transporte, entre otros, por su esfuerzo y dedicaci\u00f3n en la labor educativa en la entidad.<\/p>\n\n\n\n<p>De acuerdo con el calendario establecido, el martes 23 correspondi\u00f3 la atenci\u00f3n a personal con 10 a\u00f1os de servicio; este mi\u00e9rcoles 24 a quienes cuentan con 15 y 20; el jueves 25 ser\u00e1n de 25 y 30; mientras que el viernes 26, de 35, 40 y 45.<\/p>\n\n\n\n<p>-0-<\/p>\n","protected":false},"excerpt":{"rendered":"<p>\u2022 Del 23 al 26 de julio, se otorgan incentivos a mil 795 personas trabajadoras,&#8230;<\/p>\n","protected":false},"author":4,"featured_media":29297,"comment_status":"","ping_status":"open","sticky":false,"template":"","format":"standard","meta":{"footnotes":""},"categories":[9],"tags":[],"jetpack_sharing_enabled":true,"featured_image_urls":{"full":["https:\/\/contextoanalisisperiodistico.com\/wp-content\/uploads\/2024\/07\/IMG-20240723-WA0112.jpg",1600,1067,false],"thumbnail":["https:\/\/contextoanalisisperiodistico.com\/wp-content\/uploads\/2024\/07\/IMG-20240723-WA0112-150x150.jpg",150,150,true],"medium":["https:\/\/contextoanalisisperiodistico.com\/wp-content\/uploads\/2024\/07\/IMG-20240723-WA0112-300x200.jpg",300,200,true],"medium_large":["https:\/\/contextoanalisisperiodistico.com\/wp-content\/uploads\/2024\/07\/IMG-20240723-WA0112-768x512.jpg",640,427,true],"large":["https:\/\/contextoanalisisperiodistico.com\/wp-content\/uploads\/2024\/07\/IMG-20240723-WA0112-1024x683.jpg",640,427,true],"1536x1536":["https:\/\/contextoanalisisperiodistico.com\/wp-content\/uploads\/2024\/07\/IMG-20240723-WA0112-1536x1024.jpg",1536,1024,true],"2048x2048":["https:\/\/contextoanalisisperiodistico.com\/wp-content\/uploads\/2024\/07\/IMG-20240723-WA0112.jpg",1600,1067,false],"covernews-slider-full":["https:\/\/contextoanalisisperiodistico.com\/wp-content\/uploads\/2024\/07\/IMG-20240723-WA0112-1115x715.jpg",1115,715,true],"covernews-slider-center":["https:\/\/contextoanalisisperiodistico.com\/wp-content\/uploads\/2024\/07\/IMG-20240723-WA0112-800x500.jpg",800,500,true],"covernews-featured":["https:\/\/contextoanalisisperiodistico.com\/wp-content\/uploads\/2024\/07\/IMG-20240723-WA0112-1024x683.jpg",1024,683,true],"covernews-medium":["https:\/\/contextoanalisisperiodistico.com\/wp-content\/uploads\/2024\/07\/IMG-20240723-WA0112-540x340.jpg",540,340,true],"covernews-medium-square":["https:\/\/contextoanalisisperiodistico.com\/wp-content\/uploads\/2024\/07\/IMG-20240723-WA0112-400x250.jpg",400,250,true]},"author_info":{"display_name":"Mario Gir\u00f3n","author_link":"https:\/\/contextoanalisisperiodistico.com\/index.php\/author\/director\/"},"category_info":"<a href=\"https:\/\/contextoanalisisperiodistico.com\/index.php\/category\/politica\/\" rel=\"category tag\">Pol\u00edtica<\/a>","tag_info":"Pol\u00edtica","comment_count":"0","jetpack_featured_media_url":"https:\/\/contextoanalisisperiodistico.com\/wp-content\/uploads\/2024\/07\/IMG-20240723-WA0112.jpg","_links":{"self":[{"href":"https:\/\/contextoanalisisperiodistico.com\/index.php\/wp-json\/wp\/v2\/posts\/29302"}],"collection":[{"href":"https:\/\/contextoanalisisperiodistico.com\/index.php\/wp-json\/wp\/v2\/posts"}],"about":[{"href":"https:\/\/contextoanalisisperiodistico.com\/index.php\/wp-json\/wp\/v2\/types\/post"}],"author":[{"embeddable":true,"href":"https:\/\/contextoanalisisperiodistico.com\/index.php\/wp-json\/wp\/v2\/users\/4"}],"replies":[{"embeddable":true,"href":"https:\/\/contextoanalisisperiodistico.com\/index.php\/wp-json\/wp\/v2\/comments?post=29302"}],"version-history":[{"count":0,"href":"https:\/\/contextoanalisisperiodistico.com\/index.php\/wp-json\/wp\/v2\/posts\/29302\/revisions"}],"wp:featuredmedia":[{"embeddable":true,"href":"https:\/\/contextoanalisisperiodistico.com\/index.php\/wp-json\/wp\/v2\/media\/29297"}],"wp:attachment":[{"href":"https:\/\/contextoanalisisperiodistico.com\/index.php\/wp-json\/wp\/v2\/media?parent=29302"}],"wp:term":[{"taxonomy":"category","embeddable":true,"href":"https:\/\/contextoanalisisperiodistico.com\/index.php\/wp-json\/wp\/v2\/categories?post=29302"},{"taxonomy":"post_tag","embeddable":true,"href":"https:\/\/contextoanalisisperiodistico.com\/index.php\/wp-json\/wp\/v2\/tags?post=29302"}],"curies":[{"name":"wp","href":"https:\/\/api.w.org\/{rel}","templated":true}]}}