{"id":29296,"date":"2024-07-23T18:50:38","date_gmt":"2024-07-24T00:50:38","guid":{"rendered":"https:\/\/contextoanalisisperiodistico.com\/index.php\/2024\/07\/23\/inicia-la-gran-fiesta-del-mezcal-2024-en-santiago-matatlan\/"},"modified":"2024-07-23T18:50:38","modified_gmt":"2024-07-24T00:50:38","slug":"inicia-la-gran-fiesta-del-mezcal-2024-en-santiago-matatlan","status":"publish","type":"post","link":"https:\/\/contextoanalisisperiodistico.com\/index.php\/2024\/07\/23\/inicia-la-gran-fiesta-del-mezcal-2024-en-santiago-matatlan\/","title":{"rendered":"Inicia la Gran Fiesta del Mezcal 2024 en Santiago Matatl\u00e1n"},"content":{"rendered":"<div id=\"fb-root\"><\/div>\n\n<p>\u2022 El titular de la Gubernatura, Salom\u00f3n Jara Cruz instruy\u00f3 reforzar la promoci\u00f3n de esta actividad<\/p>\n\n\n\n<figure class=\"wp-block-image size-large\"><img fetchpriority=\"high\" decoding=\"async\" width=\"1024\" height=\"682\" src=\"https:\/\/contextoanalisisperiodistico.com\/wp-content\/uploads\/2024\/07\/img-20240723-wa00792083772404553542495-1024x682.jpg\" alt=\"\" class=\"wp-image-29292\" srcset=\"https:\/\/contextoanalisisperiodistico.com\/wp-content\/uploads\/2024\/07\/img-20240723-wa00792083772404553542495-1024x682.jpg 1024w, https:\/\/contextoanalisisperiodistico.com\/wp-content\/uploads\/2024\/07\/img-20240723-wa00792083772404553542495-300x200.jpg 300w, https:\/\/contextoanalisisperiodistico.com\/wp-content\/uploads\/2024\/07\/img-20240723-wa00792083772404553542495-768x512.jpg 768w, https:\/\/contextoanalisisperiodistico.com\/wp-content\/uploads\/2024\/07\/img-20240723-wa00792083772404553542495-1536x1023.jpg 1536w, https:\/\/contextoanalisisperiodistico.com\/wp-content\/uploads\/2024\/07\/img-20240723-wa00792083772404553542495.jpg 1600w\" sizes=\"(max-width: 1024px) 100vw, 1024px\" \/><\/figure>\n\n\n\n<figure class=\"wp-block-image\"><img decoding=\"async\" width=\"1024\" height=\"682\" src=\"https:\/\/contextoanalisisperiodistico.com\/wp-content\/uploads\/2024\/07\/img-20240723-wa00802948263448104671514-1024x682.jpg\" alt=\"\" class=\"wp-image-29291\" srcset=\"https:\/\/contextoanalisisperiodistico.com\/wp-content\/uploads\/2024\/07\/img-20240723-wa00802948263448104671514-1024x682.jpg 1024w, https:\/\/contextoanalisisperiodistico.com\/wp-content\/uploads\/2024\/07\/img-20240723-wa00802948263448104671514-300x200.jpg 300w, https:\/\/contextoanalisisperiodistico.com\/wp-content\/uploads\/2024\/07\/img-20240723-wa00802948263448104671514-768x512.jpg 768w, https:\/\/contextoanalisisperiodistico.com\/wp-content\/uploads\/2024\/07\/img-20240723-wa00802948263448104671514-1536x1023.jpg 1536w, https:\/\/contextoanalisisperiodistico.com\/wp-content\/uploads\/2024\/07\/img-20240723-wa00802948263448104671514.jpg 1600w\" sizes=\"(max-width: 1024px) 100vw, 1024px\" \/><\/figure>\n\n\n\n<figure class=\"wp-block-image\"><img decoding=\"async\" width=\"1024\" height=\"682\" src=\"https:\/\/contextoanalisisperiodistico.com\/wp-content\/uploads\/2024\/07\/img-20240723-wa00837853554928344367188-1024x682.jpg\" alt=\"\" class=\"wp-image-29294\" srcset=\"https:\/\/contextoanalisisperiodistico.com\/wp-content\/uploads\/2024\/07\/img-20240723-wa00837853554928344367188-1024x682.jpg 1024w, https:\/\/contextoanalisisperiodistico.com\/wp-content\/uploads\/2024\/07\/img-20240723-wa00837853554928344367188-300x200.jpg 300w, https:\/\/contextoanalisisperiodistico.com\/wp-content\/uploads\/2024\/07\/img-20240723-wa00837853554928344367188-768x512.jpg 768w, https:\/\/contextoanalisisperiodistico.com\/wp-content\/uploads\/2024\/07\/img-20240723-wa00837853554928344367188-1536x1023.jpg 1536w, https:\/\/contextoanalisisperiodistico.com\/wp-content\/uploads\/2024\/07\/img-20240723-wa00837853554928344367188.jpg 1600w\" sizes=\"(max-width: 1024px) 100vw, 1024px\" \/><\/figure>\n\n\n\n<figure class=\"wp-block-image\"><img loading=\"lazy\" decoding=\"async\" width=\"1024\" height=\"682\" src=\"https:\/\/contextoanalisisperiodistico.com\/wp-content\/uploads\/2024\/07\/img-20240723-wa00822230033842996921930-1024x682.jpg\" alt=\"\" class=\"wp-image-29293\" srcset=\"https:\/\/contextoanalisisperiodistico.com\/wp-content\/uploads\/2024\/07\/img-20240723-wa00822230033842996921930-1024x682.jpg 1024w, https:\/\/contextoanalisisperiodistico.com\/wp-content\/uploads\/2024\/07\/img-20240723-wa00822230033842996921930-300x200.jpg 300w, https:\/\/contextoanalisisperiodistico.com\/wp-content\/uploads\/2024\/07\/img-20240723-wa00822230033842996921930-768x512.jpg 768w, https:\/\/contextoanalisisperiodistico.com\/wp-content\/uploads\/2024\/07\/img-20240723-wa00822230033842996921930-1536x1023.jpg 1536w, https:\/\/contextoanalisisperiodistico.com\/wp-content\/uploads\/2024\/07\/img-20240723-wa00822230033842996921930.jpg 1600w\" sizes=\"(max-width: 1024px) 100vw, 1024px\" \/><\/figure>\n\n\n\n<figure class=\"wp-block-image\"><img loading=\"lazy\" decoding=\"async\" width=\"1024\" height=\"682\" src=\"https:\/\/contextoanalisisperiodistico.com\/wp-content\/uploads\/2024\/07\/img-20240723-wa00848995548937987181606-1024x682.jpg\" alt=\"\" class=\"wp-image-29295\" srcset=\"https:\/\/contextoanalisisperiodistico.com\/wp-content\/uploads\/2024\/07\/img-20240723-wa00848995548937987181606-1024x682.jpg 1024w, https:\/\/contextoanalisisperiodistico.com\/wp-content\/uploads\/2024\/07\/img-20240723-wa00848995548937987181606-300x200.jpg 300w, https:\/\/contextoanalisisperiodistico.com\/wp-content\/uploads\/2024\/07\/img-20240723-wa00848995548937987181606-768x512.jpg 768w, https:\/\/contextoanalisisperiodistico.com\/wp-content\/uploads\/2024\/07\/img-20240723-wa00848995548937987181606-1536x1023.jpg 1536w, https:\/\/contextoanalisisperiodistico.com\/wp-content\/uploads\/2024\/07\/img-20240723-wa00848995548937987181606.jpg 1600w\" sizes=\"(max-width: 1024px) 100vw, 1024px\" \/><\/figure>\n\n\n\n<p>Oaxaca de Ju\u00e1rez, Oax. 23 de julio de 2024.- El Gobernador de Oaxaca Salom\u00f3n Jara Cruz, presenci\u00f3 como testigo de honor la inauguraci\u00f3n de la tercera edici\u00f3n de la Gran Fiesta del Mezcal en el municipio de Santiago Matatl\u00e1n.<\/p>\n\n\n\n<p>Ante las personas asistentes a este evento, destac\u00f3 su alegr\u00eda por estar en la tierra considerada como cuna del mezcal, un producto ic\u00f3nico de Oaxaca, y que hoy en d\u00eda se encuentra en boga alrededor del mundo, dando visibilidad internacional a la entidad.<\/p>\n\n\n\n<p>Destac\u00f3 lo importante de promocionar al dorado elixir por lo que instruy\u00f3 a las instancias respectivas realizar acciones de impulso y contemplar a esta fiesta de Santiago Matatl\u00e1n en todas las actividades culturales y tur\u00edsticas.<\/p>\n\n\n\n<p>La representante de la Diosa Cent\u00e9otl 2024, Juana Hern\u00e1ndez L\u00f3pez invit\u00f3 a degustar del mezcal con moderaci\u00f3n y acompa\u00f1arlo con la vasta gastronom\u00eda del territorio oaxaque\u00f1o.<\/p>\n\n\n\n<p>La titular de la Secretar\u00eda de Turismo (Sectur) Saymi Pineda Velasco se\u00f1al\u00f3 que ser\u00e1 atendida la instrucci\u00f3n del Mandatario estatal para reforzar la difusi\u00f3n de este evento, aunado al reconocimiento de las y los maestros mezcaleros, y as\u00ed la venta de este preciado producto genere bienestar y desarrollo a su poblaci\u00f3n.<\/p>\n\n\n\n<p>Tambi\u00e9n estuvieron las personas titulares de las secretar\u00edas de Interculturalidad, Pueblos y Comunidades Ind\u00edgenas y Aformexicanas (SIPCIA), de las Culturas y Artes (Seculta) y de Desarrollo Econ\u00f3mico (Sedeco), e integrantes del Comit\u00e9 Intersecretarial.<\/p>\n\n\n\n<p>La exhibici\u00f3n estar\u00e1 abierta al p\u00fablico desde este martes 23 al 27 de julio, a partir de las 11:00 horas hasta que el \u00faltimo evento del d\u00eda concluya. Aunado a esto, hay una amplia cartelera de actividades que se puede consultar en la p\u00e1gina de facebook o Instagram oficial del evento: La Gran Fiesta del Mezcal.<\/p>\n\n\n\n<p>-0-<\/p>\n","protected":false},"excerpt":{"rendered":"<p>\u2022 El titular de la Gubernatura, Salom\u00f3n Jara Cruz instruy\u00f3 reforzar la promoci\u00f3n de esta&#8230;<\/p>\n","protected":false},"author":4,"featured_media":29290,"comment_status":"","ping_status":"open","sticky":false,"template":"","format":"standard","meta":{"footnotes":""},"categories":[9],"tags":[],"jetpack_sharing_enabled":true,"featured_image_urls":{"full":["https:\/\/contextoanalisisperiodistico.com\/wp-content\/uploads\/2024\/07\/IMG-20240723-WA0081.jpg",1600,1066,false],"thumbnail":["https:\/\/contextoanalisisperiodistico.com\/wp-content\/uploads\/2024\/07\/IMG-20240723-WA0081-150x150.jpg",150,150,true],"medium":["https:\/\/contextoanalisisperiodistico.com\/wp-content\/uploads\/2024\/07\/IMG-20240723-WA0081-300x200.jpg",300,200,true],"medium_large":["https:\/\/contextoanalisisperiodistico.com\/wp-content\/uploads\/2024\/07\/IMG-20240723-WA0081-768x512.jpg",640,427,true],"large":["https:\/\/contextoanalisisperiodistico.com\/wp-content\/uploads\/2024\/07\/IMG-20240723-WA0081-1024x682.jpg",640,426,true],"1536x1536":["https:\/\/contextoanalisisperiodistico.com\/wp-content\/uploads\/2024\/07\/IMG-20240723-WA0081-1536x1023.jpg",1536,1023,true],"2048x2048":["https:\/\/contextoanalisisperiodistico.com\/wp-content\/uploads\/2024\/07\/IMG-20240723-WA0081.jpg",1600,1066,false],"covernews-slider-full":["https:\/\/contextoanalisisperiodistico.com\/wp-content\/uploads\/2024\/07\/IMG-20240723-WA0081-1115x715.jpg",1115,715,true],"covernews-slider-center":["https:\/\/contextoanalisisperiodistico.com\/wp-content\/uploads\/2024\/07\/IMG-20240723-WA0081-800x500.jpg",800,500,true],"covernews-featured":["https:\/\/contextoanalisisperiodistico.com\/wp-content\/uploads\/2024\/07\/IMG-20240723-WA0081-1024x682.jpg",1024,682,true],"covernews-medium":["https:\/\/contextoanalisisperiodistico.com\/wp-content\/uploads\/2024\/07\/IMG-20240723-WA0081-540x340.jpg",540,340,true],"covernews-medium-square":["https:\/\/contextoanalisisperiodistico.com\/wp-content\/uploads\/2024\/07\/IMG-20240723-WA0081-400x250.jpg",400,250,true]},"author_info":{"display_name":"Mario Gir\u00f3n","author_link":"https:\/\/contextoanalisisperiodistico.com\/index.php\/author\/director\/"},"category_info":"<a href=\"https:\/\/contextoanalisisperiodistico.com\/index.php\/category\/politica\/\" rel=\"category tag\">Pol\u00edtica<\/a>","tag_info":"Pol\u00edtica","comment_count":"0","jetpack_featured_media_url":"https:\/\/contextoanalisisperiodistico.com\/wp-content\/uploads\/2024\/07\/IMG-20240723-WA0081.jpg","_links":{"self":[{"href":"https:\/\/contextoanalisisperiodistico.com\/index.php\/wp-json\/wp\/v2\/posts\/29296"}],"collection":[{"href":"https:\/\/contextoanalisisperiodistico.com\/index.php\/wp-json\/wp\/v2\/posts"}],"about":[{"href":"https:\/\/contextoanalisisperiodistico.com\/index.php\/wp-json\/wp\/v2\/types\/post"}],"author":[{"embeddable":true,"href":"https:\/\/contextoanalisisperiodistico.com\/index.php\/wp-json\/wp\/v2\/users\/4"}],"replies":[{"embeddable":true,"href":"https:\/\/contextoanalisisperiodistico.com\/index.php\/wp-json\/wp\/v2\/comments?post=29296"}],"version-history":[{"count":0,"href":"https:\/\/contextoanalisisperiodistico.com\/index.php\/wp-json\/wp\/v2\/posts\/29296\/revisions"}],"wp:featuredmedia":[{"embeddable":true,"href":"https:\/\/contextoanalisisperiodistico.com\/index.php\/wp-json\/wp\/v2\/media\/29290"}],"wp:attachment":[{"href":"https:\/\/contextoanalisisperiodistico.com\/index.php\/wp-json\/wp\/v2\/media?parent=29296"}],"wp:term":[{"taxonomy":"category","embeddable":true,"href":"https:\/\/contextoanalisisperiodistico.com\/index.php\/wp-json\/wp\/v2\/categories?post=29296"},{"taxonomy":"post_tag","embeddable":true,"href":"https:\/\/contextoanalisisperiodistico.com\/index.php\/wp-json\/wp\/v2\/tags?post=29296"}],"curies":[{"name":"wp","href":"https:\/\/api.w.org\/{rel}","templated":true}]}}