{"id":29289,"date":"2024-07-23T16:02:27","date_gmt":"2024-07-23T22:02:27","guid":{"rendered":"https:\/\/contextoanalisisperiodistico.com\/index.php\/2024\/07\/23\/estabilizan-casos-de-dengue-en-valles-centrales\/"},"modified":"2024-07-23T16:02:27","modified_gmt":"2024-07-23T22:02:27","slug":"estabilizan-casos-de-dengue-en-valles-centrales","status":"publish","type":"post","link":"https:\/\/contextoanalisisperiodistico.com\/index.php\/2024\/07\/23\/estabilizan-casos-de-dengue-en-valles-centrales\/","title":{"rendered":"Estabilizan casos de Dengue en Valles Centrales"},"content":{"rendered":"<div id=\"fb-root\"><\/div>\n\n<p>\u2022 Exhortan a las autoridades municipales y poblaci\u00f3n de Tlalixtac de Cabrera, Guadalupe Etla y Cuil\u00e1pam de Guerrero a sumarse a la campa\u00f1a de Oaxaca Unida Contra el Dengue<\/p>\n\n\n\n<p>Oaxaca de Ju\u00e1rez, Oax. 23 de julio de 2024.- A lo largo de cuatro semanas intensas de acciones de prevenci\u00f3n y control del zancudo transmisor del dengue, ha comenzado a estabilizarse la tasa de incidencia de la enfermedad en la Jurisdicci\u00f3n Sanitaria 1 Valles Centrales, inform\u00f3 Servicios de Salud de Oaxaca (SSO).<\/p>\n\n\n\n<p>Durante la conferencia de prensa del Gobernador del Estado Salom\u00f3n Jara Cruz, el director de Prevenci\u00f3n y Promoci\u00f3n de la Salud, Ignacio Z\u00e1rate Blas, se\u00f1al\u00f3 que en la \u00faltima semana epidemiol\u00f3gica n\u00famero 28 se reportaron 122 casos nuevos, lo que representa una disminuci\u00f3n del 200 por ciento en comparaci\u00f3n con el corte anterior.<\/p>\n\n\n\n<p>Indic\u00f3, tambi\u00e9n, que a la fecha se trabajaron 28 municipios con acciones de control larvario, con un total de 78 ayuntamientos acumulados, con 103 mil 190 viviendas visitadas y 223 mil 34 criaderos eliminados.<\/p>\n\n\n\n<p>Asegur\u00f3 que este 23 de julio del presente a\u00f1o se cerr\u00f3 el segundo ciclo de nebulizaciones en 25 municipios prioritarios cubriendo 59 localidades, con un global de m\u00e1s de 10 mil hect\u00e1reas trabajadas, gracias a 21 equipos de fumigaci\u00f3n que diariamente acerca este servicio a las colonias con el mayor n\u00famero de casos.<\/p>\n\n\n\n<p>Respecto a las acciones de rociado espacial se llevaron a cabo en 61 localidades de 28 municipios, \u201chemos sumado esfuerzos para el incremento de las acciones, sin embargo, la prioridad es fortalecer la estrategia de patio limpio, apost\u00e1ndole al control biol\u00f3gico que es la soluci\u00f3n al tema de dengue, lo que nos va a permitir no generar la reproducci\u00f3n del zancudo, puesto que sin zancudo no hay dengue\u201d, dijo.<\/p>\n\n\n\n<p>En este sentido, exhort\u00f3 a las autoridades municipales y poblaci\u00f3n de Tlalixtac de Cabrera, Guadalupe Etla y Cuil\u00e1pam de Guerrero, para que se sumen a la campa\u00f1a Oaxaca Unida Contra el Dengue, con acciones de control larvario \u00f3ptimo en las viviendas y posteriormente poder programar la aplicaci\u00f3n de insecticidas con m\u00e1quinas especiales enfocadas a la nebulizaci\u00f3n, para eliminar a los moscos adultos.<\/p>\n\n\n\n<p>Para lograr que los casos de dengue disminuyan es necesaria la participaci\u00f3n activa de la poblaci\u00f3n, quienes deben evitar tener agua estancada en sus hogares siguiendo la estrategia lava, tapa, voltea y tira, as\u00ed como utilizar protecci\u00f3n en el hogar como mosquiteros en puertas y ventanas, mantener patios y jardines limpios, as\u00ed como aplicar repelente contra insectos cada cuatro horas.<br \/>-0-<\/p>\n\n\n\n<p><\/p>\n","protected":false},"excerpt":{"rendered":"<p>\u2022 Exhortan a las autoridades municipales y poblaci\u00f3n de Tlalixtac de Cabrera, Guadalupe Etla y&#8230;<\/p>\n","protected":false},"author":4,"featured_media":29288,"comment_status":"","ping_status":"open","sticky":false,"template":"","format":"standard","meta":{"footnotes":""},"categories":[9],"tags":[],"jetpack_sharing_enabled":true,"featured_image_urls":{"full":["https:\/\/contextoanalisisperiodistico.com\/wp-content\/uploads\/2024\/07\/IMG-20240723-WA0063.jpg",1024,1024,false],"thumbnail":["https:\/\/contextoanalisisperiodistico.com\/wp-content\/uploads\/2024\/07\/IMG-20240723-WA0063-150x150.jpg",150,150,true],"medium":["https:\/\/contextoanalisisperiodistico.com\/wp-content\/uploads\/2024\/07\/IMG-20240723-WA0063-300x300.jpg",300,300,true],"medium_large":["https:\/\/contextoanalisisperiodistico.com\/wp-content\/uploads\/2024\/07\/IMG-20240723-WA0063-768x768.jpg",640,640,true],"large":["https:\/\/contextoanalisisperiodistico.com\/wp-content\/uploads\/2024\/07\/IMG-20240723-WA0063.jpg",640,640,false],"1536x1536":["https:\/\/contextoanalisisperiodistico.com\/wp-content\/uploads\/2024\/07\/IMG-20240723-WA0063.jpg",1024,1024,false],"2048x2048":["https:\/\/contextoanalisisperiodistico.com\/wp-content\/uploads\/2024\/07\/IMG-20240723-WA0063.jpg",1024,1024,false],"covernews-slider-full":["https:\/\/contextoanalisisperiodistico.com\/wp-content\/uploads\/2024\/07\/IMG-20240723-WA0063-1024x715.jpg",1024,715,true],"covernews-slider-center":["https:\/\/contextoanalisisperiodistico.com\/wp-content\/uploads\/2024\/07\/IMG-20240723-WA0063-800x500.jpg",800,500,true],"covernews-featured":["https:\/\/contextoanalisisperiodistico.com\/wp-content\/uploads\/2024\/07\/IMG-20240723-WA0063.jpg",1024,1024,false],"covernews-medium":["https:\/\/contextoanalisisperiodistico.com\/wp-content\/uploads\/2024\/07\/IMG-20240723-WA0063-540x340.jpg",540,340,true],"covernews-medium-square":["https:\/\/contextoanalisisperiodistico.com\/wp-content\/uploads\/2024\/07\/IMG-20240723-WA0063-400x250.jpg",400,250,true]},"author_info":{"display_name":"Mario Gir\u00f3n","author_link":"https:\/\/contextoanalisisperiodistico.com\/index.php\/author\/director\/"},"category_info":"<a href=\"https:\/\/contextoanalisisperiodistico.com\/index.php\/category\/politica\/\" rel=\"category tag\">Pol\u00edtica<\/a>","tag_info":"Pol\u00edtica","comment_count":"0","jetpack_featured_media_url":"https:\/\/contextoanalisisperiodistico.com\/wp-content\/uploads\/2024\/07\/IMG-20240723-WA0063.jpg","_links":{"self":[{"href":"https:\/\/contextoanalisisperiodistico.com\/index.php\/wp-json\/wp\/v2\/posts\/29289"}],"collection":[{"href":"https:\/\/contextoanalisisperiodistico.com\/index.php\/wp-json\/wp\/v2\/posts"}],"about":[{"href":"https:\/\/contextoanalisisperiodistico.com\/index.php\/wp-json\/wp\/v2\/types\/post"}],"author":[{"embeddable":true,"href":"https:\/\/contextoanalisisperiodistico.com\/index.php\/wp-json\/wp\/v2\/users\/4"}],"replies":[{"embeddable":true,"href":"https:\/\/contextoanalisisperiodistico.com\/index.php\/wp-json\/wp\/v2\/comments?post=29289"}],"version-history":[{"count":0,"href":"https:\/\/contextoanalisisperiodistico.com\/index.php\/wp-json\/wp\/v2\/posts\/29289\/revisions"}],"wp:featuredmedia":[{"embeddable":true,"href":"https:\/\/contextoanalisisperiodistico.com\/index.php\/wp-json\/wp\/v2\/media\/29288"}],"wp:attachment":[{"href":"https:\/\/contextoanalisisperiodistico.com\/index.php\/wp-json\/wp\/v2\/media?parent=29289"}],"wp:term":[{"taxonomy":"category","embeddable":true,"href":"https:\/\/contextoanalisisperiodistico.com\/index.php\/wp-json\/wp\/v2\/categories?post=29289"},{"taxonomy":"post_tag","embeddable":true,"href":"https:\/\/contextoanalisisperiodistico.com\/index.php\/wp-json\/wp\/v2\/tags?post=29289"}],"curies":[{"name":"wp","href":"https:\/\/api.w.org\/{rel}","templated":true}]}}