{"id":29287,"date":"2024-07-23T15:54:12","date_gmt":"2024-07-23T21:54:12","guid":{"rendered":"https:\/\/contextoanalisisperiodistico.com\/index.php\/2024\/07\/23\/ayuntamiento-capitalino-rehabilita-jardin-san-pablo\/"},"modified":"2024-07-23T15:54:12","modified_gmt":"2024-07-23T21:54:12","slug":"ayuntamiento-capitalino-rehabilita-jardin-san-pablo","status":"publish","type":"post","link":"https:\/\/contextoanalisisperiodistico.com\/index.php\/2024\/07\/23\/ayuntamiento-capitalino-rehabilita-jardin-san-pablo\/","title":{"rendered":"Ayuntamiento capitalino rehabilita Jard\u00edn San Pablo"},"content":{"rendered":"<div id=\"fb-root\"><\/div>\n\n<p>&#8211; Ser\u00e1 destinado para promover el gusto por la lectura entre ni\u00f1as, ni\u00f1os, adolescentes y personas adultas<\/p>\n\n\n\n<p>Oaxaca de Ju\u00e1rez, Oaxaca, 23 de julio de 2024.- \u201cSigamos haciendo de esta ciudad un espacio de aprendizaje cotidiano, eso es lo que nos hemos postulado cuando hemos dicho -queremos una Ciudad Educadora-\u201c, resalt\u00f3 el Presidente Municipal, Francisco Mart\u00ednez Neri al hacer la entrega de los trabajos de rehabilitaci\u00f3n del Jard\u00edn San Pablo.&nbsp;<\/p>\n\n\n\n<p>En ese contexto, acompa\u00f1ado de la regidora de Seguridad Ciudadana y Movilidad y de Agencias y Colonias, Claudia Tapia Nolasco y la asistencia de 5 clubes de ajedrez Bienestar, el edil capitalino anunci\u00f3 que el espacio intervenido en alianza con Tiendas OXXO, ser\u00e1 destinado para promover el gusto por la lectura entre ni\u00f1as, ni\u00f1os, adolescentes y personas adultas.&nbsp;<\/p>\n\n\n\n<p>Junto a titulares de las Secretar\u00edas de Desarrollo Econ\u00f3mico; Medio Ambiente y Cambio Clim\u00e1tico; de Obras P\u00fablicas y Desarrollo Urbano, Mart\u00ednez Neri resalt\u00f3 el compromiso de la cadena de tiendas a nivel nacional por mantener una comuni\u00f3n con las instancias del gobierno municipal y coadyuvar en mejoras que generan beneficios directos a la ciudadan\u00eda.&nbsp;<\/p>\n\n\n\n<p>\u201cEste esfuerzo viene de una vocaci\u00f3n de las organizaciones comerciales, en este caso particular de OXXO, que debieran de tener siempre; no es usual encontrar propuestas de empresas de este nivel que procuren acciones de beneficio social\u201d, subray\u00f3 el Primer Concejal.&nbsp;&nbsp;<\/p>\n\n\n\n<p>Por su parte, el secretario de Desarrollo Econ\u00f3mico del Municipio de Oaxaca de Ju\u00e1rez, Jos\u00e9 Manuel V\u00e1squez C\u00f3rdoba, destac\u00f3 la solidaridad, trabajo y apoyo otorgado por las y los representantes de Tiendas OXXO en Oaxaca para concluir con los trabajos de mantenimiento en tiempo y forma.&nbsp;<\/p>\n\n\n\n<p>\u201cFueron muy oportunos los trabajos que se iban realizando para la rehabilitaci\u00f3n de este espacio, as\u00ed como los compromisos que se asumieron para concluirlos en este espacio tan emblem\u00e1tico de la ciudad\u201d, indic\u00f3 Jos\u00e9 Manuel V\u00e1squez con la asistencia de la Gerente de Tiendas OXXO Plaza Oaxaca, Azucena del Carmen Carrasco Mart\u00ednez.&nbsp;<\/p>\n\n\n\n<p>Las obras de rehabilitaci\u00f3n del Jard\u00edn San Pablo incluyen la adecuaci\u00f3n de jardineras, plantaci\u00f3n de \u00e1rboles y otros ejemplares vegetales, a fin de mantener \u00e1reas verdes en buenas condiciones para el disfrute de la comunidad.&nbsp;<\/p>\n\n\n\n<p>Al evento asisti\u00f3 Tonatihu G\u00f3mez S\u00e1nchez, jefe de Grupo de Scouts de M\u00e9xico, agrupaci\u00f3n que ser\u00e1 vigilante del uso adecuado del jard\u00edn. Los 5 clubes de ajedrez Bienestar que asistieron son: Lobos de la agencia de Dolores; Dragones Rojos de San Luis Beltr\u00e1n; B\u00fahos del Ejido Guadalupe Victoria; Leones de Donaj\u00ed y, Tiburones de Candiani.<\/p>\n\n\n\n<figure class=\"wp-block-image size-large\"><img fetchpriority=\"high\" decoding=\"async\" width=\"1024\" height=\"682\" src=\"https:\/\/contextoanalisisperiodistico.com\/wp-content\/uploads\/2024\/07\/fotoboletin23-07-202428429909614816021840021-1024x682.jpg\" alt=\"\" class=\"wp-image-29284\" srcset=\"https:\/\/contextoanalisisperiodistico.com\/wp-content\/uploads\/2024\/07\/fotoboletin23-07-202428429909614816021840021-1024x682.jpg 1024w, https:\/\/contextoanalisisperiodistico.com\/wp-content\/uploads\/2024\/07\/fotoboletin23-07-202428429909614816021840021-300x200.jpg 300w, https:\/\/contextoanalisisperiodistico.com\/wp-content\/uploads\/2024\/07\/fotoboletin23-07-202428429909614816021840021-768x512.jpg 768w, https:\/\/contextoanalisisperiodistico.com\/wp-content\/uploads\/2024\/07\/fotoboletin23-07-202428429909614816021840021-1536x1023.jpg 1536w, https:\/\/contextoanalisisperiodistico.com\/wp-content\/uploads\/2024\/07\/fotoboletin23-07-202428429909614816021840021.jpg 1600w\" sizes=\"(max-width: 1024px) 100vw, 1024px\" \/><\/figure>\n\n\n\n<figure class=\"wp-block-image\"><img decoding=\"async\" width=\"1024\" height=\"682\" src=\"https:\/\/contextoanalisisperiodistico.com\/wp-content\/uploads\/2024\/07\/whatsappimage2024-07-23at37840986926638937126-1024x682.jpg\" alt=\"\" class=\"wp-image-29286\" srcset=\"https:\/\/contextoanalisisperiodistico.com\/wp-content\/uploads\/2024\/07\/whatsappimage2024-07-23at37840986926638937126-1024x682.jpg 1024w, https:\/\/contextoanalisisperiodistico.com\/wp-content\/uploads\/2024\/07\/whatsappimage2024-07-23at37840986926638937126-300x200.jpg 300w, https:\/\/contextoanalisisperiodistico.com\/wp-content\/uploads\/2024\/07\/whatsappimage2024-07-23at37840986926638937126-768x512.jpg 768w, https:\/\/contextoanalisisperiodistico.com\/wp-content\/uploads\/2024\/07\/whatsappimage2024-07-23at37840986926638937126-1536x1023.jpg 1536w, https:\/\/contextoanalisisperiodistico.com\/wp-content\/uploads\/2024\/07\/whatsappimage2024-07-23at37840986926638937126.jpg 1600w\" sizes=\"(max-width: 1024px) 100vw, 1024px\" \/><\/figure>\n\n\n\n<figure class=\"wp-block-image\"><img decoding=\"async\" width=\"1024\" height=\"682\" src=\"https:\/\/contextoanalisisperiodistico.com\/wp-content\/uploads\/2024\/07\/fotoboletin23-07-2024282298708005770934705611-1024x682.jpg\" alt=\"\" class=\"wp-image-29283\" srcset=\"https:\/\/contextoanalisisperiodistico.com\/wp-content\/uploads\/2024\/07\/fotoboletin23-07-2024282298708005770934705611-1024x682.jpg 1024w, https:\/\/contextoanalisisperiodistico.com\/wp-content\/uploads\/2024\/07\/fotoboletin23-07-2024282298708005770934705611-300x200.jpg 300w, https:\/\/contextoanalisisperiodistico.com\/wp-content\/uploads\/2024\/07\/fotoboletin23-07-2024282298708005770934705611-768x512.jpg 768w, https:\/\/contextoanalisisperiodistico.com\/wp-content\/uploads\/2024\/07\/fotoboletin23-07-2024282298708005770934705611-1536x1023.jpg 1536w, https:\/\/contextoanalisisperiodistico.com\/wp-content\/uploads\/2024\/07\/fotoboletin23-07-2024282298708005770934705611.jpg 1600w\" sizes=\"(max-width: 1024px) 100vw, 1024px\" \/><\/figure>\n\n\n\n<figure class=\"wp-block-image\"><img loading=\"lazy\" decoding=\"async\" width=\"1024\" height=\"682\" src=\"https:\/\/contextoanalisisperiodistico.com\/wp-content\/uploads\/2024\/07\/fotoboletin23-07-2024283296637166859727023245-1024x682.jpg\" alt=\"\" class=\"wp-image-29285\" srcset=\"https:\/\/contextoanalisisperiodistico.com\/wp-content\/uploads\/2024\/07\/fotoboletin23-07-2024283296637166859727023245-1024x682.jpg 1024w, https:\/\/contextoanalisisperiodistico.com\/wp-content\/uploads\/2024\/07\/fotoboletin23-07-2024283296637166859727023245-300x200.jpg 300w, https:\/\/contextoanalisisperiodistico.com\/wp-content\/uploads\/2024\/07\/fotoboletin23-07-2024283296637166859727023245-768x512.jpg 768w, https:\/\/contextoanalisisperiodistico.com\/wp-content\/uploads\/2024\/07\/fotoboletin23-07-2024283296637166859727023245-1536x1023.jpg 1536w, https:\/\/contextoanalisisperiodistico.com\/wp-content\/uploads\/2024\/07\/fotoboletin23-07-2024283296637166859727023245.jpg 1600w\" sizes=\"(max-width: 1024px) 100vw, 1024px\" \/><\/figure>\n","protected":false},"excerpt":{"rendered":"<p>&#8211; Ser\u00e1 destinado para promover el gusto por la lectura entre ni\u00f1as, ni\u00f1os, adolescentes y&#8230;<\/p>\n","protected":false},"author":4,"featured_media":29282,"comment_status":"","ping_status":"open","sticky":false,"template":"","format":"standard","meta":{"footnotes":""},"categories":[9],"tags":[],"jetpack_sharing_enabled":true,"featured_image_urls":{"full":["https:\/\/contextoanalisisperiodistico.com\/wp-content\/uploads\/2024\/07\/Fotoboletin23-07-2024.jfif_.jpg",1600,1066,false],"thumbnail":["https:\/\/contextoanalisisperiodistico.com\/wp-content\/uploads\/2024\/07\/Fotoboletin23-07-2024.jfif_-150x150.jpg",150,150,true],"medium":["https:\/\/contextoanalisisperiodistico.com\/wp-content\/uploads\/2024\/07\/Fotoboletin23-07-2024.jfif_-300x200.jpg",300,200,true],"medium_large":["https:\/\/contextoanalisisperiodistico.com\/wp-content\/uploads\/2024\/07\/Fotoboletin23-07-2024.jfif_-768x512.jpg",640,427,true],"large":["https:\/\/contextoanalisisperiodistico.com\/wp-content\/uploads\/2024\/07\/Fotoboletin23-07-2024.jfif_-1024x682.jpg",640,426,true],"1536x1536":["https:\/\/contextoanalisisperiodistico.com\/wp-content\/uploads\/2024\/07\/Fotoboletin23-07-2024.jfif_-1536x1023.jpg",1536,1023,true],"2048x2048":["https:\/\/contextoanalisisperiodistico.com\/wp-content\/uploads\/2024\/07\/Fotoboletin23-07-2024.jfif_.jpg",1600,1066,false],"covernews-slider-full":["https:\/\/contextoanalisisperiodistico.com\/wp-content\/uploads\/2024\/07\/Fotoboletin23-07-2024.jfif_-1115x715.jpg",1115,715,true],"covernews-slider-center":["https:\/\/contextoanalisisperiodistico.com\/wp-content\/uploads\/2024\/07\/Fotoboletin23-07-2024.jfif_-800x500.jpg",800,500,true],"covernews-featured":["https:\/\/contextoanalisisperiodistico.com\/wp-content\/uploads\/2024\/07\/Fotoboletin23-07-2024.jfif_-1024x682.jpg",1024,682,true],"covernews-medium":["https:\/\/contextoanalisisperiodistico.com\/wp-content\/uploads\/2024\/07\/Fotoboletin23-07-2024.jfif_-540x340.jpg",540,340,true],"covernews-medium-square":["https:\/\/contextoanalisisperiodistico.com\/wp-content\/uploads\/2024\/07\/Fotoboletin23-07-2024.jfif_-400x250.jpg",400,250,true]},"author_info":{"display_name":"Mario Gir\u00f3n","author_link":"https:\/\/contextoanalisisperiodistico.com\/index.php\/author\/director\/"},"category_info":"<a href=\"https:\/\/contextoanalisisperiodistico.com\/index.php\/category\/politica\/\" rel=\"category tag\">Pol\u00edtica<\/a>","tag_info":"Pol\u00edtica","comment_count":"0","jetpack_featured_media_url":"https:\/\/contextoanalisisperiodistico.com\/wp-content\/uploads\/2024\/07\/Fotoboletin23-07-2024.jfif_.jpg","_links":{"self":[{"href":"https:\/\/contextoanalisisperiodistico.com\/index.php\/wp-json\/wp\/v2\/posts\/29287"}],"collection":[{"href":"https:\/\/contextoanalisisperiodistico.com\/index.php\/wp-json\/wp\/v2\/posts"}],"about":[{"href":"https:\/\/contextoanalisisperiodistico.com\/index.php\/wp-json\/wp\/v2\/types\/post"}],"author":[{"embeddable":true,"href":"https:\/\/contextoanalisisperiodistico.com\/index.php\/wp-json\/wp\/v2\/users\/4"}],"replies":[{"embeddable":true,"href":"https:\/\/contextoanalisisperiodistico.com\/index.php\/wp-json\/wp\/v2\/comments?post=29287"}],"version-history":[{"count":0,"href":"https:\/\/contextoanalisisperiodistico.com\/index.php\/wp-json\/wp\/v2\/posts\/29287\/revisions"}],"wp:featuredmedia":[{"embeddable":true,"href":"https:\/\/contextoanalisisperiodistico.com\/index.php\/wp-json\/wp\/v2\/media\/29282"}],"wp:attachment":[{"href":"https:\/\/contextoanalisisperiodistico.com\/index.php\/wp-json\/wp\/v2\/media?parent=29287"}],"wp:term":[{"taxonomy":"category","embeddable":true,"href":"https:\/\/contextoanalisisperiodistico.com\/index.php\/wp-json\/wp\/v2\/categories?post=29287"},{"taxonomy":"post_tag","embeddable":true,"href":"https:\/\/contextoanalisisperiodistico.com\/index.php\/wp-json\/wp\/v2\/tags?post=29287"}],"curies":[{"name":"wp","href":"https:\/\/api.w.org\/{rel}","templated":true}]}}