{"id":29266,"date":"2024-07-22T22:20:52","date_gmt":"2024-07-23T04:20:52","guid":{"rendered":"https:\/\/contextoanalisisperiodistico.com\/index.php\/2024\/07\/22\/cautiva-cultura-y-tradiciones-en-la-edicion-vespertina-de-la-guelaguetza-2024\/"},"modified":"2024-07-22T22:20:52","modified_gmt":"2024-07-23T04:20:52","slug":"cautiva-cultura-y-tradiciones-en-la-edicion-vespertina-de-la-guelaguetza-2024","status":"publish","type":"post","link":"https:\/\/contextoanalisisperiodistico.com\/index.php\/2024\/07\/22\/cautiva-cultura-y-tradiciones-en-la-edicion-vespertina-de-la-guelaguetza-2024\/","title":{"rendered":"Cautiva cultura y tradiciones en la edici\u00f3n vespertina de la Guelaguetza 2024"},"content":{"rendered":"<div id=\"fb-root\"><\/div>\n\n<p>\u2022 El pueblo de Oaxaca, visitantes nacionales e internacionales presenciaron esta fiesta que hermana a los pueblos originarios y afromexicano de Oaxaca<\/p>\n\n\n\n<figure class=\"wp-block-image size-large\"><img fetchpriority=\"high\" decoding=\"async\" width=\"1024\" height=\"682\" src=\"https:\/\/contextoanalisisperiodistico.com\/wp-content\/uploads\/2024\/07\/img-20240722-wa01116067552551890524739-1024x682.jpg\" alt=\"\" class=\"wp-image-29253\" srcset=\"https:\/\/contextoanalisisperiodistico.com\/wp-content\/uploads\/2024\/07\/img-20240722-wa01116067552551890524739-1024x682.jpg 1024w, https:\/\/contextoanalisisperiodistico.com\/wp-content\/uploads\/2024\/07\/img-20240722-wa01116067552551890524739-300x200.jpg 300w, https:\/\/contextoanalisisperiodistico.com\/wp-content\/uploads\/2024\/07\/img-20240722-wa01116067552551890524739-768x512.jpg 768w, https:\/\/contextoanalisisperiodistico.com\/wp-content\/uploads\/2024\/07\/img-20240722-wa01116067552551890524739-1536x1023.jpg 1536w, https:\/\/contextoanalisisperiodistico.com\/wp-content\/uploads\/2024\/07\/img-20240722-wa01116067552551890524739.jpg 1600w\" sizes=\"(max-width: 1024px) 100vw, 1024px\" \/><\/figure>\n\n\n\n<figure class=\"wp-block-image\"><img decoding=\"async\" width=\"1024\" height=\"682\" src=\"https:\/\/contextoanalisisperiodistico.com\/wp-content\/uploads\/2024\/07\/img-20240722-wa01067020233088720344104-1024x682.jpg\" alt=\"\" class=\"wp-image-29254\" srcset=\"https:\/\/contextoanalisisperiodistico.com\/wp-content\/uploads\/2024\/07\/img-20240722-wa01067020233088720344104-1024x682.jpg 1024w, https:\/\/contextoanalisisperiodistico.com\/wp-content\/uploads\/2024\/07\/img-20240722-wa01067020233088720344104-300x200.jpg 300w, https:\/\/contextoanalisisperiodistico.com\/wp-content\/uploads\/2024\/07\/img-20240722-wa01067020233088720344104-768x512.jpg 768w, https:\/\/contextoanalisisperiodistico.com\/wp-content\/uploads\/2024\/07\/img-20240722-wa01067020233088720344104-1536x1023.jpg 1536w, https:\/\/contextoanalisisperiodistico.com\/wp-content\/uploads\/2024\/07\/img-20240722-wa01067020233088720344104.jpg 1600w\" sizes=\"(max-width: 1024px) 100vw, 1024px\" \/><\/figure>\n\n\n\n<figure class=\"wp-block-image\"><img decoding=\"async\" width=\"1024\" height=\"682\" src=\"https:\/\/contextoanalisisperiodistico.com\/wp-content\/uploads\/2024\/07\/img-20240722-wa0093970530837116767292-1024x682.jpg\" alt=\"\" class=\"wp-image-29250\" srcset=\"https:\/\/contextoanalisisperiodistico.com\/wp-content\/uploads\/2024\/07\/img-20240722-wa0093970530837116767292-1024x682.jpg 1024w, https:\/\/contextoanalisisperiodistico.com\/wp-content\/uploads\/2024\/07\/img-20240722-wa0093970530837116767292-300x200.jpg 300w, https:\/\/contextoanalisisperiodistico.com\/wp-content\/uploads\/2024\/07\/img-20240722-wa0093970530837116767292-768x512.jpg 768w, https:\/\/contextoanalisisperiodistico.com\/wp-content\/uploads\/2024\/07\/img-20240722-wa0093970530837116767292.jpg 1280w\" sizes=\"(max-width: 1024px) 100vw, 1024px\" \/><\/figure>\n\n\n\n<figure class=\"wp-block-image\"><img loading=\"lazy\" decoding=\"async\" width=\"1024\" height=\"682\" src=\"https:\/\/contextoanalisisperiodistico.com\/wp-content\/uploads\/2024\/07\/img-20240722-wa00902413725158135190306-1024x682.jpg\" alt=\"\" class=\"wp-image-29251\" srcset=\"https:\/\/contextoanalisisperiodistico.com\/wp-content\/uploads\/2024\/07\/img-20240722-wa00902413725158135190306-1024x682.jpg 1024w, https:\/\/contextoanalisisperiodistico.com\/wp-content\/uploads\/2024\/07\/img-20240722-wa00902413725158135190306-300x200.jpg 300w, https:\/\/contextoanalisisperiodistico.com\/wp-content\/uploads\/2024\/07\/img-20240722-wa00902413725158135190306-768x512.jpg 768w, https:\/\/contextoanalisisperiodistico.com\/wp-content\/uploads\/2024\/07\/img-20240722-wa00902413725158135190306.jpg 1280w\" sizes=\"(max-width: 1024px) 100vw, 1024px\" \/><\/figure>\n\n\n\n<figure class=\"wp-block-image\"><img loading=\"lazy\" decoding=\"async\" width=\"1024\" height=\"682\" src=\"https:\/\/contextoanalisisperiodistico.com\/wp-content\/uploads\/2024\/07\/img-20240722-wa00965927607660366594075-1024x682.jpg\" alt=\"\" class=\"wp-image-29252\" srcset=\"https:\/\/contextoanalisisperiodistico.com\/wp-content\/uploads\/2024\/07\/img-20240722-wa00965927607660366594075-1024x682.jpg 1024w, https:\/\/contextoanalisisperiodistico.com\/wp-content\/uploads\/2024\/07\/img-20240722-wa00965927607660366594075-300x200.jpg 300w, https:\/\/contextoanalisisperiodistico.com\/wp-content\/uploads\/2024\/07\/img-20240722-wa00965927607660366594075-768x512.jpg 768w, https:\/\/contextoanalisisperiodistico.com\/wp-content\/uploads\/2024\/07\/img-20240722-wa00965927607660366594075.jpg 1280w\" sizes=\"(max-width: 1024px) 100vw, 1024px\" \/><\/figure>\n\n\n\n<figure class=\"wp-block-image\"><img loading=\"lazy\" decoding=\"async\" width=\"1024\" height=\"682\" src=\"https:\/\/contextoanalisisperiodistico.com\/wp-content\/uploads\/2024\/07\/img-20240722-wa00957821934416648813711-1024x682.jpg\" alt=\"\" class=\"wp-image-29255\" srcset=\"https:\/\/contextoanalisisperiodistico.com\/wp-content\/uploads\/2024\/07\/img-20240722-wa00957821934416648813711-1024x682.jpg 1024w, https:\/\/contextoanalisisperiodistico.com\/wp-content\/uploads\/2024\/07\/img-20240722-wa00957821934416648813711-300x200.jpg 300w, https:\/\/contextoanalisisperiodistico.com\/wp-content\/uploads\/2024\/07\/img-20240722-wa00957821934416648813711-768x512.jpg 768w, https:\/\/contextoanalisisperiodistico.com\/wp-content\/uploads\/2024\/07\/img-20240722-wa00957821934416648813711.jpg 1280w\" sizes=\"(max-width: 1024px) 100vw, 1024px\" \/><\/figure>\n\n\n\n<figure class=\"wp-block-image\"><img loading=\"lazy\" decoding=\"async\" width=\"1024\" height=\"682\" src=\"https:\/\/contextoanalisisperiodistico.com\/wp-content\/uploads\/2024\/07\/img-20240722-wa00983784647165454294807-1024x682.jpg\" alt=\"\" class=\"wp-image-29256\" srcset=\"https:\/\/contextoanalisisperiodistico.com\/wp-content\/uploads\/2024\/07\/img-20240722-wa00983784647165454294807-1024x682.jpg 1024w, https:\/\/contextoanalisisperiodistico.com\/wp-content\/uploads\/2024\/07\/img-20240722-wa00983784647165454294807-300x200.jpg 300w, https:\/\/contextoanalisisperiodistico.com\/wp-content\/uploads\/2024\/07\/img-20240722-wa00983784647165454294807-768x512.jpg 768w, https:\/\/contextoanalisisperiodistico.com\/wp-content\/uploads\/2024\/07\/img-20240722-wa00983784647165454294807-1536x1023.jpg 1536w, https:\/\/contextoanalisisperiodistico.com\/wp-content\/uploads\/2024\/07\/img-20240722-wa00983784647165454294807.jpg 1600w\" sizes=\"(max-width: 1024px) 100vw, 1024px\" \/><\/figure>\n\n\n\n<figure class=\"wp-block-image\"><img loading=\"lazy\" decoding=\"async\" width=\"1024\" height=\"682\" src=\"https:\/\/contextoanalisisperiodistico.com\/wp-content\/uploads\/2024\/07\/img-20240722-wa0099187636059486380418-1024x682.jpg\" alt=\"\" class=\"wp-image-29257\" srcset=\"https:\/\/contextoanalisisperiodistico.com\/wp-content\/uploads\/2024\/07\/img-20240722-wa0099187636059486380418-1024x682.jpg 1024w, https:\/\/contextoanalisisperiodistico.com\/wp-content\/uploads\/2024\/07\/img-20240722-wa0099187636059486380418-300x200.jpg 300w, https:\/\/contextoanalisisperiodistico.com\/wp-content\/uploads\/2024\/07\/img-20240722-wa0099187636059486380418-768x512.jpg 768w, https:\/\/contextoanalisisperiodistico.com\/wp-content\/uploads\/2024\/07\/img-20240722-wa0099187636059486380418-1536x1023.jpg 1536w, https:\/\/contextoanalisisperiodistico.com\/wp-content\/uploads\/2024\/07\/img-20240722-wa0099187636059486380418.jpg 1600w\" sizes=\"(max-width: 1024px) 100vw, 1024px\" \/><\/figure>\n\n\n\n<figure class=\"wp-block-image\"><img loading=\"lazy\" decoding=\"async\" width=\"1024\" height=\"683\" src=\"https:\/\/contextoanalisisperiodistico.com\/wp-content\/uploads\/2024\/07\/img-20240722-wa00975377571351437941661-1024x683.jpg\" alt=\"\" class=\"wp-image-29259\" srcset=\"https:\/\/contextoanalisisperiodistico.com\/wp-content\/uploads\/2024\/07\/img-20240722-wa00975377571351437941661-1024x683.jpg 1024w, https:\/\/contextoanalisisperiodistico.com\/wp-content\/uploads\/2024\/07\/img-20240722-wa00975377571351437941661-300x200.jpg 300w, https:\/\/contextoanalisisperiodistico.com\/wp-content\/uploads\/2024\/07\/img-20240722-wa00975377571351437941661-768x512.jpg 768w, https:\/\/contextoanalisisperiodistico.com\/wp-content\/uploads\/2024\/07\/img-20240722-wa00975377571351437941661-1536x1024.jpg 1536w, https:\/\/contextoanalisisperiodistico.com\/wp-content\/uploads\/2024\/07\/img-20240722-wa00975377571351437941661.jpg 1600w\" sizes=\"(max-width: 1024px) 100vw, 1024px\" \/><\/figure>\n\n\n\n<figure class=\"wp-block-image\"><img loading=\"lazy\" decoding=\"async\" width=\"1024\" height=\"682\" src=\"https:\/\/contextoanalisisperiodistico.com\/wp-content\/uploads\/2024\/07\/img-20240722-wa01001819476028889021911-1024x682.jpg\" alt=\"\" class=\"wp-image-29258\" srcset=\"https:\/\/contextoanalisisperiodistico.com\/wp-content\/uploads\/2024\/07\/img-20240722-wa01001819476028889021911-1024x682.jpg 1024w, https:\/\/contextoanalisisperiodistico.com\/wp-content\/uploads\/2024\/07\/img-20240722-wa01001819476028889021911-300x200.jpg 300w, https:\/\/contextoanalisisperiodistico.com\/wp-content\/uploads\/2024\/07\/img-20240722-wa01001819476028889021911-768x512.jpg 768w, https:\/\/contextoanalisisperiodistico.com\/wp-content\/uploads\/2024\/07\/img-20240722-wa01001819476028889021911-1536x1023.jpg 1536w, https:\/\/contextoanalisisperiodistico.com\/wp-content\/uploads\/2024\/07\/img-20240722-wa01001819476028889021911.jpg 1600w\" sizes=\"(max-width: 1024px) 100vw, 1024px\" \/><\/figure>\n\n\n\n<figure class=\"wp-block-image\"><img loading=\"lazy\" decoding=\"async\" width=\"1024\" height=\"682\" src=\"https:\/\/contextoanalisisperiodistico.com\/wp-content\/uploads\/2024\/07\/img-20240722-wa01043971642709257116898-1024x682.jpg\" alt=\"\" class=\"wp-image-29260\" srcset=\"https:\/\/contextoanalisisperiodistico.com\/wp-content\/uploads\/2024\/07\/img-20240722-wa01043971642709257116898-1024x682.jpg 1024w, https:\/\/contextoanalisisperiodistico.com\/wp-content\/uploads\/2024\/07\/img-20240722-wa01043971642709257116898-300x200.jpg 300w, https:\/\/contextoanalisisperiodistico.com\/wp-content\/uploads\/2024\/07\/img-20240722-wa01043971642709257116898-768x512.jpg 768w, https:\/\/contextoanalisisperiodistico.com\/wp-content\/uploads\/2024\/07\/img-20240722-wa01043971642709257116898-1536x1023.jpg 1536w, https:\/\/contextoanalisisperiodistico.com\/wp-content\/uploads\/2024\/07\/img-20240722-wa01043971642709257116898.jpg 1600w\" sizes=\"(max-width: 1024px) 100vw, 1024px\" \/><\/figure>\n\n\n\n<figure class=\"wp-block-image\"><img loading=\"lazy\" decoding=\"async\" width=\"1024\" height=\"682\" src=\"https:\/\/contextoanalisisperiodistico.com\/wp-content\/uploads\/2024\/07\/img-20240722-wa01016476508081150711629-1024x682.jpg\" alt=\"\" class=\"wp-image-29262\" srcset=\"https:\/\/contextoanalisisperiodistico.com\/wp-content\/uploads\/2024\/07\/img-20240722-wa01016476508081150711629-1024x682.jpg 1024w, https:\/\/contextoanalisisperiodistico.com\/wp-content\/uploads\/2024\/07\/img-20240722-wa01016476508081150711629-300x200.jpg 300w, https:\/\/contextoanalisisperiodistico.com\/wp-content\/uploads\/2024\/07\/img-20240722-wa01016476508081150711629-768x512.jpg 768w, https:\/\/contextoanalisisperiodistico.com\/wp-content\/uploads\/2024\/07\/img-20240722-wa01016476508081150711629-1536x1023.jpg 1536w, https:\/\/contextoanalisisperiodistico.com\/wp-content\/uploads\/2024\/07\/img-20240722-wa01016476508081150711629.jpg 1600w\" sizes=\"(max-width: 1024px) 100vw, 1024px\" \/><\/figure>\n\n\n\n<figure class=\"wp-block-image\"><img loading=\"lazy\" decoding=\"async\" width=\"1024\" height=\"682\" src=\"https:\/\/contextoanalisisperiodistico.com\/wp-content\/uploads\/2024\/07\/img-20240722-wa00946885841680292273129-1024x682.jpg\" alt=\"\" class=\"wp-image-29261\" srcset=\"https:\/\/contextoanalisisperiodistico.com\/wp-content\/uploads\/2024\/07\/img-20240722-wa00946885841680292273129-1024x682.jpg 1024w, https:\/\/contextoanalisisperiodistico.com\/wp-content\/uploads\/2024\/07\/img-20240722-wa00946885841680292273129-300x200.jpg 300w, https:\/\/contextoanalisisperiodistico.com\/wp-content\/uploads\/2024\/07\/img-20240722-wa00946885841680292273129-768x512.jpg 768w, https:\/\/contextoanalisisperiodistico.com\/wp-content\/uploads\/2024\/07\/img-20240722-wa00946885841680292273129.jpg 1280w\" sizes=\"(max-width: 1024px) 100vw, 1024px\" \/><\/figure>\n\n\n\n<figure class=\"wp-block-image\"><img loading=\"lazy\" decoding=\"async\" width=\"682\" height=\"1024\" src=\"https:\/\/contextoanalisisperiodistico.com\/wp-content\/uploads\/2024\/07\/img-20240722-wa00924863194464819857878-682x1024.jpg\" alt=\"\" class=\"wp-image-29264\" srcset=\"https:\/\/contextoanalisisperiodistico.com\/wp-content\/uploads\/2024\/07\/img-20240722-wa00924863194464819857878-682x1024.jpg 682w, https:\/\/contextoanalisisperiodistico.com\/wp-content\/uploads\/2024\/07\/img-20240722-wa00924863194464819857878-200x300.jpg 200w, https:\/\/contextoanalisisperiodistico.com\/wp-content\/uploads\/2024\/07\/img-20240722-wa00924863194464819857878-768x1152.jpg 768w, https:\/\/contextoanalisisperiodistico.com\/wp-content\/uploads\/2024\/07\/img-20240722-wa00924863194464819857878.jpg 853w\" sizes=\"(max-width: 682px) 100vw, 682px\" \/><\/figure>\n\n\n\n<figure class=\"wp-block-image\"><img loading=\"lazy\" decoding=\"async\" width=\"1024\" height=\"682\" src=\"https:\/\/contextoanalisisperiodistico.com\/wp-content\/uploads\/2024\/07\/img-20240722-wa00914843378576379602398-1024x682.jpg\" alt=\"\" class=\"wp-image-29263\" srcset=\"https:\/\/contextoanalisisperiodistico.com\/wp-content\/uploads\/2024\/07\/img-20240722-wa00914843378576379602398-1024x682.jpg 1024w, https:\/\/contextoanalisisperiodistico.com\/wp-content\/uploads\/2024\/07\/img-20240722-wa00914843378576379602398-300x200.jpg 300w, https:\/\/contextoanalisisperiodistico.com\/wp-content\/uploads\/2024\/07\/img-20240722-wa00914843378576379602398-768x512.jpg 768w, https:\/\/contextoanalisisperiodistico.com\/wp-content\/uploads\/2024\/07\/img-20240722-wa00914843378576379602398.jpg 1280w\" sizes=\"(max-width: 1024px) 100vw, 1024px\" \/><\/figure>\n\n\n\n<figure class=\"wp-block-image\"><img loading=\"lazy\" decoding=\"async\" width=\"1024\" height=\"682\" src=\"https:\/\/contextoanalisisperiodistico.com\/wp-content\/uploads\/2024\/07\/img-20240722-wa00894330744901150903144-1024x682.jpg\" alt=\"\" class=\"wp-image-29265\" srcset=\"https:\/\/contextoanalisisperiodistico.com\/wp-content\/uploads\/2024\/07\/img-20240722-wa00894330744901150903144-1024x682.jpg 1024w, https:\/\/contextoanalisisperiodistico.com\/wp-content\/uploads\/2024\/07\/img-20240722-wa00894330744901150903144-300x200.jpg 300w, https:\/\/contextoanalisisperiodistico.com\/wp-content\/uploads\/2024\/07\/img-20240722-wa00894330744901150903144-768x512.jpg 768w, https:\/\/contextoanalisisperiodistico.com\/wp-content\/uploads\/2024\/07\/img-20240722-wa00894330744901150903144.jpg 1280w\" sizes=\"(max-width: 1024px) 100vw, 1024px\" \/><\/figure>\n\n\n\n<p>\u2022 Participantes y asistentes se unieron para bailar juntos y celebrar la riqueza cultural de la entidad, en el Primer Lunes del Cerro<\/p>\n\n\n\n<p>Oaxaca de Ju\u00e1rez, Oax. 22 de julio de 2024.- Con juegos pirot\u00e9cnicos que iluminaron el cielo de la Verde Antequera, culmin\u00f3 la edici\u00f3n vespertina del Primer Lunes del Cerro, la cual cautiv\u00f3 a miles de personas que se congregaron para celebrar la festividad \u00e9tnica m\u00e1s importante de M\u00e9xico y Am\u00e9rica Latina y que hermana a los pueblos originarios y afromexicano de Oaxaca.<\/p>\n\n\n\n<p>El Auditorio Guelaguetza luci\u00f3 en su esplendor ante la m\u00fasica, danza, tradici\u00f3n y cultura que expresaron las diferentes regiones de la entidad y que presenci\u00f3 el Gobernador Salom\u00f3n Jara Cruz, la Presidenta Honoraria del Sistema Estatal para el Desarrollo Integral de la Familia (DIF) Oaxaca y representantes de organismos p\u00fablicos y privados.<\/p>\n\n\n\n<p>Despu\u00e9s de una intensa lluvia que ba\u00f1\u00f3 el cerro de la Bella Vista, inici\u00f3 esta presentaci\u00f3n con el himno de las oaxaque\u00f1as y oaxaque\u00f1os \u201cDios nunca muere\u201d de Macedonio Alcal\u00e1; en seguida la representante de la Diosa Cent\u00e9otl, Juana Hern\u00e1ndez L\u00f3pez, originaria de Santiago Juxtlahuaca, expres\u00f3 a visitantes y locales la grandeza del pueblo de Oaxaca, luego del son de los tambores, flauta de carrizo y caracol de los chirimiteros.<\/p>\n\n\n\n<p>La Rotonda de las Azucenas fue el escenario para que las 16 delegaciones mostraran su Guelaguetza -regalo, presente- de su cultura, tradici\u00f3n, m\u00fasica y canto, as\u00ed como de productos de sus comunidades como caf\u00e9, chocolate, fruta, artesan\u00edas y bebidas ancestrales.<\/p>\n\n\n\n<p>San Antonino Castillo Velasco se hizo presente con el jarabe del valle; San Felipe Jalapa de D\u00edaz con el baile la pastora que transmite un mensaje de amor y esperanza y San Melchor Betaza con sones y jarabes mostraron la cultura zapoteca de la Sierra de Ju\u00e1rez que han conservado hasta la fecha.<\/p>\n\n\n\n<p>En esta edici\u00f3n 92 de la Guelaguetza se present\u00f3 la danza y sones de Corpus Cristi, interpretados por la delegaci\u00f3n de San Francisco del Mar; la algarab\u00eda de asistentes retumb\u00f3 en el auditorio tras anunciar a Santiago Pinotepa Nacional y San Carlos Yautepec con fandango y jarabe carle\u00f1o.<\/p>\n\n\n\n<p>En esta fiesta racial, integrantes de la delegaci\u00f3n de El Espinal representaron la celebraci\u00f3n de julio en honor a la virgen del Rosario con sones del Istmo; Huajuapan de Le\u00f3n con el insuperable jarabe mixteco que se enmarca con la \u201cCanci\u00f3n Mixteca\u201d de Jos\u00e9 L\u00f3pez Alav\u00e9s y al que el p\u00fablico se sum\u00f3 con su entonaci\u00f3n, a 50 a\u00f1os del \u00faltimo suspiro del autor.<\/p>\n\n\n\n<p>Santa Mar\u00eda Zacatepec, con boda, fandango y carnaval Tacuate; Santiago Juxtlahuaca con la danza de los rubios; Santiago Zacatepec expuso El palangon ceremonial y fandango mixe. En tanto la presentaci\u00f3n de San Juan Bautista Tuxtepec con flor de pi\u00f1a provoc\u00f3 el j\u00fabilo y los aplausos de pie de asistentes.<\/p>\n\n\n\n<p>Santos Reyes Nopala con boda chatina y torna boda ejecutaron sones y chilenas; El Barrio de La Soledad mostr\u00f3 la festividad y mayordom\u00eda en honor a la virgen de este municipio del Istmo de Tehuantepec; Cuil\u00e1pam de Guerrero con danza de la pluma que representa la conquista de los aztecas por parte de los espa\u00f1oles y las Chinas Oaxaque\u00f1as de Casilda cerraron esta emisi\u00f3n con el tradicional jarabe del Valle.<\/p>\n\n\n\n<p>Participantes y asistentes se unieron para bailar juntos y celebrar la riqueza cultural de Oaxaca y disfrutar de un espect\u00e1culo de fuegos artificiales.<\/p>\n\n\n\n<p>-0-<\/p>\n","protected":false},"excerpt":{"rendered":"<p>\u2022 El pueblo de Oaxaca, visitantes nacionales e internacionales presenciaron esta fiesta que hermana a&#8230;<\/p>\n","protected":false},"author":4,"featured_media":29249,"comment_status":"","ping_status":"open","sticky":false,"template":"","format":"standard","meta":{"footnotes":""},"categories":[9],"tags":[],"jetpack_sharing_enabled":true,"featured_image_urls":{"full":["https:\/\/contextoanalisisperiodistico.com\/wp-content\/uploads\/2024\/07\/IMG-20240722-WA0102.jpg",1600,1066,false],"thumbnail":["https:\/\/contextoanalisisperiodistico.com\/wp-content\/uploads\/2024\/07\/IMG-20240722-WA0102-150x150.jpg",150,150,true],"medium":["https:\/\/contextoanalisisperiodistico.com\/wp-content\/uploads\/2024\/07\/IMG-20240722-WA0102-300x200.jpg",300,200,true],"medium_large":["https:\/\/contextoanalisisperiodistico.com\/wp-content\/uploads\/2024\/07\/IMG-20240722-WA0102-768x512.jpg",640,427,true],"large":["https:\/\/contextoanalisisperiodistico.com\/wp-content\/uploads\/2024\/07\/IMG-20240722-WA0102-1024x682.jpg",640,426,true],"1536x1536":["https:\/\/contextoanalisisperiodistico.com\/wp-content\/uploads\/2024\/07\/IMG-20240722-WA0102-1536x1023.jpg",1536,1023,true],"2048x2048":["https:\/\/contextoanalisisperiodistico.com\/wp-content\/uploads\/2024\/07\/IMG-20240722-WA0102.jpg",1600,1066,false],"covernews-slider-full":["https:\/\/contextoanalisisperiodistico.com\/wp-content\/uploads\/2024\/07\/IMG-20240722-WA0102-1115x715.jpg",1115,715,true],"covernews-slider-center":["https:\/\/contextoanalisisperiodistico.com\/wp-content\/uploads\/2024\/07\/IMG-20240722-WA0102-800x500.jpg",800,500,true],"covernews-featured":["https:\/\/contextoanalisisperiodistico.com\/wp-content\/uploads\/2024\/07\/IMG-20240722-WA0102-1024x682.jpg",1024,682,true],"covernews-medium":["https:\/\/contextoanalisisperiodistico.com\/wp-content\/uploads\/2024\/07\/IMG-20240722-WA0102-540x340.jpg",540,340,true],"covernews-medium-square":["https:\/\/contextoanalisisperiodistico.com\/wp-content\/uploads\/2024\/07\/IMG-20240722-WA0102-400x250.jpg",400,250,true]},"author_info":{"display_name":"Mario Gir\u00f3n","author_link":"https:\/\/contextoanalisisperiodistico.com\/index.php\/author\/director\/"},"category_info":"<a href=\"https:\/\/contextoanalisisperiodistico.com\/index.php\/category\/politica\/\" rel=\"category tag\">Pol\u00edtica<\/a>","tag_info":"Pol\u00edtica","comment_count":"0","jetpack_featured_media_url":"https:\/\/contextoanalisisperiodistico.com\/wp-content\/uploads\/2024\/07\/IMG-20240722-WA0102.jpg","_links":{"self":[{"href":"https:\/\/contextoanalisisperiodistico.com\/index.php\/wp-json\/wp\/v2\/posts\/29266"}],"collection":[{"href":"https:\/\/contextoanalisisperiodistico.com\/index.php\/wp-json\/wp\/v2\/posts"}],"about":[{"href":"https:\/\/contextoanalisisperiodistico.com\/index.php\/wp-json\/wp\/v2\/types\/post"}],"author":[{"embeddable":true,"href":"https:\/\/contextoanalisisperiodistico.com\/index.php\/wp-json\/wp\/v2\/users\/4"}],"replies":[{"embeddable":true,"href":"https:\/\/contextoanalisisperiodistico.com\/index.php\/wp-json\/wp\/v2\/comments?post=29266"}],"version-history":[{"count":0,"href":"https:\/\/contextoanalisisperiodistico.com\/index.php\/wp-json\/wp\/v2\/posts\/29266\/revisions"}],"wp:featuredmedia":[{"embeddable":true,"href":"https:\/\/contextoanalisisperiodistico.com\/index.php\/wp-json\/wp\/v2\/media\/29249"}],"wp:attachment":[{"href":"https:\/\/contextoanalisisperiodistico.com\/index.php\/wp-json\/wp\/v2\/media?parent=29266"}],"wp:term":[{"taxonomy":"category","embeddable":true,"href":"https:\/\/contextoanalisisperiodistico.com\/index.php\/wp-json\/wp\/v2\/categories?post=29266"},{"taxonomy":"post_tag","embeddable":true,"href":"https:\/\/contextoanalisisperiodistico.com\/index.php\/wp-json\/wp\/v2\/tags?post=29266"}],"curies":[{"name":"wp","href":"https:\/\/api.w.org\/{rel}","templated":true}]}}