{"id":29239,"date":"2024-07-22T15:14:45","date_gmt":"2024-07-22T21:14:45","guid":{"rendered":"https:\/\/contextoanalisisperiodistico.com\/index.php\/2024\/07\/22\/viva-oaxaca-viva-la-guelaguetza-inicia-la-fiesta-etnica-mas-importante-de-america-latina-2024\/"},"modified":"2024-07-22T15:14:45","modified_gmt":"2024-07-22T21:14:45","slug":"viva-oaxaca-viva-la-guelaguetza-inicia-la-fiesta-etnica-mas-importante-de-america-latina-2024","status":"publish","type":"post","link":"https:\/\/contextoanalisisperiodistico.com\/index.php\/2024\/07\/22\/viva-oaxaca-viva-la-guelaguetza-inicia-la-fiesta-etnica-mas-importante-de-america-latina-2024\/","title":{"rendered":"\u00a1Viva Oaxaca, viva la Guelaguetza! inicia la fiesta \u00e9tnica m\u00e1s importante de Am\u00e9rica Latina 2024"},"content":{"rendered":"<div id=\"fb-root\"><\/div>\n\n<p>\u2022 En la edici\u00f3n matutina del primer Lunes del Cerro se presentaron 15 delegaciones de las 16 etnias y el pueblo afromexicano de la entidad<\/p>\n\n\n\n<figure class=\"wp-block-image size-large\"><img fetchpriority=\"high\" decoding=\"async\" width=\"1024\" height=\"683\" src=\"https:\/\/contextoanalisisperiodistico.com\/wp-content\/uploads\/2024\/07\/img-20240722-wa00565870096582020497117-1024x683.jpg\" alt=\"\" class=\"wp-image-29224\" srcset=\"https:\/\/contextoanalisisperiodistico.com\/wp-content\/uploads\/2024\/07\/img-20240722-wa00565870096582020497117-1024x683.jpg 1024w, https:\/\/contextoanalisisperiodistico.com\/wp-content\/uploads\/2024\/07\/img-20240722-wa00565870096582020497117-300x200.jpg 300w, https:\/\/contextoanalisisperiodistico.com\/wp-content\/uploads\/2024\/07\/img-20240722-wa00565870096582020497117-768x512.jpg 768w, https:\/\/contextoanalisisperiodistico.com\/wp-content\/uploads\/2024\/07\/img-20240722-wa00565870096582020497117.jpg 1405w\" sizes=\"(max-width: 1024px) 100vw, 1024px\" \/><\/figure>\n\n\n\n<figure class=\"wp-block-image\"><img decoding=\"async\" width=\"1024\" height=\"682\" src=\"https:\/\/contextoanalisisperiodistico.com\/wp-content\/uploads\/2024\/07\/img-20240722-wa00582371731624112869874-1024x682.jpg\" alt=\"\" class=\"wp-image-29227\" srcset=\"https:\/\/contextoanalisisperiodistico.com\/wp-content\/uploads\/2024\/07\/img-20240722-wa00582371731624112869874-1024x682.jpg 1024w, https:\/\/contextoanalisisperiodistico.com\/wp-content\/uploads\/2024\/07\/img-20240722-wa00582371731624112869874-300x200.jpg 300w, https:\/\/contextoanalisisperiodistico.com\/wp-content\/uploads\/2024\/07\/img-20240722-wa00582371731624112869874-768x512.jpg 768w, https:\/\/contextoanalisisperiodistico.com\/wp-content\/uploads\/2024\/07\/img-20240722-wa00582371731624112869874-1536x1023.jpg 1536w, https:\/\/contextoanalisisperiodistico.com\/wp-content\/uploads\/2024\/07\/img-20240722-wa00582371731624112869874.jpg 1600w\" sizes=\"(max-width: 1024px) 100vw, 1024px\" \/><\/figure>\n\n\n\n<figure class=\"wp-block-image\"><img decoding=\"async\" width=\"1024\" height=\"682\" src=\"https:\/\/contextoanalisisperiodistico.com\/wp-content\/uploads\/2024\/07\/img-20240722-wa00571683094343618554398-1024x682.jpg\" alt=\"\" class=\"wp-image-29226\" srcset=\"https:\/\/contextoanalisisperiodistico.com\/wp-content\/uploads\/2024\/07\/img-20240722-wa00571683094343618554398-1024x682.jpg 1024w, https:\/\/contextoanalisisperiodistico.com\/wp-content\/uploads\/2024\/07\/img-20240722-wa00571683094343618554398-300x200.jpg 300w, https:\/\/contextoanalisisperiodistico.com\/wp-content\/uploads\/2024\/07\/img-20240722-wa00571683094343618554398-768x512.jpg 768w, https:\/\/contextoanalisisperiodistico.com\/wp-content\/uploads\/2024\/07\/img-20240722-wa00571683094343618554398-1536x1023.jpg 1536w, https:\/\/contextoanalisisperiodistico.com\/wp-content\/uploads\/2024\/07\/img-20240722-wa00571683094343618554398.jpg 1600w\" sizes=\"(max-width: 1024px) 100vw, 1024px\" \/><\/figure>\n\n\n\n<figure class=\"wp-block-image\"><img loading=\"lazy\" decoding=\"async\" width=\"1024\" height=\"682\" src=\"https:\/\/contextoanalisisperiodistico.com\/wp-content\/uploads\/2024\/07\/img-20240722-wa00548072123695457287504-1024x682.jpg\" alt=\"\" class=\"wp-image-29228\" srcset=\"https:\/\/contextoanalisisperiodistico.com\/wp-content\/uploads\/2024\/07\/img-20240722-wa00548072123695457287504-1024x682.jpg 1024w, https:\/\/contextoanalisisperiodistico.com\/wp-content\/uploads\/2024\/07\/img-20240722-wa00548072123695457287504-300x200.jpg 300w, https:\/\/contextoanalisisperiodistico.com\/wp-content\/uploads\/2024\/07\/img-20240722-wa00548072123695457287504-768x512.jpg 768w, https:\/\/contextoanalisisperiodistico.com\/wp-content\/uploads\/2024\/07\/img-20240722-wa00548072123695457287504.jpg 1280w\" sizes=\"(max-width: 1024px) 100vw, 1024px\" \/><\/figure>\n\n\n\n<figure class=\"wp-block-image\"><img loading=\"lazy\" decoding=\"async\" width=\"1024\" height=\"682\" src=\"https:\/\/contextoanalisisperiodistico.com\/wp-content\/uploads\/2024\/07\/img-20240722-wa0052244123911225450603-1024x682.jpg\" alt=\"\" class=\"wp-image-29225\" srcset=\"https:\/\/contextoanalisisperiodistico.com\/wp-content\/uploads\/2024\/07\/img-20240722-wa0052244123911225450603-1024x682.jpg 1024w, https:\/\/contextoanalisisperiodistico.com\/wp-content\/uploads\/2024\/07\/img-20240722-wa0052244123911225450603-300x200.jpg 300w, https:\/\/contextoanalisisperiodistico.com\/wp-content\/uploads\/2024\/07\/img-20240722-wa0052244123911225450603-768x512.jpg 768w, https:\/\/contextoanalisisperiodistico.com\/wp-content\/uploads\/2024\/07\/img-20240722-wa0052244123911225450603.jpg 1280w\" sizes=\"(max-width: 1024px) 100vw, 1024px\" \/><\/figure>\n\n\n\n<figure class=\"wp-block-image\"><img loading=\"lazy\" decoding=\"async\" width=\"1024\" height=\"682\" src=\"https:\/\/contextoanalisisperiodistico.com\/wp-content\/uploads\/2024\/07\/img-20240722-wa00501202993613832886971-1024x682.jpg\" alt=\"\" class=\"wp-image-29229\" srcset=\"https:\/\/contextoanalisisperiodistico.com\/wp-content\/uploads\/2024\/07\/img-20240722-wa00501202993613832886971-1024x682.jpg 1024w, https:\/\/contextoanalisisperiodistico.com\/wp-content\/uploads\/2024\/07\/img-20240722-wa00501202993613832886971-300x200.jpg 300w, https:\/\/contextoanalisisperiodistico.com\/wp-content\/uploads\/2024\/07\/img-20240722-wa00501202993613832886971-768x512.jpg 768w, https:\/\/contextoanalisisperiodistico.com\/wp-content\/uploads\/2024\/07\/img-20240722-wa00501202993613832886971-1536x1023.jpg 1536w, https:\/\/contextoanalisisperiodistico.com\/wp-content\/uploads\/2024\/07\/img-20240722-wa00501202993613832886971.jpg 1600w\" sizes=\"(max-width: 1024px) 100vw, 1024px\" \/><\/figure>\n\n\n\n<figure class=\"wp-block-image\"><img loading=\"lazy\" decoding=\"async\" width=\"1024\" height=\"724\" src=\"https:\/\/contextoanalisisperiodistico.com\/wp-content\/uploads\/2024\/07\/img-20240722-wa00514796077247400139155-1024x724.jpg\" alt=\"\" class=\"wp-image-29230\" srcset=\"https:\/\/contextoanalisisperiodistico.com\/wp-content\/uploads\/2024\/07\/img-20240722-wa00514796077247400139155-1024x724.jpg 1024w, https:\/\/contextoanalisisperiodistico.com\/wp-content\/uploads\/2024\/07\/img-20240722-wa00514796077247400139155-300x212.jpg 300w, https:\/\/contextoanalisisperiodistico.com\/wp-content\/uploads\/2024\/07\/img-20240722-wa00514796077247400139155-768x543.jpg 768w, https:\/\/contextoanalisisperiodistico.com\/wp-content\/uploads\/2024\/07\/img-20240722-wa00514796077247400139155-1536x1086.jpg 1536w, https:\/\/contextoanalisisperiodistico.com\/wp-content\/uploads\/2024\/07\/img-20240722-wa00514796077247400139155.jpg 1600w\" sizes=\"(max-width: 1024px) 100vw, 1024px\" \/><\/figure>\n\n\n\n<figure class=\"wp-block-image\"><img loading=\"lazy\" decoding=\"async\" width=\"1024\" height=\"682\" src=\"https:\/\/contextoanalisisperiodistico.com\/wp-content\/uploads\/2024\/07\/img-20240722-wa00535517896088855367135-1024x682.jpg\" alt=\"\" class=\"wp-image-29231\" srcset=\"https:\/\/contextoanalisisperiodistico.com\/wp-content\/uploads\/2024\/07\/img-20240722-wa00535517896088855367135-1024x682.jpg 1024w, https:\/\/contextoanalisisperiodistico.com\/wp-content\/uploads\/2024\/07\/img-20240722-wa00535517896088855367135-300x200.jpg 300w, https:\/\/contextoanalisisperiodistico.com\/wp-content\/uploads\/2024\/07\/img-20240722-wa00535517896088855367135-768x512.jpg 768w, https:\/\/contextoanalisisperiodistico.com\/wp-content\/uploads\/2024\/07\/img-20240722-wa00535517896088855367135.jpg 1280w\" sizes=\"(max-width: 1024px) 100vw, 1024px\" \/><\/figure>\n\n\n\n<figure class=\"wp-block-image\"><img loading=\"lazy\" decoding=\"async\" width=\"1024\" height=\"682\" src=\"https:\/\/contextoanalisisperiodistico.com\/wp-content\/uploads\/2024\/07\/img-20240722-wa00465916311163523621526-1024x682.jpg\" alt=\"\" class=\"wp-image-29232\" srcset=\"https:\/\/contextoanalisisperiodistico.com\/wp-content\/uploads\/2024\/07\/img-20240722-wa00465916311163523621526-1024x682.jpg 1024w, https:\/\/contextoanalisisperiodistico.com\/wp-content\/uploads\/2024\/07\/img-20240722-wa00465916311163523621526-300x200.jpg 300w, https:\/\/contextoanalisisperiodistico.com\/wp-content\/uploads\/2024\/07\/img-20240722-wa00465916311163523621526-768x512.jpg 768w, https:\/\/contextoanalisisperiodistico.com\/wp-content\/uploads\/2024\/07\/img-20240722-wa00465916311163523621526.jpg 1280w\" sizes=\"(max-width: 1024px) 100vw, 1024px\" \/><\/figure>\n\n\n\n<figure class=\"wp-block-image\"><img loading=\"lazy\" decoding=\"async\" width=\"1024\" height=\"682\" src=\"https:\/\/contextoanalisisperiodistico.com\/wp-content\/uploads\/2024\/07\/img-20240722-wa00474101551040573974113-1024x682.jpg\" alt=\"\" class=\"wp-image-29233\" srcset=\"https:\/\/contextoanalisisperiodistico.com\/wp-content\/uploads\/2024\/07\/img-20240722-wa00474101551040573974113-1024x682.jpg 1024w, https:\/\/contextoanalisisperiodistico.com\/wp-content\/uploads\/2024\/07\/img-20240722-wa00474101551040573974113-300x200.jpg 300w, https:\/\/contextoanalisisperiodistico.com\/wp-content\/uploads\/2024\/07\/img-20240722-wa00474101551040573974113-768x512.jpg 768w, https:\/\/contextoanalisisperiodistico.com\/wp-content\/uploads\/2024\/07\/img-20240722-wa00474101551040573974113.jpg 1280w\" sizes=\"(max-width: 1024px) 100vw, 1024px\" \/><\/figure>\n\n\n\n<figure class=\"wp-block-image\"><img loading=\"lazy\" decoding=\"async\" width=\"1024\" height=\"682\" src=\"https:\/\/contextoanalisisperiodistico.com\/wp-content\/uploads\/2024\/07\/img-20240722-wa00454999864827821478728-1024x682.jpg\" alt=\"\" class=\"wp-image-29234\" srcset=\"https:\/\/contextoanalisisperiodistico.com\/wp-content\/uploads\/2024\/07\/img-20240722-wa00454999864827821478728-1024x682.jpg 1024w, https:\/\/contextoanalisisperiodistico.com\/wp-content\/uploads\/2024\/07\/img-20240722-wa00454999864827821478728-300x200.jpg 300w, https:\/\/contextoanalisisperiodistico.com\/wp-content\/uploads\/2024\/07\/img-20240722-wa00454999864827821478728-768x512.jpg 768w, https:\/\/contextoanalisisperiodistico.com\/wp-content\/uploads\/2024\/07\/img-20240722-wa00454999864827821478728.jpg 1280w\" sizes=\"(max-width: 1024px) 100vw, 1024px\" \/><\/figure>\n\n\n\n<figure class=\"wp-block-image\"><img loading=\"lazy\" decoding=\"async\" width=\"1024\" height=\"683\" src=\"https:\/\/contextoanalisisperiodistico.com\/wp-content\/uploads\/2024\/07\/img-20240722-wa00427562500270436412452-1024x683.jpg\" alt=\"\" class=\"wp-image-29235\" srcset=\"https:\/\/contextoanalisisperiodistico.com\/wp-content\/uploads\/2024\/07\/img-20240722-wa00427562500270436412452-1024x683.jpg 1024w, https:\/\/contextoanalisisperiodistico.com\/wp-content\/uploads\/2024\/07\/img-20240722-wa00427562500270436412452-300x200.jpg 300w, https:\/\/contextoanalisisperiodistico.com\/wp-content\/uploads\/2024\/07\/img-20240722-wa00427562500270436412452-768x512.jpg 768w, https:\/\/contextoanalisisperiodistico.com\/wp-content\/uploads\/2024\/07\/img-20240722-wa00427562500270436412452.jpg 1440w\" sizes=\"(max-width: 1024px) 100vw, 1024px\" \/><\/figure>\n\n\n\n<figure class=\"wp-block-image\"><img loading=\"lazy\" decoding=\"async\" width=\"1024\" height=\"682\" src=\"https:\/\/contextoanalisisperiodistico.com\/wp-content\/uploads\/2024\/07\/img-20240722-wa00432854294909753429375-1024x682.jpg\" alt=\"\" class=\"wp-image-29236\" srcset=\"https:\/\/contextoanalisisperiodistico.com\/wp-content\/uploads\/2024\/07\/img-20240722-wa00432854294909753429375-1024x682.jpg 1024w, https:\/\/contextoanalisisperiodistico.com\/wp-content\/uploads\/2024\/07\/img-20240722-wa00432854294909753429375-300x200.jpg 300w, https:\/\/contextoanalisisperiodistico.com\/wp-content\/uploads\/2024\/07\/img-20240722-wa00432854294909753429375-768x512.jpg 768w, https:\/\/contextoanalisisperiodistico.com\/wp-content\/uploads\/2024\/07\/img-20240722-wa00432854294909753429375-1536x1023.jpg 1536w, https:\/\/contextoanalisisperiodistico.com\/wp-content\/uploads\/2024\/07\/img-20240722-wa00432854294909753429375.jpg 1600w\" sizes=\"(max-width: 1024px) 100vw, 1024px\" \/><\/figure>\n\n\n\n<figure class=\"wp-block-image\"><img loading=\"lazy\" decoding=\"async\" width=\"1024\" height=\"683\" src=\"https:\/\/contextoanalisisperiodistico.com\/wp-content\/uploads\/2024\/07\/img-20240722-wa00441090843221199863044-1024x683.jpg\" alt=\"\" class=\"wp-image-29237\" srcset=\"https:\/\/contextoanalisisperiodistico.com\/wp-content\/uploads\/2024\/07\/img-20240722-wa00441090843221199863044-1024x683.jpg 1024w, https:\/\/contextoanalisisperiodistico.com\/wp-content\/uploads\/2024\/07\/img-20240722-wa00441090843221199863044-300x200.jpg 300w, https:\/\/contextoanalisisperiodistico.com\/wp-content\/uploads\/2024\/07\/img-20240722-wa00441090843221199863044-768x512.jpg 768w, https:\/\/contextoanalisisperiodistico.com\/wp-content\/uploads\/2024\/07\/img-20240722-wa00441090843221199863044-1536x1024.jpg 1536w, https:\/\/contextoanalisisperiodistico.com\/wp-content\/uploads\/2024\/07\/img-20240722-wa00441090843221199863044.jpg 1560w\" sizes=\"(max-width: 1024px) 100vw, 1024px\" \/><\/figure>\n\n\n\n<figure class=\"wp-block-image\"><img loading=\"lazy\" decoding=\"async\" width=\"1024\" height=\"683\" src=\"https:\/\/contextoanalisisperiodistico.com\/wp-content\/uploads\/2024\/07\/img-20240722-wa00557201811877805987738-1024x683.jpg\" alt=\"\" class=\"wp-image-29238\" srcset=\"https:\/\/contextoanalisisperiodistico.com\/wp-content\/uploads\/2024\/07\/img-20240722-wa00557201811877805987738-1024x683.jpg 1024w, https:\/\/contextoanalisisperiodistico.com\/wp-content\/uploads\/2024\/07\/img-20240722-wa00557201811877805987738-300x200.jpg 300w, https:\/\/contextoanalisisperiodistico.com\/wp-content\/uploads\/2024\/07\/img-20240722-wa00557201811877805987738-768x512.jpg 768w, https:\/\/contextoanalisisperiodistico.com\/wp-content\/uploads\/2024\/07\/img-20240722-wa00557201811877805987738-1536x1024.jpg 1536w, https:\/\/contextoanalisisperiodistico.com\/wp-content\/uploads\/2024\/07\/img-20240722-wa00557201811877805987738.jpg 1560w\" sizes=\"(max-width: 1024px) 100vw, 1024px\" \/><\/figure>\n\n\n\n<p>\u2022 Desde el coraz\u00f3n cultural de M\u00e9xico, se inici\u00f3 la 92 emisi\u00f3n de la m\u00e1xima fiesta de las y los oaxaque\u00f1os<\/p>\n\n\n\n<p>\u2022 Asisti\u00f3 el Gobernador Salom\u00f3n Jara Cruz, la Presidenta Horaria del Sistema DIF Oaxaca, Irma Bola\u00f1os Quijano y representantes del Gobierno de M\u00e9xico y de otros pa\u00edses<\/p>\n\n\n\n<p>Oaxaca de Ju\u00e1rez, Oax. 22 de julio de 2024.- Entre la algarab\u00eda, aplausos y gritos de \u00ab\u00a1Viva Oaxaca! \u00a1Viva la Guelaguetza!\u00bb se realiz\u00f3 la emisi\u00f3n matutina del primer Lunes del Cerro, en la que participaron 15 delegaciones representativas de las 16 etnias y el pueblo afromexicano de la entidad para compartir con el mundo la cultura, tradici\u00f3n e identidad de su gente.<\/p>\n\n\n\n<p>Las distintas regiones del estado estuvieron representadas en esta fiesta multicolor de m\u00fasica y alegr\u00eda de la edici\u00f3n 92 de la m\u00e1xima expresi\u00f3n de las y los oaxaque\u00f1os.<\/p>\n\n\n\n<p>El Auditorio Guelaguetza alberg\u00f3 a m\u00e1s de 12 mil personas que disfrutaron cada una de las presentaciones cuyos grupos no solo compartieron su m\u00fasica, danza, tradiciones, folclor y entusiasmo, sino tambi\u00e9n su \u201cguendalezaa\u201d -palabra zapoteca que significa ofrenda, regalo-, con productos de sus regiones que brindaron a quienes asistieron.<\/p>\n\n\n\n<p>Este encuentro racial fue presenciado por el Gobernador Salom\u00f3n Jara Cruz, la Presidenta Honoraria del Sistema Estatal para el Desarrollo Integral de la Familia (DIF) Oaxaca, Irma Bola\u00f1os Quijano, la representante de la Diosa Cent\u00e9otl, Juana Hern\u00e1ndez L\u00f3pez y representantes del Gobierno de M\u00e9xico, de otros pa\u00edses y del \u00e1mbito cultural, econ\u00f3micos y social.<\/p>\n\n\n\n<p>El encuentro multicolor inici\u00f3 con el himno de las oaxaque\u00f1as y oaxaque\u00f1os \u201cDios nunca muere\u201d de Macedonio Alcal\u00e1. Posteriormente, la Diosa Cent\u00e9otl, originaria de Santiago Juxtlahuaca, dio la bienvenida, cuyos asistentes ansiosamente esperaban el inicio de la fiesta racial m\u00e1s importante de Latinoam\u00e9rica.<\/p>\n\n\n\n<p>En seguida, las Chinas Oaxaque\u00f1as de Genoveva Medina, con el peculiar jarabe del valle arrancaron los aplausos y gritos; en tanto Asunci\u00f3n Ixtaltepec con el garbo de mujeres y hombres presentaron la elaboraci\u00f3n de su alfarer\u00eda y sones del Istmo. Santiago Llano Grande con la danza de los diablos y Loma Bonita, con el son de la iguana.<\/p>\n\n\n\n<p>En esta ocasi\u00f3n, San Pablo Macuiltianguis se hizo presente con su emocionante torito serrano y, por primera vez, en una celebraci\u00f3n de los Lunes del Cerro asisti\u00f3 Santa Luc\u00eda del Camino que mostr\u00f3 una tradicional ceremonia religiosa que data de m\u00e1s de 400 a\u00f1os.<\/p>\n\n\n\n<p>La Rotonda de la Azucena retumb\u00f3 con los sones y jarabes de Villa Hidalgo Yalalag, al igual que con la interpretaci\u00f3n de Ejutla de Crespo; los integrantes de la danza de la pluma de Villa de Zaachila portaron sus majestuosos penachos y la delegaci\u00f3n de Santo Domingo Tehuantepec expuso una tradicional boda; la esperada presentaci\u00f3n de flor de pi\u00f1a por la delegaci\u00f3n de San Juan Bautista Tuxtepec provoc\u00f3 el entusiasmo del p\u00fablico ante la danza de mujeres con huipiles multicolores.<\/p>\n\n\n\n<p>Putla Villa de Guerrero luci\u00f3 con su tradicional carnaval putleco con la presencia de los reconocidos \u201ctiliches\u201d; junto con los tradicionales sones y jarabes de San Pedro Pochutla; el inigualable jarabe mixteco estuvo a cargo de Huajuapan de Le\u00f3n cuyo p\u00fablico se uni\u00f3 con el vaiv\u00e9n de sus sombreros y la interpretaci\u00f3n de la \u201cCanci\u00f3n Mixteca\u201d; con sus picarescos sones y chilenas, Santiago Pinotepa Nacional cerr\u00f3 esta presentaci\u00f3n matutina en la que se disfrut\u00f3 con un baile conjunto con todas las delegaciones.<\/p>\n\n\n\n<p>Comparte Oaxaca su grandeza cultural con el mundo<\/p>\n\n\n\n<p>El Gobernador Salom\u00f3n Jara Cruz se\u00f1al\u00f3 que esta celebraci\u00f3n muestra la grandeza cultura y folcl\u00f3rica de Oaxaca y que comparte con el mundo. \u201cEl pueblo oaxaque\u00f1o y sus ocho regiones, est\u00e1n orgullosos de la identidad y origen que posee\u201d.<\/p>\n\n\n\n<p>Asistieron los titulares de las secretar\u00edas de Cultura, Alejandra Frausto Guerrero; de Gobernaci\u00f3n, Luisa Mar\u00eda Alcalde Luj\u00e1n; de Seguridad y Protecci\u00f3n Ciudadana, Rosa Icela Rodr\u00edguez Vel\u00e1zquez; de Relaciones Exteriores, Alicia B\u00e1rcena Ibarra y de Educaci\u00f3n P\u00fablica, Leticia Ram\u00edrez Amaya, del Gobierno de M\u00e9xico, as\u00ed como el embajador de Arabia Saudita, Haytam Hassan Mohammed Al-Malki y representantes del sector cultural, econ\u00f3mico y social.<\/p>\n\n\n\n<p>-0-<\/p>\n","protected":false},"excerpt":{"rendered":"<p>\u2022 En la edici\u00f3n matutina del primer Lunes del Cerro se presentaron 15 delegaciones de&#8230;<\/p>\n","protected":false},"author":4,"featured_media":29223,"comment_status":"","ping_status":"open","sticky":false,"template":"","format":"standard","meta":{"footnotes":""},"categories":[9],"tags":[],"jetpack_sharing_enabled":true,"featured_image_urls":{"full":["https:\/\/contextoanalisisperiodistico.com\/wp-content\/uploads\/2024\/07\/IMG-20240722-WA0048.jpg",1515,989,false],"thumbnail":["https:\/\/contextoanalisisperiodistico.com\/wp-content\/uploads\/2024\/07\/IMG-20240722-WA0048-150x150.jpg",150,150,true],"medium":["https:\/\/contextoanalisisperiodistico.com\/wp-content\/uploads\/2024\/07\/IMG-20240722-WA0048-300x196.jpg",300,196,true],"medium_large":["https:\/\/contextoanalisisperiodistico.com\/wp-content\/uploads\/2024\/07\/IMG-20240722-WA0048-768x501.jpg",640,418,true],"large":["https:\/\/contextoanalisisperiodistico.com\/wp-content\/uploads\/2024\/07\/IMG-20240722-WA0048-1024x668.jpg",640,418,true],"1536x1536":["https:\/\/contextoanalisisperiodistico.com\/wp-content\/uploads\/2024\/07\/IMG-20240722-WA0048.jpg",1515,989,false],"2048x2048":["https:\/\/contextoanalisisperiodistico.com\/wp-content\/uploads\/2024\/07\/IMG-20240722-WA0048.jpg",1515,989,false],"covernews-slider-full":["https:\/\/contextoanalisisperiodistico.com\/wp-content\/uploads\/2024\/07\/IMG-20240722-WA0048-1115x715.jpg",1115,715,true],"covernews-slider-center":["https:\/\/contextoanalisisperiodistico.com\/wp-content\/uploads\/2024\/07\/IMG-20240722-WA0048-800x500.jpg",800,500,true],"covernews-featured":["https:\/\/contextoanalisisperiodistico.com\/wp-content\/uploads\/2024\/07\/IMG-20240722-WA0048-1024x668.jpg",1024,668,true],"covernews-medium":["https:\/\/contextoanalisisperiodistico.com\/wp-content\/uploads\/2024\/07\/IMG-20240722-WA0048-540x340.jpg",540,340,true],"covernews-medium-square":["https:\/\/contextoanalisisperiodistico.com\/wp-content\/uploads\/2024\/07\/IMG-20240722-WA0048-400x250.jpg",400,250,true]},"author_info":{"display_name":"Mario Gir\u00f3n","author_link":"https:\/\/contextoanalisisperiodistico.com\/index.php\/author\/director\/"},"category_info":"<a href=\"https:\/\/contextoanalisisperiodistico.com\/index.php\/category\/politica\/\" rel=\"category tag\">Pol\u00edtica<\/a>","tag_info":"Pol\u00edtica","comment_count":"0","jetpack_featured_media_url":"https:\/\/contextoanalisisperiodistico.com\/wp-content\/uploads\/2024\/07\/IMG-20240722-WA0048.jpg","_links":{"self":[{"href":"https:\/\/contextoanalisisperiodistico.com\/index.php\/wp-json\/wp\/v2\/posts\/29239"}],"collection":[{"href":"https:\/\/contextoanalisisperiodistico.com\/index.php\/wp-json\/wp\/v2\/posts"}],"about":[{"href":"https:\/\/contextoanalisisperiodistico.com\/index.php\/wp-json\/wp\/v2\/types\/post"}],"author":[{"embeddable":true,"href":"https:\/\/contextoanalisisperiodistico.com\/index.php\/wp-json\/wp\/v2\/users\/4"}],"replies":[{"embeddable":true,"href":"https:\/\/contextoanalisisperiodistico.com\/index.php\/wp-json\/wp\/v2\/comments?post=29239"}],"version-history":[{"count":0,"href":"https:\/\/contextoanalisisperiodistico.com\/index.php\/wp-json\/wp\/v2\/posts\/29239\/revisions"}],"wp:featuredmedia":[{"embeddable":true,"href":"https:\/\/contextoanalisisperiodistico.com\/index.php\/wp-json\/wp\/v2\/media\/29223"}],"wp:attachment":[{"href":"https:\/\/contextoanalisisperiodistico.com\/index.php\/wp-json\/wp\/v2\/media?parent=29239"}],"wp:term":[{"taxonomy":"category","embeddable":true,"href":"https:\/\/contextoanalisisperiodistico.com\/index.php\/wp-json\/wp\/v2\/categories?post=29239"},{"taxonomy":"post_tag","embeddable":true,"href":"https:\/\/contextoanalisisperiodistico.com\/index.php\/wp-json\/wp\/v2\/tags?post=29239"}],"curies":[{"name":"wp","href":"https:\/\/api.w.org\/{rel}","templated":true}]}}