{"id":29222,"date":"2024-07-22T10:51:01","date_gmt":"2024-07-22T16:51:01","guid":{"rendered":"https:\/\/contextoanalisisperiodistico.com\/index.php\/2024\/07\/22\/vibra-oaxaca-con-la-primera-funcion-de-donajila-leyenda\/"},"modified":"2024-07-22T10:51:01","modified_gmt":"2024-07-22T16:51:01","slug":"vibra-oaxaca-con-la-primera-funcion-de-donajila-leyenda","status":"publish","type":"post","link":"https:\/\/contextoanalisisperiodistico.com\/index.php\/2024\/07\/22\/vibra-oaxaca-con-la-primera-funcion-de-donajila-leyenda\/","title":{"rendered":"Vibra Oaxaca con la primera funci\u00f3n de Donaj\u00ed\u2026La Leyenda"},"content":{"rendered":"<div id=\"fb-root\"><\/div>\n\n<ul class=\"wp-block-list\">\n<li>Obra presentada, a\u00f1o con a\u00f1o, a cargo del Ballet Folkl\u00f3rico de Oaxaca<\/li>\n<\/ul>\n\n\n\n<figure class=\"wp-block-image size-large\"><img fetchpriority=\"high\" decoding=\"async\" width=\"1024\" height=\"685\" src=\"https:\/\/contextoanalisisperiodistico.com\/wp-content\/uploads\/2024\/07\/img-20240722-wa00196631531173779554227-1024x685.jpg\" alt=\"\" class=\"wp-image-29221\" srcset=\"https:\/\/contextoanalisisperiodistico.com\/wp-content\/uploads\/2024\/07\/img-20240722-wa00196631531173779554227-1024x685.jpg 1024w, https:\/\/contextoanalisisperiodistico.com\/wp-content\/uploads\/2024\/07\/img-20240722-wa00196631531173779554227-300x201.jpg 300w, https:\/\/contextoanalisisperiodistico.com\/wp-content\/uploads\/2024\/07\/img-20240722-wa00196631531173779554227-768x514.jpg 768w, https:\/\/contextoanalisisperiodistico.com\/wp-content\/uploads\/2024\/07\/img-20240722-wa00196631531173779554227-1536x1027.jpg 1536w, https:\/\/contextoanalisisperiodistico.com\/wp-content\/uploads\/2024\/07\/img-20240722-wa00196631531173779554227.jpg 1600w\" sizes=\"(max-width: 1024px) 100vw, 1024px\" \/><\/figure>\n\n\n\n<figure class=\"wp-block-image\"><img decoding=\"async\" width=\"1024\" height=\"685\" src=\"https:\/\/contextoanalisisperiodistico.com\/wp-content\/uploads\/2024\/07\/img-20240722-wa00181138447800994662093-1024x685.jpg\" alt=\"\" class=\"wp-image-29219\" srcset=\"https:\/\/contextoanalisisperiodistico.com\/wp-content\/uploads\/2024\/07\/img-20240722-wa00181138447800994662093-1024x685.jpg 1024w, https:\/\/contextoanalisisperiodistico.com\/wp-content\/uploads\/2024\/07\/img-20240722-wa00181138447800994662093-300x201.jpg 300w, https:\/\/contextoanalisisperiodistico.com\/wp-content\/uploads\/2024\/07\/img-20240722-wa00181138447800994662093-768x514.jpg 768w, https:\/\/contextoanalisisperiodistico.com\/wp-content\/uploads\/2024\/07\/img-20240722-wa00181138447800994662093-1536x1027.jpg 1536w, https:\/\/contextoanalisisperiodistico.com\/wp-content\/uploads\/2024\/07\/img-20240722-wa00181138447800994662093.jpg 1600w\" sizes=\"(max-width: 1024px) 100vw, 1024px\" \/><\/figure>\n\n\n\n<figure class=\"wp-block-image\"><img decoding=\"async\" width=\"1024\" height=\"685\" src=\"https:\/\/contextoanalisisperiodistico.com\/wp-content\/uploads\/2024\/07\/img-20240722-wa00166947595554506947879-1024x685.jpg\" alt=\"\" class=\"wp-image-29220\" srcset=\"https:\/\/contextoanalisisperiodistico.com\/wp-content\/uploads\/2024\/07\/img-20240722-wa00166947595554506947879-1024x685.jpg 1024w, https:\/\/contextoanalisisperiodistico.com\/wp-content\/uploads\/2024\/07\/img-20240722-wa00166947595554506947879-300x201.jpg 300w, https:\/\/contextoanalisisperiodistico.com\/wp-content\/uploads\/2024\/07\/img-20240722-wa00166947595554506947879-768x514.jpg 768w, https:\/\/contextoanalisisperiodistico.com\/wp-content\/uploads\/2024\/07\/img-20240722-wa00166947595554506947879-1536x1027.jpg 1536w, https:\/\/contextoanalisisperiodistico.com\/wp-content\/uploads\/2024\/07\/img-20240722-wa00166947595554506947879.jpg 1600w\" sizes=\"(max-width: 1024px) 100vw, 1024px\" \/><\/figure>\n\n\n\n<p>Oaxaca de Ju\u00e1rez, Oaxaca, a 22 de julio de 2024.- Ante miles de espectadores que se dieron cita en el Auditorio Guelaguetza, la primera funci\u00f3n del espect\u00e1culo danc\u00edstico, Donaj\u00ed\u2026La Leyenda, fue todo un \u00e9xito.<\/p>\n\n\n\n<p>Oaxaque\u00f1as, oaxaque\u00f1os y asistentes de todas partes del mundo, disfrutaron de la esencia del pueblo oaxaque\u00f1o representado a trav\u00e9s de la obra presentada, a\u00f1o con a\u00f1o, a cargo del Ballet Folkl\u00f3rico de Oaxaca.<\/p>\n\n\n\n<p>El Presidente Municipal, Francisco Mart\u00ednez Neri, acompa\u00f1ado de la Presidenta del Sistema DIF Municipal, Bernarda Gonz\u00e1lez Rivas, record\u00f3 que el pr\u00f3ximo 28 de julio a las 20:00 horas se realizar\u00e1 la segunda funci\u00f3n.<\/p>\n\n\n\n<p>\u201cEsta obra emblem\u00e1tica de Oaxaca captura el esp\u00edritu de lucha y libertad, que deja una huella en el coraz\u00f3n de quienes la conocen\u201d, indic\u00f3 el edil con la asistencia de la secretaria de Turismo del Estado, Saymi Pineda Velasco.<\/p>\n\n\n\n<p>Por su parte, el secretario de Fomento Tur\u00edstico, \u00c1ngel Norberto Osorio Morales, indic\u00f3 que se registr\u00f3 saldo blanco durante la primera funci\u00f3n, y el evento se caracteriz\u00f3 por la algarab\u00eda de las y los asistentes que puedieron disfrutar del espect\u00e1culo.<\/p>\n\n\n\n<p>Los boletos para la siguiente funci\u00f3n est\u00e1n disponibles en la plataforma de superboletos.com, o bien en el Palacio Municipal y m\u00f3dulos de informaci\u00f3n tur\u00edstica ubicados en la Alameda del L\u00e9on y Santo Domingo de Guzm\u00e1n; los palcos C y D son gratuitos sin necesidad de presentar boletos.<\/p>\n\n\n\n<p>El relato de Donaj\u00ed se sit\u00faa en el a\u00f1o 1,501, con el pacto del rey Cosijoeza con los mexicas y el nacimiento de Alma Grande; da cuenta del amor imposible entre la princesa zapoteca y Nucano, pr\u00edncipe mixteco, pueblos guerreros irreconciliables y Donaj\u00ed paga con su vida la derrota de su pueblo.<\/p>\n","protected":false},"excerpt":{"rendered":"<p>Oaxaca de Ju\u00e1rez, Oaxaca, a 22 de julio de 2024.- Ante miles de espectadores que&#8230;<\/p>\n","protected":false},"author":4,"featured_media":29218,"comment_status":"","ping_status":"open","sticky":false,"template":"","format":"standard","meta":{"footnotes":""},"categories":[9],"tags":[],"jetpack_sharing_enabled":true,"featured_image_urls":{"full":["https:\/\/contextoanalisisperiodistico.com\/wp-content\/uploads\/2024\/07\/IMG-20240722-WA0017.jpg",1600,1070,false],"thumbnail":["https:\/\/contextoanalisisperiodistico.com\/wp-content\/uploads\/2024\/07\/IMG-20240722-WA0017-150x150.jpg",150,150,true],"medium":["https:\/\/contextoanalisisperiodistico.com\/wp-content\/uploads\/2024\/07\/IMG-20240722-WA0017-300x201.jpg",300,201,true],"medium_large":["https:\/\/contextoanalisisperiodistico.com\/wp-content\/uploads\/2024\/07\/IMG-20240722-WA0017-768x514.jpg",640,428,true],"large":["https:\/\/contextoanalisisperiodistico.com\/wp-content\/uploads\/2024\/07\/IMG-20240722-WA0017-1024x685.jpg",640,428,true],"1536x1536":["https:\/\/contextoanalisisperiodistico.com\/wp-content\/uploads\/2024\/07\/IMG-20240722-WA0017-1536x1027.jpg",1536,1027,true],"2048x2048":["https:\/\/contextoanalisisperiodistico.com\/wp-content\/uploads\/2024\/07\/IMG-20240722-WA0017.jpg",1600,1070,false],"covernews-slider-full":["https:\/\/contextoanalisisperiodistico.com\/wp-content\/uploads\/2024\/07\/IMG-20240722-WA0017-1115x715.jpg",1115,715,true],"covernews-slider-center":["https:\/\/contextoanalisisperiodistico.com\/wp-content\/uploads\/2024\/07\/IMG-20240722-WA0017-800x500.jpg",800,500,true],"covernews-featured":["https:\/\/contextoanalisisperiodistico.com\/wp-content\/uploads\/2024\/07\/IMG-20240722-WA0017-1024x685.jpg",1024,685,true],"covernews-medium":["https:\/\/contextoanalisisperiodistico.com\/wp-content\/uploads\/2024\/07\/IMG-20240722-WA0017-540x340.jpg",540,340,true],"covernews-medium-square":["https:\/\/contextoanalisisperiodistico.com\/wp-content\/uploads\/2024\/07\/IMG-20240722-WA0017-400x250.jpg",400,250,true]},"author_info":{"display_name":"Mario Gir\u00f3n","author_link":"https:\/\/contextoanalisisperiodistico.com\/index.php\/author\/director\/"},"category_info":"<a href=\"https:\/\/contextoanalisisperiodistico.com\/index.php\/category\/politica\/\" rel=\"category tag\">Pol\u00edtica<\/a>","tag_info":"Pol\u00edtica","comment_count":"0","jetpack_featured_media_url":"https:\/\/contextoanalisisperiodistico.com\/wp-content\/uploads\/2024\/07\/IMG-20240722-WA0017.jpg","_links":{"self":[{"href":"https:\/\/contextoanalisisperiodistico.com\/index.php\/wp-json\/wp\/v2\/posts\/29222"}],"collection":[{"href":"https:\/\/contextoanalisisperiodistico.com\/index.php\/wp-json\/wp\/v2\/posts"}],"about":[{"href":"https:\/\/contextoanalisisperiodistico.com\/index.php\/wp-json\/wp\/v2\/types\/post"}],"author":[{"embeddable":true,"href":"https:\/\/contextoanalisisperiodistico.com\/index.php\/wp-json\/wp\/v2\/users\/4"}],"replies":[{"embeddable":true,"href":"https:\/\/contextoanalisisperiodistico.com\/index.php\/wp-json\/wp\/v2\/comments?post=29222"}],"version-history":[{"count":0,"href":"https:\/\/contextoanalisisperiodistico.com\/index.php\/wp-json\/wp\/v2\/posts\/29222\/revisions"}],"wp:featuredmedia":[{"embeddable":true,"href":"https:\/\/contextoanalisisperiodistico.com\/index.php\/wp-json\/wp\/v2\/media\/29218"}],"wp:attachment":[{"href":"https:\/\/contextoanalisisperiodistico.com\/index.php\/wp-json\/wp\/v2\/media?parent=29222"}],"wp:term":[{"taxonomy":"category","embeddable":true,"href":"https:\/\/contextoanalisisperiodistico.com\/index.php\/wp-json\/wp\/v2\/categories?post=29222"},{"taxonomy":"post_tag","embeddable":true,"href":"https:\/\/contextoanalisisperiodistico.com\/index.php\/wp-json\/wp\/v2\/tags?post=29222"}],"curies":[{"name":"wp","href":"https:\/\/api.w.org\/{rel}","templated":true}]}}