{"id":29130,"date":"2024-07-20T14:40:26","date_gmt":"2024-07-20T20:40:26","guid":{"rendered":"https:\/\/contextoanalisisperiodistico.com\/index.php\/2024\/07\/20\/con-exito-inicia-la-feria-del-mezcal-2024-bebida-ancestral-de-oaxaquenos\/"},"modified":"2024-07-20T14:40:26","modified_gmt":"2024-07-20T20:40:26","slug":"con-exito-inicia-la-feria-del-mezcal-2024-bebida-ancestral-de-oaxaquenos","status":"publish","type":"post","link":"https:\/\/contextoanalisisperiodistico.com\/index.php\/2024\/07\/20\/con-exito-inicia-la-feria-del-mezcal-2024-bebida-ancestral-de-oaxaquenos\/","title":{"rendered":"Con \u00e9xito inicia la Feria del Mezcal 2024; bebida ancestral de oaxaque\u00f1os"},"content":{"rendered":"<div id=\"fb-root\"><\/div>\n\n<p>\u2022 El Gobernador Salom\u00f3n Jara Cruz inaugur\u00f3 la edici\u00f3n n\u00famero 25 de esta actividad<\/p>\n\n\n\n<p>\u2022 Se desarrollar\u00e1 hasta el 30 de julio en el Centro Cultural y de Convenciones de Oaxaca, en un horario de 11:00 a 22:00 horas<\/p>\n\n\n\n<p>Santa Luc\u00eda del Camino, Oax. 20 de julio de 2024.- Con la participaci\u00f3n de m\u00e1s de 300 personas expositoras de mezcal, caf\u00e9, artesan\u00edas y agroindustriales, el Gobernador Salom\u00f3n Jara Cruz inaugur\u00f3 la edici\u00f3n 25 de la Feria del Mezcal 2024, que se realiza del 20 al 30 de julio en el Centro Cultural y de Convenciones de Oaxaca (CCCO).<\/p>\n\n\n\n<p>Acompa\u00f1ado de la representante de la Diosa Cent\u00e9otl 2024 Juana Hern\u00e1ndez L\u00f3pez, el Mandatario estatal recorri\u00f3 los stands de esta feria -que se realiza en el marco de las actividades de Julio, mes de la Guelaguetza- a fin de conocer la gran variedad de esta bebida ancestral de las y los oaxaque\u00f1os, reconocida a nivel nacional e internacional por su calidad y caracter\u00edsticas \u00fanicas.<\/p>\n\n\n\n<p>En su oportunidad, el secretario de Desarrollo Econ\u00f3mico Ra\u00fal Ru\u00edz Robles inform\u00f3 que en esta edici\u00f3n las y los productores est\u00e1n distribuidos en seis pabellones que albergan a 95 empresas de mezcal certificado y sus derivados; 20 agroindustriales; 200 casas de artesan\u00edas; 15 creadoras de cerveza artesanal; 21 de caf\u00e9 org\u00e1nico y 15 de comida tradicional.<\/p>\n\n\n\n<p>Agreg\u00f3 que adem\u00e1s de la bebida de agave se presentan exposiciones de textiles, alfarer\u00eda, cer\u00e1mica, fibras vegetales, madera tallada, talabarter\u00eda y papeler\u00eda; arte en cantera, cart\u00f3n, hueso y otros materiales; as\u00ed como productos de higiene personal; conservas; alimentos sin az\u00facar, dulcer\u00eda, abarrotes y alimentos industrializados.<\/p>\n\n\n\n<p>\u201cLa Feria del Mezcal 2024 representa un gran escaparate para que las personas productoras oaxaque\u00f1as lleguen a las grandes cadenas comerciales nacionales y a compradores internacionales\u201d, se\u00f1al\u00f3.<\/p>\n\n\n\n<p>Es de resaltar que en esta ocasi\u00f3n la Feria del Queso y el Quesillo participa con 15 stands. Este evento tambi\u00e9n contar\u00e1 con programas art\u00edsticos y culturales, adem\u00e1s de talleres, asesor\u00edas y capacitaciones a empresas participantes, con el objetivo de brindar herramientas que permitan crecer sus negocios.<\/p>\n\n\n\n<p>Asimismo, se desarrollar\u00e1n mesas de negocios para que empresas nacionales conozcan la oferta local, impulsando as\u00ed a micro, peque\u00f1as o medianas empresas (Mipymes) a nuevos mercados, sin intermediarios, con asesor\u00eda y acompa\u00f1amiento en los tr\u00e1mites necesarios.<\/p>\n\n\n\n<p>Quienes deseen asistir a esta actividad podr\u00e1n hacerlo en un horario de 11:00 a 22:00 horas en el CCCO ubicado en el municipio de Santa Luc\u00eda del Camino.<\/p>\n\n\n\n<p>-0-<\/p>\n\n\n\n<figure class=\"wp-block-image size-large\"><img fetchpriority=\"high\" decoding=\"async\" width=\"1024\" height=\"683\" src=\"https:\/\/contextoanalisisperiodistico.com\/wp-content\/uploads\/2024\/07\/img-20240720-wa00575729949783423526998-1024x683.jpg\" alt=\"\" class=\"wp-image-29128\" srcset=\"https:\/\/contextoanalisisperiodistico.com\/wp-content\/uploads\/2024\/07\/img-20240720-wa00575729949783423526998-1024x683.jpg 1024w, https:\/\/contextoanalisisperiodistico.com\/wp-content\/uploads\/2024\/07\/img-20240720-wa00575729949783423526998-300x200.jpg 300w, https:\/\/contextoanalisisperiodistico.com\/wp-content\/uploads\/2024\/07\/img-20240720-wa00575729949783423526998-768x512.jpg 768w, https:\/\/contextoanalisisperiodistico.com\/wp-content\/uploads\/2024\/07\/img-20240720-wa00575729949783423526998-1536x1024.jpg 1536w, https:\/\/contextoanalisisperiodistico.com\/wp-content\/uploads\/2024\/07\/img-20240720-wa00575729949783423526998.jpg 1600w\" sizes=\"(max-width: 1024px) 100vw, 1024px\" \/><\/figure>\n\n\n\n<figure class=\"wp-block-image\"><img decoding=\"async\" width=\"1024\" height=\"682\" src=\"https:\/\/contextoanalisisperiodistico.com\/wp-content\/uploads\/2024\/07\/img-20240720-wa00526019829060346357914-1024x682.jpg\" alt=\"\" class=\"wp-image-29125\" srcset=\"https:\/\/contextoanalisisperiodistico.com\/wp-content\/uploads\/2024\/07\/img-20240720-wa00526019829060346357914-1024x682.jpg 1024w, https:\/\/contextoanalisisperiodistico.com\/wp-content\/uploads\/2024\/07\/img-20240720-wa00526019829060346357914-300x200.jpg 300w, https:\/\/contextoanalisisperiodistico.com\/wp-content\/uploads\/2024\/07\/img-20240720-wa00526019829060346357914-768x512.jpg 768w, https:\/\/contextoanalisisperiodistico.com\/wp-content\/uploads\/2024\/07\/img-20240720-wa00526019829060346357914-1536x1023.jpg 1536w, https:\/\/contextoanalisisperiodistico.com\/wp-content\/uploads\/2024\/07\/img-20240720-wa00526019829060346357914.jpg 1600w\" sizes=\"(max-width: 1024px) 100vw, 1024px\" \/><\/figure>\n\n\n\n<figure class=\"wp-block-image\"><img decoding=\"async\" width=\"1024\" height=\"682\" src=\"https:\/\/contextoanalisisperiodistico.com\/wp-content\/uploads\/2024\/07\/img-20240720-wa00565171175251985491332-1024x682.jpg\" alt=\"\" class=\"wp-image-29126\" srcset=\"https:\/\/contextoanalisisperiodistico.com\/wp-content\/uploads\/2024\/07\/img-20240720-wa00565171175251985491332-1024x682.jpg 1024w, https:\/\/contextoanalisisperiodistico.com\/wp-content\/uploads\/2024\/07\/img-20240720-wa00565171175251985491332-300x200.jpg 300w, https:\/\/contextoanalisisperiodistico.com\/wp-content\/uploads\/2024\/07\/img-20240720-wa00565171175251985491332-768x512.jpg 768w, https:\/\/contextoanalisisperiodistico.com\/wp-content\/uploads\/2024\/07\/img-20240720-wa00565171175251985491332-1536x1023.jpg 1536w, https:\/\/contextoanalisisperiodistico.com\/wp-content\/uploads\/2024\/07\/img-20240720-wa00565171175251985491332.jpg 1600w\" sizes=\"(max-width: 1024px) 100vw, 1024px\" \/><\/figure>\n\n\n\n<figure class=\"wp-block-image\"><img loading=\"lazy\" decoding=\"async\" width=\"1024\" height=\"682\" src=\"https:\/\/contextoanalisisperiodistico.com\/wp-content\/uploads\/2024\/07\/img-20240720-wa00548293080367041854032-1024x682.jpg\" alt=\"\" class=\"wp-image-29127\" srcset=\"https:\/\/contextoanalisisperiodistico.com\/wp-content\/uploads\/2024\/07\/img-20240720-wa00548293080367041854032-1024x682.jpg 1024w, https:\/\/contextoanalisisperiodistico.com\/wp-content\/uploads\/2024\/07\/img-20240720-wa00548293080367041854032-300x200.jpg 300w, https:\/\/contextoanalisisperiodistico.com\/wp-content\/uploads\/2024\/07\/img-20240720-wa00548293080367041854032-768x512.jpg 768w, https:\/\/contextoanalisisperiodistico.com\/wp-content\/uploads\/2024\/07\/img-20240720-wa00548293080367041854032-1536x1023.jpg 1536w, https:\/\/contextoanalisisperiodistico.com\/wp-content\/uploads\/2024\/07\/img-20240720-wa00548293080367041854032.jpg 1600w\" sizes=\"(max-width: 1024px) 100vw, 1024px\" \/><\/figure>\n\n\n\n<figure class=\"wp-block-image\"><img loading=\"lazy\" decoding=\"async\" width=\"1024\" height=\"682\" src=\"https:\/\/contextoanalisisperiodistico.com\/wp-content\/uploads\/2024\/07\/img-20240720-wa00582458354036338578958-1024x682.jpg\" alt=\"\" class=\"wp-image-29124\" srcset=\"https:\/\/contextoanalisisperiodistico.com\/wp-content\/uploads\/2024\/07\/img-20240720-wa00582458354036338578958-1024x682.jpg 1024w, https:\/\/contextoanalisisperiodistico.com\/wp-content\/uploads\/2024\/07\/img-20240720-wa00582458354036338578958-300x200.jpg 300w, https:\/\/contextoanalisisperiodistico.com\/wp-content\/uploads\/2024\/07\/img-20240720-wa00582458354036338578958-768x512.jpg 768w, https:\/\/contextoanalisisperiodistico.com\/wp-content\/uploads\/2024\/07\/img-20240720-wa00582458354036338578958-1536x1023.jpg 1536w, https:\/\/contextoanalisisperiodistico.com\/wp-content\/uploads\/2024\/07\/img-20240720-wa00582458354036338578958.jpg 1600w\" sizes=\"(max-width: 1024px) 100vw, 1024px\" \/><\/figure>\n\n\n\n<figure class=\"wp-block-image\"><img loading=\"lazy\" decoding=\"async\" width=\"1024\" height=\"682\" src=\"https:\/\/contextoanalisisperiodistico.com\/wp-content\/uploads\/2024\/07\/img-20240720-wa00604823661770846220573-1024x682.jpg\" alt=\"\" class=\"wp-image-29129\" srcset=\"https:\/\/contextoanalisisperiodistico.com\/wp-content\/uploads\/2024\/07\/img-20240720-wa00604823661770846220573-1024x682.jpg 1024w, https:\/\/contextoanalisisperiodistico.com\/wp-content\/uploads\/2024\/07\/img-20240720-wa00604823661770846220573-300x200.jpg 300w, https:\/\/contextoanalisisperiodistico.com\/wp-content\/uploads\/2024\/07\/img-20240720-wa00604823661770846220573-768x512.jpg 768w, https:\/\/contextoanalisisperiodistico.com\/wp-content\/uploads\/2024\/07\/img-20240720-wa00604823661770846220573-1536x1023.jpg 1536w, https:\/\/contextoanalisisperiodistico.com\/wp-content\/uploads\/2024\/07\/img-20240720-wa00604823661770846220573.jpg 1600w\" sizes=\"(max-width: 1024px) 100vw, 1024px\" \/><\/figure>\n","protected":false},"excerpt":{"rendered":"<p>\u2022 El Gobernador Salom\u00f3n Jara Cruz inaugur\u00f3 la edici\u00f3n n\u00famero 25 de esta actividad \u2022&#8230;<\/p>\n","protected":false},"author":4,"featured_media":29123,"comment_status":"","ping_status":"open","sticky":false,"template":"","format":"standard","meta":{"footnotes":""},"categories":[9],"tags":[],"jetpack_sharing_enabled":true,"featured_image_urls":{"full":["https:\/\/contextoanalisisperiodistico.com\/wp-content\/uploads\/2024\/07\/IMG-20240720-WA0055.jpg",1600,1066,false],"thumbnail":["https:\/\/contextoanalisisperiodistico.com\/wp-content\/uploads\/2024\/07\/IMG-20240720-WA0055-150x150.jpg",150,150,true],"medium":["https:\/\/contextoanalisisperiodistico.com\/wp-content\/uploads\/2024\/07\/IMG-20240720-WA0055-300x200.jpg",300,200,true],"medium_large":["https:\/\/contextoanalisisperiodistico.com\/wp-content\/uploads\/2024\/07\/IMG-20240720-WA0055-768x512.jpg",640,427,true],"large":["https:\/\/contextoanalisisperiodistico.com\/wp-content\/uploads\/2024\/07\/IMG-20240720-WA0055-1024x682.jpg",640,426,true],"1536x1536":["https:\/\/contextoanalisisperiodistico.com\/wp-content\/uploads\/2024\/07\/IMG-20240720-WA0055-1536x1023.jpg",1536,1023,true],"2048x2048":["https:\/\/contextoanalisisperiodistico.com\/wp-content\/uploads\/2024\/07\/IMG-20240720-WA0055.jpg",1600,1066,false],"covernews-slider-full":["https:\/\/contextoanalisisperiodistico.com\/wp-content\/uploads\/2024\/07\/IMG-20240720-WA0055-1115x715.jpg",1115,715,true],"covernews-slider-center":["https:\/\/contextoanalisisperiodistico.com\/wp-content\/uploads\/2024\/07\/IMG-20240720-WA0055-800x500.jpg",800,500,true],"covernews-featured":["https:\/\/contextoanalisisperiodistico.com\/wp-content\/uploads\/2024\/07\/IMG-20240720-WA0055-1024x682.jpg",1024,682,true],"covernews-medium":["https:\/\/contextoanalisisperiodistico.com\/wp-content\/uploads\/2024\/07\/IMG-20240720-WA0055-540x340.jpg",540,340,true],"covernews-medium-square":["https:\/\/contextoanalisisperiodistico.com\/wp-content\/uploads\/2024\/07\/IMG-20240720-WA0055-400x250.jpg",400,250,true]},"author_info":{"display_name":"Mario Gir\u00f3n","author_link":"https:\/\/contextoanalisisperiodistico.com\/index.php\/author\/director\/"},"category_info":"<a href=\"https:\/\/contextoanalisisperiodistico.com\/index.php\/category\/politica\/\" rel=\"category tag\">Pol\u00edtica<\/a>","tag_info":"Pol\u00edtica","comment_count":"0","jetpack_featured_media_url":"https:\/\/contextoanalisisperiodistico.com\/wp-content\/uploads\/2024\/07\/IMG-20240720-WA0055.jpg","_links":{"self":[{"href":"https:\/\/contextoanalisisperiodistico.com\/index.php\/wp-json\/wp\/v2\/posts\/29130"}],"collection":[{"href":"https:\/\/contextoanalisisperiodistico.com\/index.php\/wp-json\/wp\/v2\/posts"}],"about":[{"href":"https:\/\/contextoanalisisperiodistico.com\/index.php\/wp-json\/wp\/v2\/types\/post"}],"author":[{"embeddable":true,"href":"https:\/\/contextoanalisisperiodistico.com\/index.php\/wp-json\/wp\/v2\/users\/4"}],"replies":[{"embeddable":true,"href":"https:\/\/contextoanalisisperiodistico.com\/index.php\/wp-json\/wp\/v2\/comments?post=29130"}],"version-history":[{"count":0,"href":"https:\/\/contextoanalisisperiodistico.com\/index.php\/wp-json\/wp\/v2\/posts\/29130\/revisions"}],"wp:featuredmedia":[{"embeddable":true,"href":"https:\/\/contextoanalisisperiodistico.com\/index.php\/wp-json\/wp\/v2\/media\/29123"}],"wp:attachment":[{"href":"https:\/\/contextoanalisisperiodistico.com\/index.php\/wp-json\/wp\/v2\/media?parent=29130"}],"wp:term":[{"taxonomy":"category","embeddable":true,"href":"https:\/\/contextoanalisisperiodistico.com\/index.php\/wp-json\/wp\/v2\/categories?post=29130"},{"taxonomy":"post_tag","embeddable":true,"href":"https:\/\/contextoanalisisperiodistico.com\/index.php\/wp-json\/wp\/v2\/tags?post=29130"}],"curies":[{"name":"wp","href":"https:\/\/api.w.org\/{rel}","templated":true}]}}