{"id":29122,"date":"2024-07-20T09:50:08","date_gmt":"2024-07-20T15:50:08","guid":{"rendered":"https:\/\/contextoanalisisperiodistico.com\/index.php\/2024\/07\/20\/entrega-ayuntamiento-capitalino-llaves-de-la-ciudad-a-embajador-y-ministra-de-la-corte\/"},"modified":"2024-07-20T09:50:08","modified_gmt":"2024-07-20T15:50:08","slug":"entrega-ayuntamiento-capitalino-llaves-de-la-ciudad-a-embajador-y-ministra-de-la-corte","status":"publish","type":"post","link":"https:\/\/contextoanalisisperiodistico.com\/index.php\/2024\/07\/20\/entrega-ayuntamiento-capitalino-llaves-de-la-ciudad-a-embajador-y-ministra-de-la-corte\/","title":{"rendered":"Entrega Ayuntamiento capitalino Llaves de la Ciudad a Embajador y Ministra de la Corte"},"content":{"rendered":"<div id=\"fb-root\"><\/div>\n\n<ul class=\"wp-block-list\">\n<li>Se entreg\u00f3 tambi\u00e9n la calidad de \u201cVisitante Distinguido\u201d a Jos\u00e9 Agust\u00edn Ortiz Pinchetti.<\/li>\n<\/ul>\n\n\n\n<figure class=\"wp-block-image size-large\"><img fetchpriority=\"high\" decoding=\"async\" width=\"1024\" height=\"685\" src=\"https:\/\/contextoanalisisperiodistico.com\/wp-content\/uploads\/2024\/07\/img-20240720-wa00233705533455674506784-1024x685.jpg\" alt=\"\" class=\"wp-image-29121\" srcset=\"https:\/\/contextoanalisisperiodistico.com\/wp-content\/uploads\/2024\/07\/img-20240720-wa00233705533455674506784-1024x685.jpg 1024w, https:\/\/contextoanalisisperiodistico.com\/wp-content\/uploads\/2024\/07\/img-20240720-wa00233705533455674506784-300x201.jpg 300w, https:\/\/contextoanalisisperiodistico.com\/wp-content\/uploads\/2024\/07\/img-20240720-wa00233705533455674506784-768x514.jpg 768w, https:\/\/contextoanalisisperiodistico.com\/wp-content\/uploads\/2024\/07\/img-20240720-wa00233705533455674506784-1536x1027.jpg 1536w, https:\/\/contextoanalisisperiodistico.com\/wp-content\/uploads\/2024\/07\/img-20240720-wa00233705533455674506784.jpg 1600w\" sizes=\"(max-width: 1024px) 100vw, 1024px\" \/><\/figure>\n\n\n\n<figure class=\"wp-block-image\"><img decoding=\"async\" width=\"1024\" height=\"653\" src=\"https:\/\/contextoanalisisperiodistico.com\/wp-content\/uploads\/2024\/07\/img-20240720-wa00258152610498730081572-1024x653.jpg\" alt=\"\" class=\"wp-image-29118\" srcset=\"https:\/\/contextoanalisisperiodistico.com\/wp-content\/uploads\/2024\/07\/img-20240720-wa00258152610498730081572-1024x653.jpg 1024w, https:\/\/contextoanalisisperiodistico.com\/wp-content\/uploads\/2024\/07\/img-20240720-wa00258152610498730081572-300x191.jpg 300w, https:\/\/contextoanalisisperiodistico.com\/wp-content\/uploads\/2024\/07\/img-20240720-wa00258152610498730081572-768x490.jpg 768w, https:\/\/contextoanalisisperiodistico.com\/wp-content\/uploads\/2024\/07\/img-20240720-wa00258152610498730081572.jpg 1216w\" sizes=\"(max-width: 1024px) 100vw, 1024px\" \/><\/figure>\n\n\n\n<figure class=\"wp-block-image\"><img decoding=\"async\" width=\"1024\" height=\"685\" src=\"https:\/\/contextoanalisisperiodistico.com\/wp-content\/uploads\/2024\/07\/img-20240720-wa00268882801331911349038-1024x685.jpg\" alt=\"\" class=\"wp-image-29119\" srcset=\"https:\/\/contextoanalisisperiodistico.com\/wp-content\/uploads\/2024\/07\/img-20240720-wa00268882801331911349038-1024x685.jpg 1024w, https:\/\/contextoanalisisperiodistico.com\/wp-content\/uploads\/2024\/07\/img-20240720-wa00268882801331911349038-300x201.jpg 300w, https:\/\/contextoanalisisperiodistico.com\/wp-content\/uploads\/2024\/07\/img-20240720-wa00268882801331911349038-768x514.jpg 768w, https:\/\/contextoanalisisperiodistico.com\/wp-content\/uploads\/2024\/07\/img-20240720-wa00268882801331911349038-1536x1027.jpg 1536w, https:\/\/contextoanalisisperiodistico.com\/wp-content\/uploads\/2024\/07\/img-20240720-wa00268882801331911349038.jpg 1600w\" sizes=\"(max-width: 1024px) 100vw, 1024px\" \/><\/figure>\n\n\n\n<figure class=\"wp-block-image\"><img loading=\"lazy\" decoding=\"async\" width=\"1024\" height=\"685\" src=\"https:\/\/contextoanalisisperiodistico.com\/wp-content\/uploads\/2024\/07\/img-20240720-wa00276970970860563297936-1024x685.jpg\" alt=\"\" class=\"wp-image-29120\" srcset=\"https:\/\/contextoanalisisperiodistico.com\/wp-content\/uploads\/2024\/07\/img-20240720-wa00276970970860563297936-1024x685.jpg 1024w, https:\/\/contextoanalisisperiodistico.com\/wp-content\/uploads\/2024\/07\/img-20240720-wa00276970970860563297936-300x201.jpg 300w, https:\/\/contextoanalisisperiodistico.com\/wp-content\/uploads\/2024\/07\/img-20240720-wa00276970970860563297936-768x514.jpg 768w, https:\/\/contextoanalisisperiodistico.com\/wp-content\/uploads\/2024\/07\/img-20240720-wa00276970970860563297936-1536x1027.jpg 1536w, https:\/\/contextoanalisisperiodistico.com\/wp-content\/uploads\/2024\/07\/img-20240720-wa00276970970860563297936.jpg 1600w\" sizes=\"(max-width: 1024px) 100vw, 1024px\" \/><\/figure>\n\n\n\n<p><em>Oaxaca de Ju\u00e1rez, Oaxaca, a 19 de julio de 2024<\/em>.- El casino del Teatro Macedonio Alcal\u00e1 fue el escenario en el que el presidente municipal, Francisco Mart\u00ednez Neri, hizo entrega de las \u201cLlaves de la Ciudad\u201d al Embajador del Reino de Arabia Saudita en M\u00e9xico, se\u00f1or Haytham Bin Hassan Mohammed Al-Malki.<\/p>\n\n\n\n<p>El Primer Concejal de la Verde Antequera resalt\u00f3 el compromiso ejemplar que ha basado el actuar de Haytham Hassan respecto al fortalecimiento de la cooperaci\u00f3n bilateral entre ambas naciones en diversas \u00e1reas como el comercio, la inversi\u00f3n, la cultura y la educaci\u00f3n.<\/p>\n\n\n\n<p>Con el acompa\u00f1amiento de la Presidenta Honoraria del Sistema DIF Municipal, Bernarda Gonz\u00e1lez Rivas, Mart\u00ednez Neri asegur\u00f3 que el encuentro e intercambio de experiencias permitir\u00e1 abrir nuevas puertas a la cooperaci\u00f3n cultural y econ\u00f3mica, lo que garantizar\u00e1 beneficios significativos para ambas comunidades, especialmente a la ciudadan\u00eda de Oaxaca de Ju\u00e1rez.<\/p>\n\n\n\n<p>\u201cEstamos profundamente agradecidos por su presencia y por las oportunidades que su visita traer\u00e1 para seguir construyendo una relaci\u00f3n s\u00f3lida y beneficiosa entre nuestros pa\u00edses\u201d, puntualiz\u00f3 el edil capitalino acompa\u00f1ado de las concejales Mirna L\u00f3pez Torres y Claudia Tapia Nolasco, as\u00ed como la Diputada Federal, Beatriz P\u00e9rez L\u00f3pez.<\/p>\n\n\n\n<p>Por su parte, el Embajador del Reino de Arabia Saudita en M\u00e9xico, excelent\u00edsimo se\u00f1or Haytham Bin Hassan Mohammed Al-Maki, junto a su esposa, Reem Al-Malki, agradeci\u00f3 a las autoridades municipales por la oportunidad de abrir relaciones que promuevan el intercambio de culturas desde una perspectiva de respeto y colaboraci\u00f3n.<\/p>\n\n\n\n<p>Muchas gracias Presidente por su discurso sobre la importancia que tiene la relaci\u00f3n entre nuestras naciones y en efecto, ese es mi objetivo, el fortalecerlas en muchos sectores como el turismo, la cultura, y otros\u201d, destac\u00f3 Mohammed Al-Maki.<\/p>\n\n\n\n<p>Posteriormente en la sede de la Benem\u00e9rita Universidad de Oaxaca se condecor\u00f3 a la Ministra de la Suprema Corte de Justicia de la Naci\u00f3n, Loretta Ortiz Ahlf con las Llaves de la Ciudad por sus contribuciones al sistema judicial mexicano y al Doctor Jos\u00e9 Agust\u00edn Ortiz Pinchetti con la calidad de \u201cVisitante Distinguido\u201d por su amplia vocaci\u00f3n democr\u00e1tica y sus aportes a M\u00e9xico.<\/p>\n\n\n\n<p>\u201cEstas llaves representan la apertura de nuestra comunidad y el reconocimiento de su excepcional liderazgo y compromiso con la justicia\u201d, recalc\u00f3 Francisco Mart\u00ednez Neri ante integrantes del Cabildo capitalino, comunidad universitaria e invitados.<\/p>\n\n\n\n<p>En tanto, por la capacidad de impulsar cambios significativos y dedicaci\u00f3n en el fortalecimiento de las instituciones, el Primer Concejal de Oaxaca de Ju\u00e1rez entreg\u00f3 el reconocimiento \u201cVisitante distinguido\u201d al doctor Jos\u00e9 Agust\u00edn Ortiz Pinchetti, escritor y pensador que ha enriquecido el debate p\u00fablico.<\/p>\n\n\n\n<p>\u201cSu legado es un faro de esperanza y un ejemplo para todas y todos; su incansable b\u00fasqueda de justicia, su integridad y su amor por M\u00e9xico, nos inspiran a continuar trabajando por un futuro m\u00e1s justo y equitativo para todos\u201d, concluy\u00f3 el edil capitalino.<\/p>\n\n\n\n<p>El reconocimiento \u201cVisitante Distinguido\u201d se otorga a personalidades que se signifiquen en cualquier actividad cient\u00edfica, art\u00edstica o p\u00fablica, que de manera oficial visiten nuestro municipio, o los que individualmente o formando parte de grupos caracterizados hagan lo propio en la ciudad de Oaxaca de Ju\u00e1rez.<\/p>\n\n\n\n<p>En tanto, las \u201cLlaves de la Ciudad\u201d, representa el reconocimiento p\u00fablico que otorga el Honorable Ayuntamiento a aquella persona o personas de reconocida calidad nacional e internacional en la actividad a la que se dedica y que visite Oaxaca de Ju\u00e1rez con el objeto de establecer relaciones comerciales, culturales o sociales que signifiquen un beneficio importante para la capital oaxaque\u00f1a.<\/p>\n","protected":false},"excerpt":{"rendered":"<p>Oaxaca de Ju\u00e1rez, Oaxaca, a 19 de julio de 2024.- El casino del Teatro Macedonio&#8230;<\/p>\n","protected":false},"author":4,"featured_media":29117,"comment_status":"","ping_status":"open","sticky":false,"template":"","format":"standard","meta":{"footnotes":""},"categories":[9],"tags":[],"jetpack_sharing_enabled":true,"featured_image_urls":{"full":["https:\/\/contextoanalisisperiodistico.com\/wp-content\/uploads\/2024\/07\/IMG-20240720-WA0024.jpg",1600,1070,false],"thumbnail":["https:\/\/contextoanalisisperiodistico.com\/wp-content\/uploads\/2024\/07\/IMG-20240720-WA0024-150x150.jpg",150,150,true],"medium":["https:\/\/contextoanalisisperiodistico.com\/wp-content\/uploads\/2024\/07\/IMG-20240720-WA0024-300x201.jpg",300,201,true],"medium_large":["https:\/\/contextoanalisisperiodistico.com\/wp-content\/uploads\/2024\/07\/IMG-20240720-WA0024-768x514.jpg",640,428,true],"large":["https:\/\/contextoanalisisperiodistico.com\/wp-content\/uploads\/2024\/07\/IMG-20240720-WA0024-1024x685.jpg",640,428,true],"1536x1536":["https:\/\/contextoanalisisperiodistico.com\/wp-content\/uploads\/2024\/07\/IMG-20240720-WA0024-1536x1027.jpg",1536,1027,true],"2048x2048":["https:\/\/contextoanalisisperiodistico.com\/wp-content\/uploads\/2024\/07\/IMG-20240720-WA0024.jpg",1600,1070,false],"covernews-slider-full":["https:\/\/contextoanalisisperiodistico.com\/wp-content\/uploads\/2024\/07\/IMG-20240720-WA0024-1115x715.jpg",1115,715,true],"covernews-slider-center":["https:\/\/contextoanalisisperiodistico.com\/wp-content\/uploads\/2024\/07\/IMG-20240720-WA0024-800x500.jpg",800,500,true],"covernews-featured":["https:\/\/contextoanalisisperiodistico.com\/wp-content\/uploads\/2024\/07\/IMG-20240720-WA0024-1024x685.jpg",1024,685,true],"covernews-medium":["https:\/\/contextoanalisisperiodistico.com\/wp-content\/uploads\/2024\/07\/IMG-20240720-WA0024-540x340.jpg",540,340,true],"covernews-medium-square":["https:\/\/contextoanalisisperiodistico.com\/wp-content\/uploads\/2024\/07\/IMG-20240720-WA0024-400x250.jpg",400,250,true]},"author_info":{"display_name":"Mario Gir\u00f3n","author_link":"https:\/\/contextoanalisisperiodistico.com\/index.php\/author\/director\/"},"category_info":"<a href=\"https:\/\/contextoanalisisperiodistico.com\/index.php\/category\/politica\/\" rel=\"category tag\">Pol\u00edtica<\/a>","tag_info":"Pol\u00edtica","comment_count":"0","jetpack_featured_media_url":"https:\/\/contextoanalisisperiodistico.com\/wp-content\/uploads\/2024\/07\/IMG-20240720-WA0024.jpg","_links":{"self":[{"href":"https:\/\/contextoanalisisperiodistico.com\/index.php\/wp-json\/wp\/v2\/posts\/29122"}],"collection":[{"href":"https:\/\/contextoanalisisperiodistico.com\/index.php\/wp-json\/wp\/v2\/posts"}],"about":[{"href":"https:\/\/contextoanalisisperiodistico.com\/index.php\/wp-json\/wp\/v2\/types\/post"}],"author":[{"embeddable":true,"href":"https:\/\/contextoanalisisperiodistico.com\/index.php\/wp-json\/wp\/v2\/users\/4"}],"replies":[{"embeddable":true,"href":"https:\/\/contextoanalisisperiodistico.com\/index.php\/wp-json\/wp\/v2\/comments?post=29122"}],"version-history":[{"count":0,"href":"https:\/\/contextoanalisisperiodistico.com\/index.php\/wp-json\/wp\/v2\/posts\/29122\/revisions"}],"wp:featuredmedia":[{"embeddable":true,"href":"https:\/\/contextoanalisisperiodistico.com\/index.php\/wp-json\/wp\/v2\/media\/29117"}],"wp:attachment":[{"href":"https:\/\/contextoanalisisperiodistico.com\/index.php\/wp-json\/wp\/v2\/media?parent=29122"}],"wp:term":[{"taxonomy":"category","embeddable":true,"href":"https:\/\/contextoanalisisperiodistico.com\/index.php\/wp-json\/wp\/v2\/categories?post=29122"},{"taxonomy":"post_tag","embeddable":true,"href":"https:\/\/contextoanalisisperiodistico.com\/index.php\/wp-json\/wp\/v2\/tags?post=29122"}],"curies":[{"name":"wp","href":"https:\/\/api.w.org\/{rel}","templated":true}]}}