{"id":29116,"date":"2024-07-20T06:59:58","date_gmt":"2024-07-20T12:59:58","guid":{"rendered":"https:\/\/contextoanalisisperiodistico.com\/index.php\/2024\/07\/20\/pelota-mixteca-simbolo-de-resistencia-cultura-e-historia-de-oaxaca-salomon-jara\/"},"modified":"2024-07-20T06:59:58","modified_gmt":"2024-07-20T12:59:58","slug":"pelota-mixteca-simbolo-de-resistencia-cultura-e-historia-de-oaxaca-salomon-jara","status":"publish","type":"post","link":"https:\/\/contextoanalisisperiodistico.com\/index.php\/2024\/07\/20\/pelota-mixteca-simbolo-de-resistencia-cultura-e-historia-de-oaxaca-salomon-jara\/","title":{"rendered":"Pelota mixteca, s\u00edmbolo de resistencia, cultura e historia de Oaxaca: Salom\u00f3n Jara"},"content":{"rendered":"<div id=\"fb-root\"><\/div>\n\n<p>\u2022 El Gobernador de Oaxaca inaugur\u00f3 el segundo Torneo Internacional del Juego de la Pelota Mixteca Guelaguetza 2024<\/p>\n\n\n\n<p>Oaxaca de Ju\u00e1rez, Oax. 19 de julio de 2024.- El Gobernador Salom\u00f3n Jara Cruz inaugur\u00f3 el segundo Torneo Internacional del Juego de la Pelota Mixteca Guelaguetza 2024, pr\u00e1ctica deportiva que estrecha lazos a trav\u00e9s de este s\u00edmbolo de resistencia, cultura e historia del estado.<\/p>\n\n\n\n<p>Junto a la Presidenta Honoraria del Sistema para el Desarrollo Integral de la Familia (DIF) Oaxaca Irma Bola\u00f1os Quijano, el Mandatario estatal se\u00f1al\u00f3 que este encuentro salvaguarda los valores que durante muchas generaciones han sido fundamentales para el di\u00e1logo intercultural de la entidad.<\/p>\n\n\n\n<p>\u201cEl deporte vivo de la pelota mixteca hunde sus ra\u00edces en las pr\u00e1cticas de los pueblos originarios; la Primavera Oaxaque\u00f1a honra su pasado y presente, haciendo equipo por la preservaci\u00f3n de este juego tradicional\u201d, asever\u00f3 Jara Cruz durante la actividad realizada en el pasajuego Benito Ju\u00e1rez del Instituto Tecnol\u00f3gico de Oaxaca.<\/p>\n\n\n\n<p>Puntualiz\u00f3 que se contribuye al sano esparcimiento del pueblo mediante una alternativa para la convivencia fraterna y la cohesi\u00f3n social. \u201cEste juego debe continuar a lo largo de las generaciones, para conservar parte del legado hist\u00f3rico del coraz\u00f3n cultural de M\u00e9xico\u201d, dijo.<\/p>\n\n\n\n<p>En su oportunidad, el director del Instituto del Deporte (Indeporte) Arturo de Jes\u00fas Ch\u00e1vez Ram\u00edrez refiri\u00f3 que este juego fomenta la actividad f\u00edsica y la salud, adem\u00e1s promueve valores fundamentales como el trabajo en equipo, respeto y solidaridad. \u201cEs una manifestaci\u00f3n de nuestra cultura viva que merece ser apoyada y difundida en todos y cada uno de los rincones de nuestra entidad\u201d, reiter\u00f3.<\/p>\n\n\n\n<p>En tanto, Mario Cruz Jim\u00e9nez promotor deportivo celebr\u00f3 que este torneo se efect\u00fae en el marco del D\u00eda Estatal del Juego de Pelota Mixteca, que se conmemora cada 19 de julio, para preservar este tesoro invaluable de las y los oaxaque\u00f1os.<\/p>\n\n\n\n<p>Durante la actividad se llev\u00f3 a cabo un juego de exhibici\u00f3n y se entregaron medallas simb\u00f3licas a las ni\u00f1as y ni\u00f1os participantes. El encuentro se desarrollar\u00e1 hasta el 21 de julio, en las categor\u00edas: Pelota Mixteca de Hule, Pelota Mixteca del Valle y Pelota Mixteca de Forro.<\/p>\n\n\n\n<p>-0-<\/p>\n\n\n\n<figure class=\"wp-block-image size-large\"><img fetchpriority=\"high\" decoding=\"async\" width=\"1024\" height=\"682\" src=\"https:\/\/contextoanalisisperiodistico.com\/wp-content\/uploads\/2024\/07\/img-20240719-wa01363689807414288126494-1024x682.jpg\" alt=\"\" class=\"wp-image-29114\" srcset=\"https:\/\/contextoanalisisperiodistico.com\/wp-content\/uploads\/2024\/07\/img-20240719-wa01363689807414288126494-1024x682.jpg 1024w, https:\/\/contextoanalisisperiodistico.com\/wp-content\/uploads\/2024\/07\/img-20240719-wa01363689807414288126494-300x200.jpg 300w, https:\/\/contextoanalisisperiodistico.com\/wp-content\/uploads\/2024\/07\/img-20240719-wa01363689807414288126494-768x512.jpg 768w, https:\/\/contextoanalisisperiodistico.com\/wp-content\/uploads\/2024\/07\/img-20240719-wa01363689807414288126494-1536x1023.jpg 1536w, https:\/\/contextoanalisisperiodistico.com\/wp-content\/uploads\/2024\/07\/img-20240719-wa01363689807414288126494.jpg 1600w\" sizes=\"(max-width: 1024px) 100vw, 1024px\" \/><\/figure>\n\n\n\n<figure class=\"wp-block-image\"><img decoding=\"async\" width=\"1024\" height=\"682\" src=\"https:\/\/contextoanalisisperiodistico.com\/wp-content\/uploads\/2024\/07\/img-20240719-wa0139529404449810137411-1024x682.jpg\" alt=\"\" class=\"wp-image-29112\" srcset=\"https:\/\/contextoanalisisperiodistico.com\/wp-content\/uploads\/2024\/07\/img-20240719-wa0139529404449810137411-1024x682.jpg 1024w, https:\/\/contextoanalisisperiodistico.com\/wp-content\/uploads\/2024\/07\/img-20240719-wa0139529404449810137411-300x200.jpg 300w, https:\/\/contextoanalisisperiodistico.com\/wp-content\/uploads\/2024\/07\/img-20240719-wa0139529404449810137411-768x512.jpg 768w, https:\/\/contextoanalisisperiodistico.com\/wp-content\/uploads\/2024\/07\/img-20240719-wa0139529404449810137411-1536x1023.jpg 1536w, https:\/\/contextoanalisisperiodistico.com\/wp-content\/uploads\/2024\/07\/img-20240719-wa0139529404449810137411.jpg 1600w\" sizes=\"(max-width: 1024px) 100vw, 1024px\" \/><\/figure>\n\n\n\n<figure class=\"wp-block-image\"><img decoding=\"async\" width=\"1024\" height=\"682\" src=\"https:\/\/contextoanalisisperiodistico.com\/wp-content\/uploads\/2024\/07\/img-20240719-wa01407338404832370868421-1024x682.jpg\" alt=\"\" class=\"wp-image-29113\" srcset=\"https:\/\/contextoanalisisperiodistico.com\/wp-content\/uploads\/2024\/07\/img-20240719-wa01407338404832370868421-1024x682.jpg 1024w, https:\/\/contextoanalisisperiodistico.com\/wp-content\/uploads\/2024\/07\/img-20240719-wa01407338404832370868421-300x200.jpg 300w, https:\/\/contextoanalisisperiodistico.com\/wp-content\/uploads\/2024\/07\/img-20240719-wa01407338404832370868421-768x512.jpg 768w, https:\/\/contextoanalisisperiodistico.com\/wp-content\/uploads\/2024\/07\/img-20240719-wa01407338404832370868421-1536x1023.jpg 1536w, https:\/\/contextoanalisisperiodistico.com\/wp-content\/uploads\/2024\/07\/img-20240719-wa01407338404832370868421.jpg 1600w\" sizes=\"(max-width: 1024px) 100vw, 1024px\" \/><\/figure>\n\n\n\n<figure class=\"wp-block-image\"><img loading=\"lazy\" decoding=\"async\" width=\"1024\" height=\"682\" src=\"https:\/\/contextoanalisisperiodistico.com\/wp-content\/uploads\/2024\/07\/img-20240719-wa01383641980056236202584-1024x682.jpg\" alt=\"\" class=\"wp-image-29115\" srcset=\"https:\/\/contextoanalisisperiodistico.com\/wp-content\/uploads\/2024\/07\/img-20240719-wa01383641980056236202584-1024x682.jpg 1024w, https:\/\/contextoanalisisperiodistico.com\/wp-content\/uploads\/2024\/07\/img-20240719-wa01383641980056236202584-300x200.jpg 300w, https:\/\/contextoanalisisperiodistico.com\/wp-content\/uploads\/2024\/07\/img-20240719-wa01383641980056236202584-768x512.jpg 768w, https:\/\/contextoanalisisperiodistico.com\/wp-content\/uploads\/2024\/07\/img-20240719-wa01383641980056236202584-1536x1023.jpg 1536w, https:\/\/contextoanalisisperiodistico.com\/wp-content\/uploads\/2024\/07\/img-20240719-wa01383641980056236202584.jpg 1600w\" sizes=\"(max-width: 1024px) 100vw, 1024px\" \/><\/figure>\n","protected":false},"excerpt":{"rendered":"<p>\u2022 El Gobernador de Oaxaca inaugur\u00f3 el segundo Torneo Internacional del Juego de la Pelota&#8230;<\/p>\n","protected":false},"author":4,"featured_media":29111,"comment_status":"","ping_status":"open","sticky":false,"template":"","format":"standard","meta":{"footnotes":""},"categories":[9],"tags":[],"jetpack_sharing_enabled":true,"featured_image_urls":{"full":["https:\/\/contextoanalisisperiodistico.com\/wp-content\/uploads\/2024\/07\/IMG-20240719-WA0135.jpg",1600,1066,false],"thumbnail":["https:\/\/contextoanalisisperiodistico.com\/wp-content\/uploads\/2024\/07\/IMG-20240719-WA0135-150x150.jpg",150,150,true],"medium":["https:\/\/contextoanalisisperiodistico.com\/wp-content\/uploads\/2024\/07\/IMG-20240719-WA0135-300x200.jpg",300,200,true],"medium_large":["https:\/\/contextoanalisisperiodistico.com\/wp-content\/uploads\/2024\/07\/IMG-20240719-WA0135-768x512.jpg",640,427,true],"large":["https:\/\/contextoanalisisperiodistico.com\/wp-content\/uploads\/2024\/07\/IMG-20240719-WA0135-1024x682.jpg",640,426,true],"1536x1536":["https:\/\/contextoanalisisperiodistico.com\/wp-content\/uploads\/2024\/07\/IMG-20240719-WA0135-1536x1023.jpg",1536,1023,true],"2048x2048":["https:\/\/contextoanalisisperiodistico.com\/wp-content\/uploads\/2024\/07\/IMG-20240719-WA0135.jpg",1600,1066,false],"covernews-slider-full":["https:\/\/contextoanalisisperiodistico.com\/wp-content\/uploads\/2024\/07\/IMG-20240719-WA0135-1115x715.jpg",1115,715,true],"covernews-slider-center":["https:\/\/contextoanalisisperiodistico.com\/wp-content\/uploads\/2024\/07\/IMG-20240719-WA0135-800x500.jpg",800,500,true],"covernews-featured":["https:\/\/contextoanalisisperiodistico.com\/wp-content\/uploads\/2024\/07\/IMG-20240719-WA0135-1024x682.jpg",1024,682,true],"covernews-medium":["https:\/\/contextoanalisisperiodistico.com\/wp-content\/uploads\/2024\/07\/IMG-20240719-WA0135-540x340.jpg",540,340,true],"covernews-medium-square":["https:\/\/contextoanalisisperiodistico.com\/wp-content\/uploads\/2024\/07\/IMG-20240719-WA0135-400x250.jpg",400,250,true]},"author_info":{"display_name":"Mario Gir\u00f3n","author_link":"https:\/\/contextoanalisisperiodistico.com\/index.php\/author\/director\/"},"category_info":"<a href=\"https:\/\/contextoanalisisperiodistico.com\/index.php\/category\/politica\/\" rel=\"category tag\">Pol\u00edtica<\/a>","tag_info":"Pol\u00edtica","comment_count":"0","jetpack_featured_media_url":"https:\/\/contextoanalisisperiodistico.com\/wp-content\/uploads\/2024\/07\/IMG-20240719-WA0135.jpg","_links":{"self":[{"href":"https:\/\/contextoanalisisperiodistico.com\/index.php\/wp-json\/wp\/v2\/posts\/29116"}],"collection":[{"href":"https:\/\/contextoanalisisperiodistico.com\/index.php\/wp-json\/wp\/v2\/posts"}],"about":[{"href":"https:\/\/contextoanalisisperiodistico.com\/index.php\/wp-json\/wp\/v2\/types\/post"}],"author":[{"embeddable":true,"href":"https:\/\/contextoanalisisperiodistico.com\/index.php\/wp-json\/wp\/v2\/users\/4"}],"replies":[{"embeddable":true,"href":"https:\/\/contextoanalisisperiodistico.com\/index.php\/wp-json\/wp\/v2\/comments?post=29116"}],"version-history":[{"count":0,"href":"https:\/\/contextoanalisisperiodistico.com\/index.php\/wp-json\/wp\/v2\/posts\/29116\/revisions"}],"wp:featuredmedia":[{"embeddable":true,"href":"https:\/\/contextoanalisisperiodistico.com\/index.php\/wp-json\/wp\/v2\/media\/29111"}],"wp:attachment":[{"href":"https:\/\/contextoanalisisperiodistico.com\/index.php\/wp-json\/wp\/v2\/media?parent=29116"}],"wp:term":[{"taxonomy":"category","embeddable":true,"href":"https:\/\/contextoanalisisperiodistico.com\/index.php\/wp-json\/wp\/v2\/categories?post=29116"},{"taxonomy":"post_tag","embeddable":true,"href":"https:\/\/contextoanalisisperiodistico.com\/index.php\/wp-json\/wp\/v2\/tags?post=29116"}],"curies":[{"name":"wp","href":"https:\/\/api.w.org\/{rel}","templated":true}]}}