{"id":29110,"date":"2024-07-19T20:00:28","date_gmt":"2024-07-20T02:00:28","guid":{"rendered":"https:\/\/contextoanalisisperiodistico.com\/index.php\/2024\/07\/19\/oaxaca-rompe-record-guinness-con-el-quesillo-mas-grande-del-mundo\/"},"modified":"2024-07-19T20:00:28","modified_gmt":"2024-07-20T02:00:28","slug":"oaxaca-rompe-record-guinness-con-el-quesillo-mas-grande-del-mundo","status":"publish","type":"post","link":"https:\/\/contextoanalisisperiodistico.com\/index.php\/2024\/07\/19\/oaxaca-rompe-record-guinness-con-el-quesillo-mas-grande-del-mundo\/","title":{"rendered":"Oaxaca rompe R\u00e9cord Guinness con el quesillo m\u00e1s grande del mundo"},"content":{"rendered":"<div id=\"fb-root\"><\/div>\n\n<p>\u2022 La preparaci\u00f3n de este producto gigante dur\u00f3 12 horas y se realiz\u00f3 en el marco de la Expo Feria del Queso y del Quesillo 2024<\/p>\n\n\n\n\n\n<figure class=\"wp-block-image size-large\"><img fetchpriority=\"high\" decoding=\"async\" width=\"1024\" height=\"576\" src=\"https:\/\/contextoanalisisperiodistico.com\/wp-content\/uploads\/2024\/07\/img-20240719-wa01122751652394397795122-1024x576.jpg\" alt=\"\" class=\"wp-image-29108\" srcset=\"https:\/\/contextoanalisisperiodistico.com\/wp-content\/uploads\/2024\/07\/img-20240719-wa01122751652394397795122-1024x576.jpg 1024w, https:\/\/contextoanalisisperiodistico.com\/wp-content\/uploads\/2024\/07\/img-20240719-wa01122751652394397795122-300x169.jpg 300w, https:\/\/contextoanalisisperiodistico.com\/wp-content\/uploads\/2024\/07\/img-20240719-wa01122751652394397795122-768x432.jpg 768w, https:\/\/contextoanalisisperiodistico.com\/wp-content\/uploads\/2024\/07\/img-20240719-wa01122751652394397795122-1536x864.jpg 1536w, https:\/\/contextoanalisisperiodistico.com\/wp-content\/uploads\/2024\/07\/img-20240719-wa01122751652394397795122.jpg 1600w\" sizes=\"(max-width: 1024px) 100vw, 1024px\" \/><\/figure>\n\n\n\n<figure class=\"wp-block-image\"><img decoding=\"async\" width=\"1024\" height=\"682\" src=\"https:\/\/contextoanalisisperiodistico.com\/wp-content\/uploads\/2024\/07\/img-20240719-wa01078599385383682309566-1024x682.jpg\" alt=\"\" class=\"wp-image-29106\" srcset=\"https:\/\/contextoanalisisperiodistico.com\/wp-content\/uploads\/2024\/07\/img-20240719-wa01078599385383682309566-1024x682.jpg 1024w, https:\/\/contextoanalisisperiodistico.com\/wp-content\/uploads\/2024\/07\/img-20240719-wa01078599385383682309566-300x200.jpg 300w, https:\/\/contextoanalisisperiodistico.com\/wp-content\/uploads\/2024\/07\/img-20240719-wa01078599385383682309566-768x512.jpg 768w, https:\/\/contextoanalisisperiodistico.com\/wp-content\/uploads\/2024\/07\/img-20240719-wa01078599385383682309566-1536x1023.jpg 1536w, https:\/\/contextoanalisisperiodistico.com\/wp-content\/uploads\/2024\/07\/img-20240719-wa01078599385383682309566.jpg 1600w\" sizes=\"(max-width: 1024px) 100vw, 1024px\" \/><\/figure>\n\n\n\n<figure class=\"wp-block-image\"><img decoding=\"async\" width=\"1024\" height=\"683\" src=\"https:\/\/contextoanalisisperiodistico.com\/wp-content\/uploads\/2024\/07\/img-20240719-wa01083075396177476516468-1024x683.jpg\" alt=\"\" class=\"wp-image-29105\" srcset=\"https:\/\/contextoanalisisperiodistico.com\/wp-content\/uploads\/2024\/07\/img-20240719-wa01083075396177476516468-1024x683.jpg 1024w, https:\/\/contextoanalisisperiodistico.com\/wp-content\/uploads\/2024\/07\/img-20240719-wa01083075396177476516468-300x200.jpg 300w, https:\/\/contextoanalisisperiodistico.com\/wp-content\/uploads\/2024\/07\/img-20240719-wa01083075396177476516468-768x512.jpg 768w, https:\/\/contextoanalisisperiodistico.com\/wp-content\/uploads\/2024\/07\/img-20240719-wa01083075396177476516468.jpg 1272w\" sizes=\"(max-width: 1024px) 100vw, 1024px\" \/><\/figure>\n\n\n\n<figure class=\"wp-block-image\"><img loading=\"lazy\" decoding=\"async\" width=\"1024\" height=\"576\" src=\"https:\/\/contextoanalisisperiodistico.com\/wp-content\/uploads\/2024\/07\/img-20240719-wa01064121616416342522444-1024x576.jpg\" alt=\"\" class=\"wp-image-29107\" srcset=\"https:\/\/contextoanalisisperiodistico.com\/wp-content\/uploads\/2024\/07\/img-20240719-wa01064121616416342522444-1024x576.jpg 1024w, https:\/\/contextoanalisisperiodistico.com\/wp-content\/uploads\/2024\/07\/img-20240719-wa01064121616416342522444-300x169.jpg 300w, https:\/\/contextoanalisisperiodistico.com\/wp-content\/uploads\/2024\/07\/img-20240719-wa01064121616416342522444-768x432.jpg 768w, https:\/\/contextoanalisisperiodistico.com\/wp-content\/uploads\/2024\/07\/img-20240719-wa01064121616416342522444-1536x864.jpg 1536w, https:\/\/contextoanalisisperiodistico.com\/wp-content\/uploads\/2024\/07\/img-20240719-wa01064121616416342522444.jpg 1600w\" sizes=\"(max-width: 1024px) 100vw, 1024px\" \/><\/figure>\n\n\n\n<figure class=\"wp-block-image\"><img loading=\"lazy\" decoding=\"async\" width=\"1024\" height=\"576\" src=\"https:\/\/contextoanalisisperiodistico.com\/wp-content\/uploads\/2024\/07\/img-20240719-wa01058649015092418749681-1024x576.jpg\" alt=\"\" class=\"wp-image-29109\" srcset=\"https:\/\/contextoanalisisperiodistico.com\/wp-content\/uploads\/2024\/07\/img-20240719-wa01058649015092418749681-1024x576.jpg 1024w, https:\/\/contextoanalisisperiodistico.com\/wp-content\/uploads\/2024\/07\/img-20240719-wa01058649015092418749681-300x169.jpg 300w, https:\/\/contextoanalisisperiodistico.com\/wp-content\/uploads\/2024\/07\/img-20240719-wa01058649015092418749681-768x432.jpg 768w, https:\/\/contextoanalisisperiodistico.com\/wp-content\/uploads\/2024\/07\/img-20240719-wa01058649015092418749681-1536x864.jpg 1536w, https:\/\/contextoanalisisperiodistico.com\/wp-content\/uploads\/2024\/07\/img-20240719-wa01058649015092418749681.jpg 1600w\" sizes=\"(max-width: 1024px) 100vw, 1024px\" \/><\/figure>\n\n\n\n<p>Reyes Etla, Oax. 19 de julio de 2024.- Con un quesillo de 636.2 kilos, Oaxaca hizo historia y rompi\u00f3 el R\u00e9cord Guinness de este producto l\u00e1cteo consolidado como un estandarte a nivel internacional de la riqueza culinaria de la entidad.<\/p>\n\n\n\n<p>La preparaci\u00f3n de esta pieza gigante se realiz\u00f3 en el marco de la Expo Feria del Queso y del Quesillo 2024 en el municipio de Reyes Etla, a la que asistieron el Gobernador Salom\u00f3n Jara Cruz y la Presidenta Honoraria del Sistema DIF Oaxaca Irma Bola\u00f1os Quijano.<\/p>\n\n\n\n<p>En representaci\u00f3n del Gobierno del Estado, el titular de la Secretar\u00eda de Desarrollo Econ\u00f3mico (Sedeco) Ra\u00fal Ru\u00edz Robles se\u00f1al\u00f3 que esta acci\u00f3n fortalecer\u00e1 la econom\u00eda local y permitir\u00e1 establecer contactos y concretar acuerdos con posibles compradores que lleven este producto a nuevos mercados.<\/p>\n\n\n\n<p>\u201cEste concurso es una revoluci\u00f3n de conciencia que contribuye al fortalecimiento de la hermandad entre las y los productores. Tambi\u00e9n, es una revitalizaci\u00f3n en la producci\u00f3n del quesillo, base indiscutible para incentivar apoyos para su comercializaci\u00f3n en otros lugares\u201d, puntualiz\u00f3 ante la representante de la Diosa Cent\u00e9otl 2024 Juana Hern\u00e1ndez L\u00f3pez.<\/p>\n\n\n\n<p>Expuso que el Gobierno de la Primavera Oaxaque\u00f1a ha sumado esfuerzos con la municipalidad durante 19 meses para la producci\u00f3n, comercializaci\u00f3n y reconocimiento de este producto a trav\u00e9s de un signo distintivo que indique que la cuna es Reyes Etla.<\/p>\n\n\n\n<p>Por ello, durante la Expo Feria se entregar\u00e1 de manera simb\u00f3lica la solicitud para la acreditaci\u00f3n geogr\u00e1fica del quesillo ante el Instituto Mexicano de la Propiedad Industrial (IMPI).<\/p>\n\n\n\n<p>Durante 12 horas 100 familias productoras mantuvieron un trabajo continuo para que este producto entrara al Libro Guinness, que se distribuye en m\u00e1s de 100 pa\u00edses y se traduce a 37 idiomas.<\/p>\n\n\n\n<p>Cabe destacar que, Pijijiapan, Chiapas manten\u00eda el R\u00e9cord Guinness del quesillo m\u00e1s grande del mundo con una pieza de 558 kilos, por lo que con esta distinci\u00f3n Oaxaca logra esta certificaci\u00f3n.<\/p>\n\n\n\n<p>El R\u00e9cord Guinness garantiza un importante canal de difusi\u00f3n para este l\u00e1cteo oaxaque\u00f1o y es una ventana de oportunidades para fortalecer a las personas productoras.<br \/>-0-<\/p>\n\n\n\n<p><\/p>\n","protected":false},"excerpt":{"rendered":"<p>\u2022 La preparaci\u00f3n de este producto gigante dur\u00f3 12 horas y se realiz\u00f3 en el&#8230;<\/p>\n","protected":false},"author":4,"featured_media":29104,"comment_status":"","ping_status":"open","sticky":false,"template":"","format":"standard","meta":{"footnotes":""},"categories":[9],"tags":[],"jetpack_sharing_enabled":true,"featured_image_urls":{"full":["https:\/\/contextoanalisisperiodistico.com\/wp-content\/uploads\/2024\/07\/IMG-20240719-WA0109.jpg",1280,853,false],"thumbnail":["https:\/\/contextoanalisisperiodistico.com\/wp-content\/uploads\/2024\/07\/IMG-20240719-WA0109-150x150.jpg",150,150,true],"medium":["https:\/\/contextoanalisisperiodistico.com\/wp-content\/uploads\/2024\/07\/IMG-20240719-WA0109-300x200.jpg",300,200,true],"medium_large":["https:\/\/contextoanalisisperiodistico.com\/wp-content\/uploads\/2024\/07\/IMG-20240719-WA0109-768x512.jpg",640,427,true],"large":["https:\/\/contextoanalisisperiodistico.com\/wp-content\/uploads\/2024\/07\/IMG-20240719-WA0109-1024x682.jpg",640,426,true],"1536x1536":["https:\/\/contextoanalisisperiodistico.com\/wp-content\/uploads\/2024\/07\/IMG-20240719-WA0109.jpg",1280,853,false],"2048x2048":["https:\/\/contextoanalisisperiodistico.com\/wp-content\/uploads\/2024\/07\/IMG-20240719-WA0109.jpg",1280,853,false],"covernews-slider-full":["https:\/\/contextoanalisisperiodistico.com\/wp-content\/uploads\/2024\/07\/IMG-20240719-WA0109-1115x715.jpg",1115,715,true],"covernews-slider-center":["https:\/\/contextoanalisisperiodistico.com\/wp-content\/uploads\/2024\/07\/IMG-20240719-WA0109-800x500.jpg",800,500,true],"covernews-featured":["https:\/\/contextoanalisisperiodistico.com\/wp-content\/uploads\/2024\/07\/IMG-20240719-WA0109-1024x682.jpg",1024,682,true],"covernews-medium":["https:\/\/contextoanalisisperiodistico.com\/wp-content\/uploads\/2024\/07\/IMG-20240719-WA0109-540x340.jpg",540,340,true],"covernews-medium-square":["https:\/\/contextoanalisisperiodistico.com\/wp-content\/uploads\/2024\/07\/IMG-20240719-WA0109-400x250.jpg",400,250,true]},"author_info":{"display_name":"Mario Gir\u00f3n","author_link":"https:\/\/contextoanalisisperiodistico.com\/index.php\/author\/director\/"},"category_info":"<a href=\"https:\/\/contextoanalisisperiodistico.com\/index.php\/category\/politica\/\" rel=\"category tag\">Pol\u00edtica<\/a>","tag_info":"Pol\u00edtica","comment_count":"0","jetpack_featured_media_url":"https:\/\/contextoanalisisperiodistico.com\/wp-content\/uploads\/2024\/07\/IMG-20240719-WA0109.jpg","_links":{"self":[{"href":"https:\/\/contextoanalisisperiodistico.com\/index.php\/wp-json\/wp\/v2\/posts\/29110"}],"collection":[{"href":"https:\/\/contextoanalisisperiodistico.com\/index.php\/wp-json\/wp\/v2\/posts"}],"about":[{"href":"https:\/\/contextoanalisisperiodistico.com\/index.php\/wp-json\/wp\/v2\/types\/post"}],"author":[{"embeddable":true,"href":"https:\/\/contextoanalisisperiodistico.com\/index.php\/wp-json\/wp\/v2\/users\/4"}],"replies":[{"embeddable":true,"href":"https:\/\/contextoanalisisperiodistico.com\/index.php\/wp-json\/wp\/v2\/comments?post=29110"}],"version-history":[{"count":0,"href":"https:\/\/contextoanalisisperiodistico.com\/index.php\/wp-json\/wp\/v2\/posts\/29110\/revisions"}],"wp:featuredmedia":[{"embeddable":true,"href":"https:\/\/contextoanalisisperiodistico.com\/index.php\/wp-json\/wp\/v2\/media\/29104"}],"wp:attachment":[{"href":"https:\/\/contextoanalisisperiodistico.com\/index.php\/wp-json\/wp\/v2\/media?parent=29110"}],"wp:term":[{"taxonomy":"category","embeddable":true,"href":"https:\/\/contextoanalisisperiodistico.com\/index.php\/wp-json\/wp\/v2\/categories?post=29110"},{"taxonomy":"post_tag","embeddable":true,"href":"https:\/\/contextoanalisisperiodistico.com\/index.php\/wp-json\/wp\/v2\/tags?post=29110"}],"curies":[{"name":"wp","href":"https:\/\/api.w.org\/{rel}","templated":true}]}}