{"id":29100,"date":"2024-07-19T17:44:21","date_gmt":"2024-07-19T23:44:21","guid":{"rendered":"https:\/\/contextoanalisisperiodistico.com\/index.php\/2024\/07\/19\/reabre-sus-puertas-el-museo-de-arte-contemporaneo-y-de-las-culturas-oaxaquenas\/"},"modified":"2024-07-19T17:44:21","modified_gmt":"2024-07-19T23:44:21","slug":"reabre-sus-puertas-el-museo-de-arte-contemporaneo-y-de-las-culturas-oaxaquenas","status":"publish","type":"post","link":"https:\/\/contextoanalisisperiodistico.com\/index.php\/2024\/07\/19\/reabre-sus-puertas-el-museo-de-arte-contemporaneo-y-de-las-culturas-oaxaquenas\/","title":{"rendered":"Reabre sus puertas el Museo de Arte Contempor\u00e1neo y de las Culturas Oaxaque\u00f1as"},"content":{"rendered":"<div id=\"fb-root\"><\/div>\n\n<p>\u2022 El Mandatario Estatal puso al servicio y disfrute del pueblo este espacio renovado con una inversi\u00f3n de m\u00e1s de 3 millones de pesos<\/p>\n\n\n\n<figure class=\"wp-block-image size-large\"><img fetchpriority=\"high\" decoding=\"async\" width=\"1024\" height=\"682\" src=\"https:\/\/contextoanalisisperiodistico.com\/wp-content\/uploads\/2024\/07\/img-20240719-wa00548945393359429918166-1024x682.jpg\" alt=\"\" class=\"wp-image-29096\" srcset=\"https:\/\/contextoanalisisperiodistico.com\/wp-content\/uploads\/2024\/07\/img-20240719-wa00548945393359429918166-1024x682.jpg 1024w, https:\/\/contextoanalisisperiodistico.com\/wp-content\/uploads\/2024\/07\/img-20240719-wa00548945393359429918166-300x200.jpg 300w, https:\/\/contextoanalisisperiodistico.com\/wp-content\/uploads\/2024\/07\/img-20240719-wa00548945393359429918166-768x512.jpg 768w, https:\/\/contextoanalisisperiodistico.com\/wp-content\/uploads\/2024\/07\/img-20240719-wa00548945393359429918166-1536x1023.jpg 1536w, https:\/\/contextoanalisisperiodistico.com\/wp-content\/uploads\/2024\/07\/img-20240719-wa00548945393359429918166.jpg 1600w\" sizes=\"(max-width: 1024px) 100vw, 1024px\" \/><\/figure>\n\n\n\n<figure class=\"wp-block-image\"><img decoding=\"async\" width=\"1024\" height=\"768\" src=\"https:\/\/contextoanalisisperiodistico.com\/wp-content\/uploads\/2024\/07\/img-20240719-wa00522253940323433678952-1024x768.jpg\" alt=\"\" class=\"wp-image-29097\" srcset=\"https:\/\/contextoanalisisperiodistico.com\/wp-content\/uploads\/2024\/07\/img-20240719-wa00522253940323433678952-1024x768.jpg 1024w, https:\/\/contextoanalisisperiodistico.com\/wp-content\/uploads\/2024\/07\/img-20240719-wa00522253940323433678952-300x225.jpg 300w, https:\/\/contextoanalisisperiodistico.com\/wp-content\/uploads\/2024\/07\/img-20240719-wa00522253940323433678952-768x576.jpg 768w, https:\/\/contextoanalisisperiodistico.com\/wp-content\/uploads\/2024\/07\/img-20240719-wa00522253940323433678952.jpg 1440w\" sizes=\"(max-width: 1024px) 100vw, 1024px\" \/><\/figure>\n\n\n\n<figure class=\"wp-block-image\"><img decoding=\"async\" width=\"1024\" height=\"682\" src=\"https:\/\/contextoanalisisperiodistico.com\/wp-content\/uploads\/2024\/07\/img-20240719-wa00563623182369785111034-1024x682.jpg\" alt=\"\" class=\"wp-image-29095\" srcset=\"https:\/\/contextoanalisisperiodistico.com\/wp-content\/uploads\/2024\/07\/img-20240719-wa00563623182369785111034-1024x682.jpg 1024w, https:\/\/contextoanalisisperiodistico.com\/wp-content\/uploads\/2024\/07\/img-20240719-wa00563623182369785111034-300x200.jpg 300w, https:\/\/contextoanalisisperiodistico.com\/wp-content\/uploads\/2024\/07\/img-20240719-wa00563623182369785111034-768x512.jpg 768w, https:\/\/contextoanalisisperiodistico.com\/wp-content\/uploads\/2024\/07\/img-20240719-wa00563623182369785111034.jpg 1280w\" sizes=\"(max-width: 1024px) 100vw, 1024px\" \/><\/figure>\n\n\n\n<figure class=\"wp-block-image\"><img loading=\"lazy\" decoding=\"async\" width=\"1024\" height=\"682\" src=\"https:\/\/contextoanalisisperiodistico.com\/wp-content\/uploads\/2024\/07\/img-20240719-wa00571442725289273391006-1024x682.jpg\" alt=\"\" class=\"wp-image-29093\" srcset=\"https:\/\/contextoanalisisperiodistico.com\/wp-content\/uploads\/2024\/07\/img-20240719-wa00571442725289273391006-1024x682.jpg 1024w, https:\/\/contextoanalisisperiodistico.com\/wp-content\/uploads\/2024\/07\/img-20240719-wa00571442725289273391006-300x200.jpg 300w, https:\/\/contextoanalisisperiodistico.com\/wp-content\/uploads\/2024\/07\/img-20240719-wa00571442725289273391006-768x512.jpg 768w, https:\/\/contextoanalisisperiodistico.com\/wp-content\/uploads\/2024\/07\/img-20240719-wa00571442725289273391006-1536x1023.jpg 1536w, https:\/\/contextoanalisisperiodistico.com\/wp-content\/uploads\/2024\/07\/img-20240719-wa00571442725289273391006.jpg 1600w\" sizes=\"(max-width: 1024px) 100vw, 1024px\" \/><\/figure>\n\n\n\n<figure class=\"wp-block-image\"><img loading=\"lazy\" decoding=\"async\" width=\"1024\" height=\"682\" src=\"https:\/\/contextoanalisisperiodistico.com\/wp-content\/uploads\/2024\/07\/img-20240719-wa00587780434634251581105-1024x682.jpg\" alt=\"\" class=\"wp-image-29094\" srcset=\"https:\/\/contextoanalisisperiodistico.com\/wp-content\/uploads\/2024\/07\/img-20240719-wa00587780434634251581105-1024x682.jpg 1024w, https:\/\/contextoanalisisperiodistico.com\/wp-content\/uploads\/2024\/07\/img-20240719-wa00587780434634251581105-300x200.jpg 300w, https:\/\/contextoanalisisperiodistico.com\/wp-content\/uploads\/2024\/07\/img-20240719-wa00587780434634251581105-768x512.jpg 768w, https:\/\/contextoanalisisperiodistico.com\/wp-content\/uploads\/2024\/07\/img-20240719-wa00587780434634251581105-1536x1023.jpg 1536w, https:\/\/contextoanalisisperiodistico.com\/wp-content\/uploads\/2024\/07\/img-20240719-wa00587780434634251581105.jpg 1600w\" sizes=\"(max-width: 1024px) 100vw, 1024px\" \/><\/figure>\n\n\n\n<figure class=\"wp-block-image\"><img loading=\"lazy\" decoding=\"async\" width=\"1024\" height=\"682\" src=\"https:\/\/contextoanalisisperiodistico.com\/wp-content\/uploads\/2024\/07\/img-20240719-wa00533673949076577914000-1024x682.jpg\" alt=\"\" class=\"wp-image-29098\" srcset=\"https:\/\/contextoanalisisperiodistico.com\/wp-content\/uploads\/2024\/07\/img-20240719-wa00533673949076577914000-1024x682.jpg 1024w, https:\/\/contextoanalisisperiodistico.com\/wp-content\/uploads\/2024\/07\/img-20240719-wa00533673949076577914000-300x200.jpg 300w, https:\/\/contextoanalisisperiodistico.com\/wp-content\/uploads\/2024\/07\/img-20240719-wa00533673949076577914000-768x512.jpg 768w, https:\/\/contextoanalisisperiodistico.com\/wp-content\/uploads\/2024\/07\/img-20240719-wa00533673949076577914000-1536x1023.jpg 1536w, https:\/\/contextoanalisisperiodistico.com\/wp-content\/uploads\/2024\/07\/img-20240719-wa00533673949076577914000.jpg 1600w\" sizes=\"(max-width: 1024px) 100vw, 1024px\" \/><\/figure>\n\n\n\n<figure class=\"wp-block-image\"><img loading=\"lazy\" decoding=\"async\" width=\"1024\" height=\"682\" src=\"https:\/\/contextoanalisisperiodistico.com\/wp-content\/uploads\/2024\/07\/img-20240719-wa00506743472493757805636-1024x682.jpg\" alt=\"\" class=\"wp-image-29099\" srcset=\"https:\/\/contextoanalisisperiodistico.com\/wp-content\/uploads\/2024\/07\/img-20240719-wa00506743472493757805636-1024x682.jpg 1024w, https:\/\/contextoanalisisperiodistico.com\/wp-content\/uploads\/2024\/07\/img-20240719-wa00506743472493757805636-300x200.jpg 300w, https:\/\/contextoanalisisperiodistico.com\/wp-content\/uploads\/2024\/07\/img-20240719-wa00506743472493757805636-768x512.jpg 768w, https:\/\/contextoanalisisperiodistico.com\/wp-content\/uploads\/2024\/07\/img-20240719-wa00506743472493757805636-1536x1023.jpg 1536w, https:\/\/contextoanalisisperiodistico.com\/wp-content\/uploads\/2024\/07\/img-20240719-wa00506743472493757805636.jpg 1600w\" sizes=\"(max-width: 1024px) 100vw, 1024px\" \/><\/figure>\n\n\n\n<p>\u2022 Bajo la visi\u00f3n de ser un espacio integral, este lugar albergar\u00e1 obras pict\u00f3ricas, de escultura y artes pl\u00e1sticas, as\u00ed como talleres y visitas guiadas<\/p>\n\n\n\n<p>Oaxaca de Ju\u00e1rez, Oax. 19 de julio de 2024.- Con la exposici\u00f3n \u201cTodos somos de fuera, Territorios en el arte en Oaxaca\u201d, el Gobernador Salom\u00f3n Jara Cruz reapertur\u00f3 y entreg\u00f3 al pueblo de Oaxaca, el Museo de Arte Contempor\u00e1neo y de las Culturas Oaxaque\u00f1as (MACCO), ubicado en el coraz\u00f3n de la Verde Antequera.<\/p>\n\n\n\n<p>\u201cHoy cumplimos nuestra palabra con el arte oaxaque\u00f1o y atendemos la Reparaci\u00f3n Hist\u00f3rica de los Pueblos para que el estado se proyecte ante el mundo, como el coraz\u00f3n cultural de M\u00e9xico\u201d, afirm\u00f3, al tiempo de destacar la aportaci\u00f3n hist\u00f3rica de este lugar creado en 1992 bajo el ejemplo emblem\u00e1tico del artista pl\u00e1stico oaxaque\u00f1o, Francisco Toledo.<\/p>\n\n\n\n<p>Expres\u00f3 que la Primavera Oaxaque\u00f1a tiene un gran compromiso con la salvaguarda del patrimonio tangible e intangible de la entidad, porque constituye una parte fundamental de la grandeza hist\u00f3rica y la identidad de Oaxaca; por ello, en congruencia con este ideal, se pone al servicio y disfrute del pueblo este espacio renovado con una inversi\u00f3n de m\u00e1s de 3 millones de pesos.<\/p>\n\n\n\n<p>\u201cEl Gobierno del Estado retom\u00f3 la rector\u00eda del MACCO para normalizar sus actividades en apego a la legalidad, hacer justicia a las y los trabajadores, y volver este espacio tan emblem\u00e1tico a su verdadero due\u00f1o, que es el pueblo de Oaxaca\u201d.<\/p>\n\n\n\n<p>En tanto, el titular de la Secretar\u00eda de las Culturas y Artes V\u00edctor Cata, indic\u00f3 que el Gobierno de Oaxaca parte del principio de que la cultura es un derecho humano, por lo que debe estar al alcance de todas y todos; en este sentido se recuperan espacios p\u00fablicos para el disfrute de la ciudadan\u00eda, como es el caso del MACCO, que alberga la riqueza art\u00edstica de la entidad.<\/p>\n\n\n\n<p>Sobre la exposici\u00f3n<\/p>\n\n\n\n<p>En el MACCO ubicado en la calle Macedonio Alcal\u00e1 n\u00famero 202, en el Centro Hist\u00f3rico de la capital oaxaque\u00f1a, la exposici\u00f3n \u201cTodos somos de fuera, Territorios en el arte en Oaxaca consta de m\u00e1s de 70 obras pict\u00f3ricas, de escultura y artes pl\u00e1sticas realizadas por m\u00e1s de 50 artistas, en su mayor\u00eda de origen oaxaque\u00f1o.<\/p>\n\n\n\n<p>La muestra cont\u00f3 con la curadur\u00eda de Luis Hampshire y podr\u00e1 ser apreciada durante los siguientes tres meses, en un horario de 10:00 a 18:00 horas.<\/p>\n\n\n\n<p>Bajo la visi\u00f3n de ser un espacio integral, este lugar contar\u00e1 con talleres y visitas guiadas, enfocando la atenci\u00f3n a j\u00f3venes con discapacidad, para que nadie se quede atr\u00e1s y nadie se quede afuera.<\/p>\n\n\n\n<p>-0-<\/p>\n","protected":false},"excerpt":{"rendered":"<p>\u2022 El Mandatario Estatal puso al servicio y disfrute del pueblo este espacio renovado con&#8230;<\/p>\n","protected":false},"author":4,"featured_media":29092,"comment_status":"","ping_status":"open","sticky":false,"template":"","format":"standard","meta":{"footnotes":""},"categories":[9],"tags":[],"jetpack_sharing_enabled":true,"featured_image_urls":{"full":["https:\/\/contextoanalisisperiodistico.com\/wp-content\/uploads\/2024\/07\/IMG-20240719-WA0051.jpg",1600,1067,false],"thumbnail":["https:\/\/contextoanalisisperiodistico.com\/wp-content\/uploads\/2024\/07\/IMG-20240719-WA0051-150x150.jpg",150,150,true],"medium":["https:\/\/contextoanalisisperiodistico.com\/wp-content\/uploads\/2024\/07\/IMG-20240719-WA0051-300x200.jpg",300,200,true],"medium_large":["https:\/\/contextoanalisisperiodistico.com\/wp-content\/uploads\/2024\/07\/IMG-20240719-WA0051-768x512.jpg",640,427,true],"large":["https:\/\/contextoanalisisperiodistico.com\/wp-content\/uploads\/2024\/07\/IMG-20240719-WA0051-1024x683.jpg",640,427,true],"1536x1536":["https:\/\/contextoanalisisperiodistico.com\/wp-content\/uploads\/2024\/07\/IMG-20240719-WA0051-1536x1024.jpg",1536,1024,true],"2048x2048":["https:\/\/contextoanalisisperiodistico.com\/wp-content\/uploads\/2024\/07\/IMG-20240719-WA0051.jpg",1600,1067,false],"covernews-slider-full":["https:\/\/contextoanalisisperiodistico.com\/wp-content\/uploads\/2024\/07\/IMG-20240719-WA0051-1115x715.jpg",1115,715,true],"covernews-slider-center":["https:\/\/contextoanalisisperiodistico.com\/wp-content\/uploads\/2024\/07\/IMG-20240719-WA0051-800x500.jpg",800,500,true],"covernews-featured":["https:\/\/contextoanalisisperiodistico.com\/wp-content\/uploads\/2024\/07\/IMG-20240719-WA0051-1024x683.jpg",1024,683,true],"covernews-medium":["https:\/\/contextoanalisisperiodistico.com\/wp-content\/uploads\/2024\/07\/IMG-20240719-WA0051-540x340.jpg",540,340,true],"covernews-medium-square":["https:\/\/contextoanalisisperiodistico.com\/wp-content\/uploads\/2024\/07\/IMG-20240719-WA0051-400x250.jpg",400,250,true]},"author_info":{"display_name":"Mario Gir\u00f3n","author_link":"https:\/\/contextoanalisisperiodistico.com\/index.php\/author\/director\/"},"category_info":"<a href=\"https:\/\/contextoanalisisperiodistico.com\/index.php\/category\/politica\/\" rel=\"category tag\">Pol\u00edtica<\/a>","tag_info":"Pol\u00edtica","comment_count":"0","jetpack_featured_media_url":"https:\/\/contextoanalisisperiodistico.com\/wp-content\/uploads\/2024\/07\/IMG-20240719-WA0051.jpg","_links":{"self":[{"href":"https:\/\/contextoanalisisperiodistico.com\/index.php\/wp-json\/wp\/v2\/posts\/29100"}],"collection":[{"href":"https:\/\/contextoanalisisperiodistico.com\/index.php\/wp-json\/wp\/v2\/posts"}],"about":[{"href":"https:\/\/contextoanalisisperiodistico.com\/index.php\/wp-json\/wp\/v2\/types\/post"}],"author":[{"embeddable":true,"href":"https:\/\/contextoanalisisperiodistico.com\/index.php\/wp-json\/wp\/v2\/users\/4"}],"replies":[{"embeddable":true,"href":"https:\/\/contextoanalisisperiodistico.com\/index.php\/wp-json\/wp\/v2\/comments?post=29100"}],"version-history":[{"count":0,"href":"https:\/\/contextoanalisisperiodistico.com\/index.php\/wp-json\/wp\/v2\/posts\/29100\/revisions"}],"wp:featuredmedia":[{"embeddable":true,"href":"https:\/\/contextoanalisisperiodistico.com\/index.php\/wp-json\/wp\/v2\/media\/29092"}],"wp:attachment":[{"href":"https:\/\/contextoanalisisperiodistico.com\/index.php\/wp-json\/wp\/v2\/media?parent=29100"}],"wp:term":[{"taxonomy":"category","embeddable":true,"href":"https:\/\/contextoanalisisperiodistico.com\/index.php\/wp-json\/wp\/v2\/categories?post=29100"},{"taxonomy":"post_tag","embeddable":true,"href":"https:\/\/contextoanalisisperiodistico.com\/index.php\/wp-json\/wp\/v2\/tags?post=29100"}],"curies":[{"name":"wp","href":"https:\/\/api.w.org\/{rel}","templated":true}]}}