{"id":29091,"date":"2024-07-19T14:59:52","date_gmt":"2024-07-19T20:59:52","guid":{"rendered":"https:\/\/contextoanalisisperiodistico.com\/index.php\/2024\/07\/19\/inauguran-mural-chinas-y-danzantes-subterraneos-en-paso-a-desnivel-cinco-senores\/"},"modified":"2024-07-19T14:59:52","modified_gmt":"2024-07-19T20:59:52","slug":"inauguran-mural-chinas-y-danzantes-subterraneos-en-paso-a-desnivel-cinco-senores","status":"publish","type":"post","link":"https:\/\/contextoanalisisperiodistico.com\/index.php\/2024\/07\/19\/inauguran-mural-chinas-y-danzantes-subterraneos-en-paso-a-desnivel-cinco-senores\/","title":{"rendered":"Inauguran mural \u201cChinas y Danzantes subterr\u00e1neos\u201d en paso a desnivel Cinco Se\u00f1ores"},"content":{"rendered":"<div id=\"fb-root\"><\/div>\n\n<p>\u2022 Esta obra forma parte de las acciones que coordinan dependencias del Gobierno de Oaxaca para la recuperaci\u00f3n de espacios p\u00fablicos<\/p>\n\n\n\n<p>Oaxaca de Ju\u00e1rez, Oax. 19 de julio de 2024.- Como parte de las acciones para reconstruir el tejido social y recuperar los espacios p\u00fablicos, el Gobierno del Estado de Oaxaca inaugur\u00f3 el mural \u201cChinas y Danzantes subterr\u00e1neos\u201d dirigido por el artista pl\u00e1stico Andreas M\u00e9ndez, en el paso a desnivel de Cinco Se\u00f1ores sobre la avenida Universidad, en la capital oaxaque\u00f1a.<\/p>\n\n\n\n<p>Con apoyo del Secretariado Ejecutivo del Sistema Estatal de Seguridad P\u00fablica (SESESP), las secretar\u00edas de Seguridad y Protecci\u00f3n Ciudadana (SSPC), de las Cultura y Artes (Seculta) y de Bienestar, Tequio e Inclusi\u00f3n (Sebienti), los comit\u00e9s vecinales de las colonias Cinco Se\u00f1ores, Jos\u00e9 Vasconcelos y el Fraccionamiento Trinidad de las Huertas, participaron en la realizaci\u00f3n de esta obra mediante el tequio.<\/p>\n\n\n\n<p>Este mural ideado por el artista oriundo de San Pablo Villa de Mitla, no es el primero que realiza en coordinaci\u00f3n con dichas instituciones, anteriormente en el marco de la Jornada de Paz y Justicia para Mujeres, Adolescentes y Ni\u00f1as pint\u00f3 uno en el municipio de San Mateo R\u00edo Hondo, en la regi\u00f3n de la Sierra Sur para generar conciencia sobre la importancia de la lectura.<\/p>\n\n\n\n<p>De esta manera, el Gobierno del Estado, reafirma su compromiso con la construcci\u00f3n de un Nuevo Pacto Social que fortalece la promoci\u00f3n de la cultura de la paz en toda la entidad.<\/p>\n\n\n\n<p>-0-<\/p>\n\n\n\n<p><\/p>\n\n\n\n<p><\/p>\n\n\n\n<figure class=\"wp-block-image size-large\"><img fetchpriority=\"high\" decoding=\"async\" width=\"1024\" height=\"683\" src=\"https:\/\/contextoanalisisperiodistico.com\/wp-content\/uploads\/2024\/07\/img-20240719-wa00456484859994742413957-1024x683.jpg\" alt=\"\" class=\"wp-image-29089\" srcset=\"https:\/\/contextoanalisisperiodistico.com\/wp-content\/uploads\/2024\/07\/img-20240719-wa00456484859994742413957-1024x683.jpg 1024w, https:\/\/contextoanalisisperiodistico.com\/wp-content\/uploads\/2024\/07\/img-20240719-wa00456484859994742413957-300x200.jpg 300w, https:\/\/contextoanalisisperiodistico.com\/wp-content\/uploads\/2024\/07\/img-20240719-wa00456484859994742413957-768x512.jpg 768w, https:\/\/contextoanalisisperiodistico.com\/wp-content\/uploads\/2024\/07\/img-20240719-wa00456484859994742413957-1536x1024.jpg 1536w, https:\/\/contextoanalisisperiodistico.com\/wp-content\/uploads\/2024\/07\/img-20240719-wa00456484859994742413957.jpg 1600w\" sizes=\"(max-width: 1024px) 100vw, 1024px\" \/><\/figure>\n\n\n\n<figure class=\"wp-block-image\"><img decoding=\"async\" width=\"1024\" height=\"683\" src=\"https:\/\/contextoanalisisperiodistico.com\/wp-content\/uploads\/2024\/07\/img-20240719-wa0046577653518283375037-1024x683.jpg\" alt=\"\" class=\"wp-image-29090\" srcset=\"https:\/\/contextoanalisisperiodistico.com\/wp-content\/uploads\/2024\/07\/img-20240719-wa0046577653518283375037-1024x683.jpg 1024w, https:\/\/contextoanalisisperiodistico.com\/wp-content\/uploads\/2024\/07\/img-20240719-wa0046577653518283375037-300x200.jpg 300w, https:\/\/contextoanalisisperiodistico.com\/wp-content\/uploads\/2024\/07\/img-20240719-wa0046577653518283375037-768x512.jpg 768w, https:\/\/contextoanalisisperiodistico.com\/wp-content\/uploads\/2024\/07\/img-20240719-wa0046577653518283375037-1536x1024.jpg 1536w, https:\/\/contextoanalisisperiodistico.com\/wp-content\/uploads\/2024\/07\/img-20240719-wa0046577653518283375037.jpg 1600w\" sizes=\"(max-width: 1024px) 100vw, 1024px\" \/><\/figure>\n","protected":false},"excerpt":{"rendered":"<p>\u2022 Esta obra forma parte de las acciones que coordinan dependencias del Gobierno de Oaxaca&#8230;<\/p>\n","protected":false},"author":4,"featured_media":29088,"comment_status":"","ping_status":"open","sticky":false,"template":"","format":"standard","meta":{"footnotes":""},"categories":[9],"tags":[],"jetpack_sharing_enabled":true,"featured_image_urls":{"full":["https:\/\/contextoanalisisperiodistico.com\/wp-content\/uploads\/2024\/07\/IMG-20240719-WA0044.jpg",1600,1067,false],"thumbnail":["https:\/\/contextoanalisisperiodistico.com\/wp-content\/uploads\/2024\/07\/IMG-20240719-WA0044-150x150.jpg",150,150,true],"medium":["https:\/\/contextoanalisisperiodistico.com\/wp-content\/uploads\/2024\/07\/IMG-20240719-WA0044-300x200.jpg",300,200,true],"medium_large":["https:\/\/contextoanalisisperiodistico.com\/wp-content\/uploads\/2024\/07\/IMG-20240719-WA0044-768x512.jpg",640,427,true],"large":["https:\/\/contextoanalisisperiodistico.com\/wp-content\/uploads\/2024\/07\/IMG-20240719-WA0044-1024x683.jpg",640,427,true],"1536x1536":["https:\/\/contextoanalisisperiodistico.com\/wp-content\/uploads\/2024\/07\/IMG-20240719-WA0044-1536x1024.jpg",1536,1024,true],"2048x2048":["https:\/\/contextoanalisisperiodistico.com\/wp-content\/uploads\/2024\/07\/IMG-20240719-WA0044.jpg",1600,1067,false],"covernews-slider-full":["https:\/\/contextoanalisisperiodistico.com\/wp-content\/uploads\/2024\/07\/IMG-20240719-WA0044-1115x715.jpg",1115,715,true],"covernews-slider-center":["https:\/\/contextoanalisisperiodistico.com\/wp-content\/uploads\/2024\/07\/IMG-20240719-WA0044-800x500.jpg",800,500,true],"covernews-featured":["https:\/\/contextoanalisisperiodistico.com\/wp-content\/uploads\/2024\/07\/IMG-20240719-WA0044-1024x683.jpg",1024,683,true],"covernews-medium":["https:\/\/contextoanalisisperiodistico.com\/wp-content\/uploads\/2024\/07\/IMG-20240719-WA0044-540x340.jpg",540,340,true],"covernews-medium-square":["https:\/\/contextoanalisisperiodistico.com\/wp-content\/uploads\/2024\/07\/IMG-20240719-WA0044-400x250.jpg",400,250,true]},"author_info":{"display_name":"Mario Gir\u00f3n","author_link":"https:\/\/contextoanalisisperiodistico.com\/index.php\/author\/director\/"},"category_info":"<a href=\"https:\/\/contextoanalisisperiodistico.com\/index.php\/category\/politica\/\" rel=\"category tag\">Pol\u00edtica<\/a>","tag_info":"Pol\u00edtica","comment_count":"0","jetpack_featured_media_url":"https:\/\/contextoanalisisperiodistico.com\/wp-content\/uploads\/2024\/07\/IMG-20240719-WA0044.jpg","_links":{"self":[{"href":"https:\/\/contextoanalisisperiodistico.com\/index.php\/wp-json\/wp\/v2\/posts\/29091"}],"collection":[{"href":"https:\/\/contextoanalisisperiodistico.com\/index.php\/wp-json\/wp\/v2\/posts"}],"about":[{"href":"https:\/\/contextoanalisisperiodistico.com\/index.php\/wp-json\/wp\/v2\/types\/post"}],"author":[{"embeddable":true,"href":"https:\/\/contextoanalisisperiodistico.com\/index.php\/wp-json\/wp\/v2\/users\/4"}],"replies":[{"embeddable":true,"href":"https:\/\/contextoanalisisperiodistico.com\/index.php\/wp-json\/wp\/v2\/comments?post=29091"}],"version-history":[{"count":0,"href":"https:\/\/contextoanalisisperiodistico.com\/index.php\/wp-json\/wp\/v2\/posts\/29091\/revisions"}],"wp:featuredmedia":[{"embeddable":true,"href":"https:\/\/contextoanalisisperiodistico.com\/index.php\/wp-json\/wp\/v2\/media\/29088"}],"wp:attachment":[{"href":"https:\/\/contextoanalisisperiodistico.com\/index.php\/wp-json\/wp\/v2\/media?parent=29091"}],"wp:term":[{"taxonomy":"category","embeddable":true,"href":"https:\/\/contextoanalisisperiodistico.com\/index.php\/wp-json\/wp\/v2\/categories?post=29091"},{"taxonomy":"post_tag","embeddable":true,"href":"https:\/\/contextoanalisisperiodistico.com\/index.php\/wp-json\/wp\/v2\/tags?post=29091"}],"curies":[{"name":"wp","href":"https:\/\/api.w.org\/{rel}","templated":true}]}}