{"id":29078,"date":"2024-07-19T06:18:42","date_gmt":"2024-07-19T12:18:42","guid":{"rendered":"https:\/\/contextoanalisisperiodistico.com\/index.php\/2024\/07\/19\/municipio-capitalino-sede-del-tianguis-gastronomico-desde-mis-raices-con-sus-sabores\/"},"modified":"2024-07-19T06:18:42","modified_gmt":"2024-07-19T12:18:42","slug":"municipio-capitalino-sede-del-tianguis-gastronomico-desde-mis-raices-con-sus-sabores","status":"publish","type":"post","link":"https:\/\/contextoanalisisperiodistico.com\/index.php\/2024\/07\/19\/municipio-capitalino-sede-del-tianguis-gastronomico-desde-mis-raices-con-sus-sabores\/","title":{"rendered":"Municipio capitalino, sede del Tianguis Gastron\u00f3mico \u201cDesde mis ra\u00edces con sus sabores\u201d"},"content":{"rendered":"<div id=\"fb-root\"><\/div>\n\n<p class=\"MsoNormal\">&nbsp;<\/p>\n\n\n\n<p class=\"MsoNormal\">En la Plaza de la Danza, el Presidente Municipal, Francisco Mart\u00ednez Neri, en conjunto con el Gobernador del Estado, Salom\u00f3n Jara Cruz y cocineras tradicionales, participaron en la inauguraci\u00f3n del Tianguis Gastron\u00f3mico \u201cDesde mis ra\u00edces con sus sabores\u201d.<\/p>\n\n\n\n<p class=\"MsoNormal\">&nbsp;<\/p>\n\n\n\n<p class=\"MsoNormal\">\u201cHa sido un gusto acompa\u00f1ar al gobernador del estado y a su se\u00f1ora esposa al arranque de esta actividad que promueve el consumo local; no deben perderse la oportunidad de descubrir la ampl\u00eda variedad de platillos oaxaque\u00f1os que se ofrecen en la Plaza de la Danza\u201d, recalc\u00f3 Mart\u00ednez Neri acompa\u00f1ado de la Presidenta Honoraria del Sistema DIF Municipal, Bernarda Gonz\u00e1lez Rivas.<\/p>\n\n\n\n<p class=\"MsoNormal\">&nbsp;<\/p>\n\n\n\n<p class=\"MsoNormal\">Se mantendr\u00e1 hasta el 31 de julio y se conforma de 43 stands donde est\u00e1n presentes platillos de las 16 culturas y el pueblo afromexicano, con el empleo de productos t\u00edpicos de las regiones y de acuerdo a los procesos ancestrales que conlleva la preparaci\u00f3n de los alimentos<\/p>\n\n\n\n<figure class=\"wp-block-image size-large\"><img fetchpriority=\"high\" decoding=\"async\" width=\"1024\" height=\"682\" src=\"https:\/\/contextoanalisisperiodistico.com\/wp-content\/uploads\/2024\/07\/tianguisgastronC3B3mico2623654000400022980-1024x682.jpg\" alt=\"\" class=\"wp-image-29077\" srcset=\"https:\/\/contextoanalisisperiodistico.com\/wp-content\/uploads\/2024\/07\/tianguisgastronC3B3mico2623654000400022980-1024x682.jpg 1024w, https:\/\/contextoanalisisperiodistico.com\/wp-content\/uploads\/2024\/07\/tianguisgastronC3B3mico2623654000400022980-300x200.jpg 300w, https:\/\/contextoanalisisperiodistico.com\/wp-content\/uploads\/2024\/07\/tianguisgastronC3B3mico2623654000400022980-768x512.jpg 768w, https:\/\/contextoanalisisperiodistico.com\/wp-content\/uploads\/2024\/07\/tianguisgastronC3B3mico2623654000400022980.jpg 1280w\" sizes=\"(max-width: 1024px) 100vw, 1024px\" \/><\/figure>\n","protected":false},"excerpt":{"rendered":"<p>&nbsp; En la Plaza de la Danza, el Presidente Municipal, Francisco Mart\u00ednez Neri, en conjunto&#8230;<\/p>\n","protected":false},"author":4,"featured_media":29076,"comment_status":"","ping_status":"open","sticky":false,"template":"","format":"standard","meta":{"footnotes":""},"categories":[9],"tags":[],"jetpack_sharing_enabled":true,"featured_image_urls":{"full":["https:\/\/contextoanalisisperiodistico.com\/wp-content\/uploads\/2024\/07\/TianguisGastronC3B3mico1.jpeg",1280,853,false],"thumbnail":["https:\/\/contextoanalisisperiodistico.com\/wp-content\/uploads\/2024\/07\/TianguisGastronC3B3mico1-150x150.jpeg",150,150,true],"medium":["https:\/\/contextoanalisisperiodistico.com\/wp-content\/uploads\/2024\/07\/TianguisGastronC3B3mico1-300x200.jpeg",300,200,true],"medium_large":["https:\/\/contextoanalisisperiodistico.com\/wp-content\/uploads\/2024\/07\/TianguisGastronC3B3mico1-768x512.jpeg",640,427,true],"large":["https:\/\/contextoanalisisperiodistico.com\/wp-content\/uploads\/2024\/07\/TianguisGastronC3B3mico1-1024x682.jpeg",640,426,true],"1536x1536":["https:\/\/contextoanalisisperiodistico.com\/wp-content\/uploads\/2024\/07\/TianguisGastronC3B3mico1.jpeg",1280,853,false],"2048x2048":["https:\/\/contextoanalisisperiodistico.com\/wp-content\/uploads\/2024\/07\/TianguisGastronC3B3mico1.jpeg",1280,853,false],"covernews-slider-full":["https:\/\/contextoanalisisperiodistico.com\/wp-content\/uploads\/2024\/07\/TianguisGastronC3B3mico1-1115x715.jpeg",1115,715,true],"covernews-slider-center":["https:\/\/contextoanalisisperiodistico.com\/wp-content\/uploads\/2024\/07\/TianguisGastronC3B3mico1-800x500.jpeg",800,500,true],"covernews-featured":["https:\/\/contextoanalisisperiodistico.com\/wp-content\/uploads\/2024\/07\/TianguisGastronC3B3mico1-1024x682.jpeg",1024,682,true],"covernews-medium":["https:\/\/contextoanalisisperiodistico.com\/wp-content\/uploads\/2024\/07\/TianguisGastronC3B3mico1-540x340.jpeg",540,340,true],"covernews-medium-square":["https:\/\/contextoanalisisperiodistico.com\/wp-content\/uploads\/2024\/07\/TianguisGastronC3B3mico1-400x250.jpeg",400,250,true]},"author_info":{"display_name":"Mario Gir\u00f3n","author_link":"https:\/\/contextoanalisisperiodistico.com\/index.php\/author\/director\/"},"category_info":"<a href=\"https:\/\/contextoanalisisperiodistico.com\/index.php\/category\/politica\/\" rel=\"category tag\">Pol\u00edtica<\/a>","tag_info":"Pol\u00edtica","comment_count":"0","jetpack_featured_media_url":"https:\/\/contextoanalisisperiodistico.com\/wp-content\/uploads\/2024\/07\/TianguisGastronC3B3mico1.jpeg","_links":{"self":[{"href":"https:\/\/contextoanalisisperiodistico.com\/index.php\/wp-json\/wp\/v2\/posts\/29078"}],"collection":[{"href":"https:\/\/contextoanalisisperiodistico.com\/index.php\/wp-json\/wp\/v2\/posts"}],"about":[{"href":"https:\/\/contextoanalisisperiodistico.com\/index.php\/wp-json\/wp\/v2\/types\/post"}],"author":[{"embeddable":true,"href":"https:\/\/contextoanalisisperiodistico.com\/index.php\/wp-json\/wp\/v2\/users\/4"}],"replies":[{"embeddable":true,"href":"https:\/\/contextoanalisisperiodistico.com\/index.php\/wp-json\/wp\/v2\/comments?post=29078"}],"version-history":[{"count":0,"href":"https:\/\/contextoanalisisperiodistico.com\/index.php\/wp-json\/wp\/v2\/posts\/29078\/revisions"}],"wp:featuredmedia":[{"embeddable":true,"href":"https:\/\/contextoanalisisperiodistico.com\/index.php\/wp-json\/wp\/v2\/media\/29076"}],"wp:attachment":[{"href":"https:\/\/contextoanalisisperiodistico.com\/index.php\/wp-json\/wp\/v2\/media?parent=29078"}],"wp:term":[{"taxonomy":"category","embeddable":true,"href":"https:\/\/contextoanalisisperiodistico.com\/index.php\/wp-json\/wp\/v2\/categories?post=29078"},{"taxonomy":"post_tag","embeddable":true,"href":"https:\/\/contextoanalisisperiodistico.com\/index.php\/wp-json\/wp\/v2\/tags?post=29078"}],"curies":[{"name":"wp","href":"https:\/\/api.w.org\/{rel}","templated":true}]}}