{"id":29073,"date":"2024-07-19T06:11:50","date_gmt":"2024-07-19T12:11:50","guid":{"rendered":"https:\/\/contextoanalisisperiodistico.com\/index.php\/2024\/07\/19\/todo-listo-en-oaxaca-de-juarez-para-la-primera-funcion-de-donaji-la-leyenda\/"},"modified":"2024-07-19T06:14:39","modified_gmt":"2024-07-19T12:14:39","slug":"todo-listo-en-oaxaca-de-juarez-para-la-primera-funcion-de-donaji-la-leyenda","status":"publish","type":"post","link":"https:\/\/contextoanalisisperiodistico.com\/index.php\/2024\/07\/19\/todo-listo-en-oaxaca-de-juarez-para-la-primera-funcion-de-donaji-la-leyenda\/","title":{"rendered":"Todo listo para la primera funci\u00f3n: Donaj\u00ed, la Leyenda"},"content":{"rendered":"<div id=\"fb-root\"><\/div>\n\n<p class=\"MsoNormal\"><em>&#8211; Los boletos de los palcos A y B siguen a la venta en tres puntos c\u00e9ntricos de la ciudad. Los accesos para los palcos C y D son totalmente gratuitos.<\/em><\/p>\n\n\n\n<p class=\"MsoNormal\"><strong>&nbsp;<\/strong><\/p>\n\n\n\n<p class=\"MsoNormal\"><strong>Oaxaca de Ju\u00e1rez, Oaxaca, a 18 de julio de 2024.-<\/strong>&nbsp;La capital oaxaque\u00f1a, especialmente la Rotonda de la Azucena, se encuentra lista para recibir a turistas nacionales y extranjeros, quienes, en los pr\u00f3ximos d\u00edas 21 y 28 de julio, vibrar\u00e1n con el espect\u00e1culo danc\u00edstico Donaj\u00ed, la Leyenda.<\/p>\n\n\n\n<p class=\"MsoNormal\">&nbsp;<\/p>\n\n\n\n<p class=\"MsoNormal\">El evento organizado por el Ayuntamiento de Oaxaca de Ju\u00e1rez, a trav\u00e9s de la Secretar\u00eda de Fomento Tur\u00edstico, dar\u00e1 inicio a las 20:00 horas, en el que se espera una actuaci\u00f3n sin precedentes a cargo del Ballet Folkl\u00f3rico de Oaxaca.<\/p>\n\n\n\n<p class=\"MsoNormal\">&nbsp;<\/p>\n\n\n\n<p class=\"MsoNormal\">En ese sentido, autoridades municipales recordaron que los boletos de los palcos A y B siguen a la venta en tres puntos de la ciudad: Palacio Municipal y los Centros de Informaci\u00f3n Tur\u00edstica ubicados en Santo Domingo de Guzm\u00e1n y en la Alameda de Le\u00f3n, as\u00ed como en la plataforma&nbsp;<a href=\"http:\/\/superboletos.com\/\" target=\"_blank\" rel=\"noreferrer noopener\">superboletos.com<\/a>.<\/p>\n\n\n\n<p class=\"MsoNormal\">&nbsp;<\/p>\n\n\n\n<p class=\"MsoNormal\">Los accesos para los palcos C y D, son totalmente gratuitos sin necesidad de presentar un boleto.<\/p>\n\n\n\n<p class=\"MsoNormal\">&nbsp;<\/p>\n\n\n\n<p class=\"MsoNormal\">Por lo anterior, invitaron a la ciudadan\u00eda en general que a\u00fan no cuenta con accesos, a adquirirlos en un horario de 10:00 a 17:00 horas, o bien ubicarlos v\u00eda internet.<\/p>\n\n\n\n<figure class=\"wp-block-image size-large\"><img fetchpriority=\"high\" decoding=\"async\" width=\"1024\" height=\"682\" src=\"https:\/\/contextoanalisisperiodistico.com\/wp-content\/uploads\/2024\/07\/donajC3AD275588787303714775-1024x682.jpg\" alt=\"\" class=\"wp-image-29072\" srcset=\"https:\/\/contextoanalisisperiodistico.com\/wp-content\/uploads\/2024\/07\/donajC3AD275588787303714775-1024x682.jpg 1024w, https:\/\/contextoanalisisperiodistico.com\/wp-content\/uploads\/2024\/07\/donajC3AD275588787303714775-300x200.jpg 300w, https:\/\/contextoanalisisperiodistico.com\/wp-content\/uploads\/2024\/07\/donajC3AD275588787303714775-768x512.jpg 768w, https:\/\/contextoanalisisperiodistico.com\/wp-content\/uploads\/2024\/07\/donajC3AD275588787303714775.jpg 1280w\" sizes=\"(max-width: 1024px) 100vw, 1024px\" \/><\/figure>\n\n\n\n<figure class=\"wp-block-image\"><img decoding=\"async\" width=\"1024\" height=\"682\" src=\"https:\/\/contextoanalisisperiodistico.com\/wp-content\/uploads\/2024\/07\/donajC3AD12969567838872890010-1024x682.jpg\" alt=\"\" class=\"wp-image-29071\" srcset=\"https:\/\/contextoanalisisperiodistico.com\/wp-content\/uploads\/2024\/07\/donajC3AD12969567838872890010-1024x682.jpg 1024w, https:\/\/contextoanalisisperiodistico.com\/wp-content\/uploads\/2024\/07\/donajC3AD12969567838872890010-300x200.jpg 300w, https:\/\/contextoanalisisperiodistico.com\/wp-content\/uploads\/2024\/07\/donajC3AD12969567838872890010-768x512.jpg 768w, https:\/\/contextoanalisisperiodistico.com\/wp-content\/uploads\/2024\/07\/donajC3AD12969567838872890010.jpg 1280w\" sizes=\"(max-width: 1024px) 100vw, 1024px\" \/><\/figure>\n\n\n\n<p><\/p>\n\n\n\n<p><\/p>\n","protected":false},"excerpt":{"rendered":"<p>&#8211; Los boletos de los palcos A y B siguen a la venta en tres&#8230;<\/p>\n","protected":false},"author":4,"featured_media":29070,"comment_status":"closed","ping_status":"open","sticky":false,"template":"","format":"standard","meta":{"footnotes":""},"categories":[9],"tags":[],"jetpack_sharing_enabled":true,"featured_image_urls":{"full":["https:\/\/contextoanalisisperiodistico.com\/wp-content\/uploads\/2024\/07\/DONAJC38D3.jpeg",1280,853,false],"thumbnail":["https:\/\/contextoanalisisperiodistico.com\/wp-content\/uploads\/2024\/07\/DONAJC38D3-150x150.jpeg",150,150,true],"medium":["https:\/\/contextoanalisisperiodistico.com\/wp-content\/uploads\/2024\/07\/DONAJC38D3-300x200.jpeg",300,200,true],"medium_large":["https:\/\/contextoanalisisperiodistico.com\/wp-content\/uploads\/2024\/07\/DONAJC38D3-768x512.jpeg",640,427,true],"large":["https:\/\/contextoanalisisperiodistico.com\/wp-content\/uploads\/2024\/07\/DONAJC38D3-1024x682.jpeg",640,426,true],"1536x1536":["https:\/\/contextoanalisisperiodistico.com\/wp-content\/uploads\/2024\/07\/DONAJC38D3.jpeg",1280,853,false],"2048x2048":["https:\/\/contextoanalisisperiodistico.com\/wp-content\/uploads\/2024\/07\/DONAJC38D3.jpeg",1280,853,false],"covernews-slider-full":["https:\/\/contextoanalisisperiodistico.com\/wp-content\/uploads\/2024\/07\/DONAJC38D3-1115x715.jpeg",1115,715,true],"covernews-slider-center":["https:\/\/contextoanalisisperiodistico.com\/wp-content\/uploads\/2024\/07\/DONAJC38D3-800x500.jpeg",800,500,true],"covernews-featured":["https:\/\/contextoanalisisperiodistico.com\/wp-content\/uploads\/2024\/07\/DONAJC38D3-1024x682.jpeg",1024,682,true],"covernews-medium":["https:\/\/contextoanalisisperiodistico.com\/wp-content\/uploads\/2024\/07\/DONAJC38D3-540x340.jpeg",540,340,true],"covernews-medium-square":["https:\/\/contextoanalisisperiodistico.com\/wp-content\/uploads\/2024\/07\/DONAJC38D3-400x250.jpeg",400,250,true]},"author_info":{"display_name":"Mario Gir\u00f3n","author_link":"https:\/\/contextoanalisisperiodistico.com\/index.php\/author\/director\/"},"category_info":"<a href=\"https:\/\/contextoanalisisperiodistico.com\/index.php\/category\/politica\/\" rel=\"category tag\">Pol\u00edtica<\/a>","tag_info":"Pol\u00edtica","comment_count":"0","jetpack_featured_media_url":"https:\/\/contextoanalisisperiodistico.com\/wp-content\/uploads\/2024\/07\/DONAJC38D3.jpeg","_links":{"self":[{"href":"https:\/\/contextoanalisisperiodistico.com\/index.php\/wp-json\/wp\/v2\/posts\/29073"}],"collection":[{"href":"https:\/\/contextoanalisisperiodistico.com\/index.php\/wp-json\/wp\/v2\/posts"}],"about":[{"href":"https:\/\/contextoanalisisperiodistico.com\/index.php\/wp-json\/wp\/v2\/types\/post"}],"author":[{"embeddable":true,"href":"https:\/\/contextoanalisisperiodistico.com\/index.php\/wp-json\/wp\/v2\/users\/4"}],"replies":[{"embeddable":true,"href":"https:\/\/contextoanalisisperiodistico.com\/index.php\/wp-json\/wp\/v2\/comments?post=29073"}],"version-history":[{"count":2,"href":"https:\/\/contextoanalisisperiodistico.com\/index.php\/wp-json\/wp\/v2\/posts\/29073\/revisions"}],"predecessor-version":[{"id":29075,"href":"https:\/\/contextoanalisisperiodistico.com\/index.php\/wp-json\/wp\/v2\/posts\/29073\/revisions\/29075"}],"wp:featuredmedia":[{"embeddable":true,"href":"https:\/\/contextoanalisisperiodistico.com\/index.php\/wp-json\/wp\/v2\/media\/29070"}],"wp:attachment":[{"href":"https:\/\/contextoanalisisperiodistico.com\/index.php\/wp-json\/wp\/v2\/media?parent=29073"}],"wp:term":[{"taxonomy":"category","embeddable":true,"href":"https:\/\/contextoanalisisperiodistico.com\/index.php\/wp-json\/wp\/v2\/categories?post=29073"},{"taxonomy":"post_tag","embeddable":true,"href":"https:\/\/contextoanalisisperiodistico.com\/index.php\/wp-json\/wp\/v2\/tags?post=29073"}],"curies":[{"name":"wp","href":"https:\/\/api.w.org\/{rel}","templated":true}]}}