{"id":29069,"date":"2024-07-18T21:06:37","date_gmt":"2024-07-19T03:06:37","guid":{"rendered":"https:\/\/contextoanalisisperiodistico.com\/index.php\/2024\/07\/18\/el-macco-sera-un-espacio-para-el-uso-goce-y-disfrute-del-pueblo-salomon-jara\/"},"modified":"2024-07-18T21:06:37","modified_gmt":"2024-07-19T03:06:37","slug":"el-macco-sera-un-espacio-para-el-uso-goce-y-disfrute-del-pueblo-salomon-jara","status":"publish","type":"post","link":"https:\/\/contextoanalisisperiodistico.com\/index.php\/2024\/07\/18\/el-macco-sera-un-espacio-para-el-uso-goce-y-disfrute-del-pueblo-salomon-jara\/","title":{"rendered":"El MACCO ser\u00e1 un espacio para el uso, goce y disfrute del pueblo: Salom\u00f3n Jara"},"content":{"rendered":"<div id=\"fb-root\"><\/div>\n\n<p>\u2022 Durante el programa Jueves de Gozona, el Gobernador de Oaxaca se\u00f1al\u00f3 que este Museo albergar\u00e1 obras de m\u00e1s de 50 artistas como Rufino Tamayo, Rodolfo Nieto, Arnulfo Mendoza, entre otros<\/p>\n\n\n\n<figure class=\"wp-block-image size-large\"><img fetchpriority=\"high\" decoding=\"async\" width=\"1024\" height=\"682\" src=\"https:\/\/contextoanalisisperiodistico.com\/wp-content\/uploads\/2024\/07\/img-20240718-wa01072567025888102217323-1024x682.jpg\" alt=\"\" class=\"wp-image-29067\" srcset=\"https:\/\/contextoanalisisperiodistico.com\/wp-content\/uploads\/2024\/07\/img-20240718-wa01072567025888102217323-1024x682.jpg 1024w, https:\/\/contextoanalisisperiodistico.com\/wp-content\/uploads\/2024\/07\/img-20240718-wa01072567025888102217323-300x200.jpg 300w, https:\/\/contextoanalisisperiodistico.com\/wp-content\/uploads\/2024\/07\/img-20240718-wa01072567025888102217323-768x512.jpg 768w, https:\/\/contextoanalisisperiodistico.com\/wp-content\/uploads\/2024\/07\/img-20240718-wa01072567025888102217323-1536x1023.jpg 1536w, https:\/\/contextoanalisisperiodistico.com\/wp-content\/uploads\/2024\/07\/img-20240718-wa01072567025888102217323.jpg 1600w\" sizes=\"(max-width: 1024px) 100vw, 1024px\" \/><\/figure>\n\n\n\n<figure class=\"wp-block-image\"><img decoding=\"async\" width=\"1024\" height=\"682\" src=\"https:\/\/contextoanalisisperiodistico.com\/wp-content\/uploads\/2024\/07\/img-20240718-wa01112828240606867067276-1024x682.jpg\" alt=\"\" class=\"wp-image-29066\" srcset=\"https:\/\/contextoanalisisperiodistico.com\/wp-content\/uploads\/2024\/07\/img-20240718-wa01112828240606867067276-1024x682.jpg 1024w, https:\/\/contextoanalisisperiodistico.com\/wp-content\/uploads\/2024\/07\/img-20240718-wa01112828240606867067276-300x200.jpg 300w, https:\/\/contextoanalisisperiodistico.com\/wp-content\/uploads\/2024\/07\/img-20240718-wa01112828240606867067276-768x512.jpg 768w, https:\/\/contextoanalisisperiodistico.com\/wp-content\/uploads\/2024\/07\/img-20240718-wa01112828240606867067276-1536x1023.jpg 1536w, https:\/\/contextoanalisisperiodistico.com\/wp-content\/uploads\/2024\/07\/img-20240718-wa01112828240606867067276.jpg 1600w\" sizes=\"(max-width: 1024px) 100vw, 1024px\" \/><\/figure>\n\n\n\n<figure class=\"wp-block-image\"><img decoding=\"async\" width=\"1024\" height=\"682\" src=\"https:\/\/contextoanalisisperiodistico.com\/wp-content\/uploads\/2024\/07\/img-20240718-wa01097419037188354650861-1024x682.jpg\" alt=\"\" class=\"wp-image-29068\" srcset=\"https:\/\/contextoanalisisperiodistico.com\/wp-content\/uploads\/2024\/07\/img-20240718-wa01097419037188354650861-1024x682.jpg 1024w, https:\/\/contextoanalisisperiodistico.com\/wp-content\/uploads\/2024\/07\/img-20240718-wa01097419037188354650861-300x200.jpg 300w, https:\/\/contextoanalisisperiodistico.com\/wp-content\/uploads\/2024\/07\/img-20240718-wa01097419037188354650861-768x512.jpg 768w, https:\/\/contextoanalisisperiodistico.com\/wp-content\/uploads\/2024\/07\/img-20240718-wa01097419037188354650861-1536x1023.jpg 1536w, https:\/\/contextoanalisisperiodistico.com\/wp-content\/uploads\/2024\/07\/img-20240718-wa01097419037188354650861.jpg 1600w\" sizes=\"(max-width: 1024px) 100vw, 1024px\" \/><\/figure>\n\n\n\n<p>Oaxaca de Ju\u00e1rez, Oax. 18 de julio de 2024.- Desde el Museo de Arte Contempor\u00e1neo y de las Culturas Oaxaque\u00f1as (MACCO), el Gobernador Salom\u00f3n Jara Cruz se\u00f1al\u00f3 que este edificio emblem\u00e1tico que data del siglo XVIII, se pondr\u00e1 en funcionamiento para el uso, goce y disfrute de propios, as\u00ed como de visitantes nacionales y extranjeros.<\/p>\n\n\n\n<p>En una emisi\u00f3n m\u00e1s del programa Jueves de Gozona, el Mandatario puntualiz\u00f3 que el objetivo de recuperar este patrimonio cultural del estado es que las y los artistas cuenten con un espacio propio en el que todo el mundo pueda apreciar el arte oaxaque\u00f1o, garantizando as\u00ed el derecho a la cultura. &nbsp;<\/p>\n\n\n\n<p>Expres\u00f3 que este espacio p\u00fablico, ubicado en la calle de Macedonio Alcal\u00e1 n\u00famero 202, en el Centro Hist\u00f3rico de la ciudad de Oaxaca de Ju\u00e1rez, es de alto valor para la ciudadan\u00eda; sin embargo, se encontraba en p\u00e9simas condiciones y abandonado por malas administraciones.<\/p>\n\n\n\n<p>\u201cPor ello, el Gobierno de la Primavera Oaxaque\u00f1a decidi\u00f3 rescatar este inmueble en el que pr\u00f3ximamente se impartir\u00e1n talleres, exposiciones y se reactivar\u00e1 el cine; ning\u00fan grupo pol\u00edtico, de inter\u00e9s o de privilegiados debe de apropiarse de lo que es del pueblo y para el pueblo\u201d, precis\u00f3 Jara Cruz.<\/p>\n\n\n\n<p>Durante el programa transmitido a trav\u00e9s de la Corporaci\u00f3n Oaxaque\u00f1a de Radio y Televisi\u00f3n (Cortv), el titular del Poder Ejecutivo inform\u00f3 que la reapertura del MACCO albergar\u00e1 obras de m\u00e1s de 50 artistas como el maestro Rufino Tamayo, Rodolfo Nieto, Arnulfo Mendoza, entre otros; cabe destacar que todo el acervo cultural que se encontr\u00f3, est\u00e1 registrado en el sistema de los bienes muebles de Gobierno del Estado.<\/p>\n\n\n\n<p>\u201cLa sociedad oaxaque\u00f1a debe de tener la certeza y confianza de que su patrimonio cultural est\u00e1 a salvo y muy bien resguardado. Nuestro Gobierno ser\u00e1 garante y propiciar\u00e1 las condiciones pol\u00edticas y materiales para que la comunidad cultural sea protagonista y nos ayude a garantizar la mejor gesti\u00f3n de este espacio\u201d, puntualiz\u00f3.<\/p>\n\n\n\n<p>El Gobernante a\u00f1adi\u00f3 que este Museo \u00fanico en el territorio oaxaque\u00f1o ser\u00e1 un centro de conocimiento y una puerta abierta de di\u00e1logo a nivel local, nacional e internacional; en este sentido, invit\u00f3 a la ciudadan\u00eda, as\u00ed como a las y los artistas a la reapertura que se llevar\u00e1 a cabo este viernes 18 de julio a las 12:00 horas.<\/p>\n\n\n\n<p>Quienes visiten el MACCO podr\u00e1n apreciar la exposici\u00f3n \u201cTodos somos de fuera, territorios en el arte en Oaxaca\u201d de autores como Luis Hampshire y Luis Canseco, que hace referencia a la inclusi\u00f3n, geograf\u00eda, lenguaje y otros aspectos de la entidad.<\/p>\n\n\n\n<p>-0-<\/p>\n","protected":false},"excerpt":{"rendered":"<p>\u2022 Durante el programa Jueves de Gozona, el Gobernador de Oaxaca se\u00f1al\u00f3 que este Museo&#8230;<\/p>\n","protected":false},"author":4,"featured_media":29065,"comment_status":"","ping_status":"open","sticky":false,"template":"","format":"standard","meta":{"footnotes":""},"categories":[9],"tags":[],"jetpack_sharing_enabled":true,"featured_image_urls":{"full":["https:\/\/contextoanalisisperiodistico.com\/wp-content\/uploads\/2024\/07\/IMG-20240718-WA0110.jpg",1600,1066,false],"thumbnail":["https:\/\/contextoanalisisperiodistico.com\/wp-content\/uploads\/2024\/07\/IMG-20240718-WA0110-150x150.jpg",150,150,true],"medium":["https:\/\/contextoanalisisperiodistico.com\/wp-content\/uploads\/2024\/07\/IMG-20240718-WA0110-300x200.jpg",300,200,true],"medium_large":["https:\/\/contextoanalisisperiodistico.com\/wp-content\/uploads\/2024\/07\/IMG-20240718-WA0110-768x512.jpg",640,427,true],"large":["https:\/\/contextoanalisisperiodistico.com\/wp-content\/uploads\/2024\/07\/IMG-20240718-WA0110-1024x682.jpg",640,426,true],"1536x1536":["https:\/\/contextoanalisisperiodistico.com\/wp-content\/uploads\/2024\/07\/IMG-20240718-WA0110-1536x1023.jpg",1536,1023,true],"2048x2048":["https:\/\/contextoanalisisperiodistico.com\/wp-content\/uploads\/2024\/07\/IMG-20240718-WA0110.jpg",1600,1066,false],"covernews-slider-full":["https:\/\/contextoanalisisperiodistico.com\/wp-content\/uploads\/2024\/07\/IMG-20240718-WA0110-1115x715.jpg",1115,715,true],"covernews-slider-center":["https:\/\/contextoanalisisperiodistico.com\/wp-content\/uploads\/2024\/07\/IMG-20240718-WA0110-800x500.jpg",800,500,true],"covernews-featured":["https:\/\/contextoanalisisperiodistico.com\/wp-content\/uploads\/2024\/07\/IMG-20240718-WA0110-1024x682.jpg",1024,682,true],"covernews-medium":["https:\/\/contextoanalisisperiodistico.com\/wp-content\/uploads\/2024\/07\/IMG-20240718-WA0110-540x340.jpg",540,340,true],"covernews-medium-square":["https:\/\/contextoanalisisperiodistico.com\/wp-content\/uploads\/2024\/07\/IMG-20240718-WA0110-400x250.jpg",400,250,true]},"author_info":{"display_name":"Mario Gir\u00f3n","author_link":"https:\/\/contextoanalisisperiodistico.com\/index.php\/author\/director\/"},"category_info":"<a href=\"https:\/\/contextoanalisisperiodistico.com\/index.php\/category\/politica\/\" rel=\"category tag\">Pol\u00edtica<\/a>","tag_info":"Pol\u00edtica","comment_count":"0","jetpack_featured_media_url":"https:\/\/contextoanalisisperiodistico.com\/wp-content\/uploads\/2024\/07\/IMG-20240718-WA0110.jpg","_links":{"self":[{"href":"https:\/\/contextoanalisisperiodistico.com\/index.php\/wp-json\/wp\/v2\/posts\/29069"}],"collection":[{"href":"https:\/\/contextoanalisisperiodistico.com\/index.php\/wp-json\/wp\/v2\/posts"}],"about":[{"href":"https:\/\/contextoanalisisperiodistico.com\/index.php\/wp-json\/wp\/v2\/types\/post"}],"author":[{"embeddable":true,"href":"https:\/\/contextoanalisisperiodistico.com\/index.php\/wp-json\/wp\/v2\/users\/4"}],"replies":[{"embeddable":true,"href":"https:\/\/contextoanalisisperiodistico.com\/index.php\/wp-json\/wp\/v2\/comments?post=29069"}],"version-history":[{"count":0,"href":"https:\/\/contextoanalisisperiodistico.com\/index.php\/wp-json\/wp\/v2\/posts\/29069\/revisions"}],"wp:featuredmedia":[{"embeddable":true,"href":"https:\/\/contextoanalisisperiodistico.com\/index.php\/wp-json\/wp\/v2\/media\/29065"}],"wp:attachment":[{"href":"https:\/\/contextoanalisisperiodistico.com\/index.php\/wp-json\/wp\/v2\/media?parent=29069"}],"wp:term":[{"taxonomy":"category","embeddable":true,"href":"https:\/\/contextoanalisisperiodistico.com\/index.php\/wp-json\/wp\/v2\/categories?post=29069"},{"taxonomy":"post_tag","embeddable":true,"href":"https:\/\/contextoanalisisperiodistico.com\/index.php\/wp-json\/wp\/v2\/tags?post=29069"}],"curies":[{"name":"wp","href":"https:\/\/api.w.org\/{rel}","templated":true}]}}