{"id":29062,"date":"2024-07-18T16:00:42","date_gmt":"2024-07-18T22:00:42","guid":{"rendered":"https:\/\/contextoanalisisperiodistico.com\/index.php\/2024\/07\/18\/capacitan-al-personal-del-aurelio-valdivieso-para-la-atencion-integral-en-dengue\/"},"modified":"2024-07-18T16:00:42","modified_gmt":"2024-07-18T22:00:42","slug":"capacitan-al-personal-del-aurelio-valdivieso-para-la-atencion-integral-en-dengue","status":"publish","type":"post","link":"https:\/\/contextoanalisisperiodistico.com\/index.php\/2024\/07\/18\/capacitan-al-personal-del-aurelio-valdivieso-para-la-atencion-integral-en-dengue\/","title":{"rendered":"Capacitan al personal del \u00abAurelio Valdivieso\u00bb para la atenci\u00f3n integral en dengue"},"content":{"rendered":"<div id=\"fb-root\"><\/div>\n\n<p>\u2022 Fundamental contar con las herramientas necesarias para garantizar la atenci\u00f3n m\u00e9dica oportuna, de calidad y seguridad para las y los oaxaque\u00f1os<\/p>\n\n\n\n<p>Oaxaca de Ju\u00e1rez, Oax. 18 de julio de 2024.- Con el prop\u00f3sito de fortalecer la atenci\u00f3n integral a pacientes con la enfermedad transmitida por el zancudo Aedes aegypti, el Hospital General Doctor Aurelio Valdivieso de Servicios de Salud IMSS-Bienestar, llev\u00f3 a cabo el curso sobre hepatitis y coagulopat\u00eda por dengue.<\/p>\n\n\n\n<p>Al respecto, el director de la unidad Pedro Aar\u00f3n Santiago Mart\u00ednez destac\u00f3 que la jornada acad\u00e9mica estuvo dirigida al personal m\u00e9dico y de enfermer\u00eda del nosocomio; adem\u00e1s fue impartida por especialistas del servicio de medicina interna y el comit\u00e9 de investigaci\u00f3n del centro m\u00e9dico estatal.<\/p>\n\n\n\n<p>Agreg\u00f3 que esta unidad, puso en marcha el triage para dengue, protocolo mediante el cual se definen las prioridades de atenci\u00f3n de acuerdo a la gravedad del paciente y para evitar dilaciones en la atenci\u00f3n m\u00e9dica, as\u00ed como situaci\u00f3n en el \u00e1rea de urgencias.<\/p>\n\n\n\n<p>Se\u00f1al\u00f3 que la capacitaci\u00f3n continua del personal m\u00e9dico y param\u00e9dico del Hospital ha sido factor determinante para mantener el manejo oportuno, responsable y profesional de las personas pacientes.<\/p>\n\n\n\n<p>Durante el curso se abordaron las generalidades de la patolog\u00eda y los resultados de las investigaciones del Servicio de Medicina Interna y del Comit\u00e9 de Investigaci\u00f3n, respecto a la asociaci\u00f3n entre la disfunci\u00f3n hep\u00e1tica y la infecci\u00f3n causada por el virus de esta enfermedad.<\/p>\n\n\n\n<p>Tambi\u00e9n se enfatiz\u00f3 sobre la importancia del control vectorial del zancudo transmisor, el cuadro cl\u00ednico y el manejo de los casos de dengue. Las personas ponentes presentaron a trav\u00e9s de casos cl\u00ednicos, c\u00f3mo realizar el diagn\u00f3stico, tratamiento y manejo de algunas complicaciones al compartir sus experiencias en gesti\u00f3n cl\u00ednica.<\/p>\n\n\n\n<p>Servicios de Salud de Oaxaca (SSO) puntualiz\u00f3 que durante la administraci\u00f3n de la Primavera Oaxaque\u00f1a se ha enfatizado en la capacitaci\u00f3n permanente para que el personal m\u00e9dico adscrito, becario y param\u00e9dico cuente con las herramientas necesarias para hacer frente a este problema de salud p\u00fablica.<\/p>\n\n\n\n<p>-0-<\/p>\n\n\n\n<figure class=\"wp-block-image size-large\"><img fetchpriority=\"high\" decoding=\"async\" width=\"1024\" height=\"682\" src=\"https:\/\/contextoanalisisperiodistico.com\/wp-content\/uploads\/2024\/07\/img-20240718-wa00603383916917120523478-1024x682.jpg\" alt=\"\" class=\"wp-image-29060\" srcset=\"https:\/\/contextoanalisisperiodistico.com\/wp-content\/uploads\/2024\/07\/img-20240718-wa00603383916917120523478-1024x682.jpg 1024w, https:\/\/contextoanalisisperiodistico.com\/wp-content\/uploads\/2024\/07\/img-20240718-wa00603383916917120523478-300x200.jpg 300w, https:\/\/contextoanalisisperiodistico.com\/wp-content\/uploads\/2024\/07\/img-20240718-wa00603383916917120523478-768x511.jpg 768w, https:\/\/contextoanalisisperiodistico.com\/wp-content\/uploads\/2024\/07\/img-20240718-wa00603383916917120523478-1536x1022.jpg 1536w, https:\/\/contextoanalisisperiodistico.com\/wp-content\/uploads\/2024\/07\/img-20240718-wa00603383916917120523478.jpg 1600w\" sizes=\"(max-width: 1024px) 100vw, 1024px\" \/><\/figure>\n\n\n\n<figure class=\"wp-block-image\"><img decoding=\"async\" width=\"1024\" height=\"682\" src=\"https:\/\/contextoanalisisperiodistico.com\/wp-content\/uploads\/2024\/07\/img-20240718-wa00616295150509215926761-1024x682.jpg\" alt=\"\" class=\"wp-image-29059\" srcset=\"https:\/\/contextoanalisisperiodistico.com\/wp-content\/uploads\/2024\/07\/img-20240718-wa00616295150509215926761-1024x682.jpg 1024w, https:\/\/contextoanalisisperiodistico.com\/wp-content\/uploads\/2024\/07\/img-20240718-wa00616295150509215926761-300x200.jpg 300w, https:\/\/contextoanalisisperiodistico.com\/wp-content\/uploads\/2024\/07\/img-20240718-wa00616295150509215926761-768x511.jpg 768w, https:\/\/contextoanalisisperiodistico.com\/wp-content\/uploads\/2024\/07\/img-20240718-wa00616295150509215926761-1536x1022.jpg 1536w, https:\/\/contextoanalisisperiodistico.com\/wp-content\/uploads\/2024\/07\/img-20240718-wa00616295150509215926761.jpg 1600w\" sizes=\"(max-width: 1024px) 100vw, 1024px\" \/><\/figure>\n\n\n\n<figure class=\"wp-block-image\"><img decoding=\"async\" width=\"1024\" height=\"682\" src=\"https:\/\/contextoanalisisperiodistico.com\/wp-content\/uploads\/2024\/07\/img-20240718-wa00628862306799558488506-1024x682.jpg\" alt=\"\" class=\"wp-image-29061\" srcset=\"https:\/\/contextoanalisisperiodistico.com\/wp-content\/uploads\/2024\/07\/img-20240718-wa00628862306799558488506-1024x682.jpg 1024w, https:\/\/contextoanalisisperiodistico.com\/wp-content\/uploads\/2024\/07\/img-20240718-wa00628862306799558488506-300x200.jpg 300w, https:\/\/contextoanalisisperiodistico.com\/wp-content\/uploads\/2024\/07\/img-20240718-wa00628862306799558488506-768x511.jpg 768w, https:\/\/contextoanalisisperiodistico.com\/wp-content\/uploads\/2024\/07\/img-20240718-wa00628862306799558488506-1536x1022.jpg 1536w, https:\/\/contextoanalisisperiodistico.com\/wp-content\/uploads\/2024\/07\/img-20240718-wa00628862306799558488506.jpg 1600w\" sizes=\"(max-width: 1024px) 100vw, 1024px\" \/><\/figure>\n","protected":false},"excerpt":{"rendered":"<p>\u2022 Fundamental contar con las herramientas necesarias para garantizar la atenci\u00f3n m\u00e9dica oportuna, de calidad&#8230;<\/p>\n","protected":false},"author":4,"featured_media":29058,"comment_status":"","ping_status":"open","sticky":false,"template":"","format":"standard","meta":{"footnotes":""},"categories":[9],"tags":[],"jetpack_sharing_enabled":true,"featured_image_urls":{"full":["https:\/\/contextoanalisisperiodistico.com\/wp-content\/uploads\/2024\/07\/IMG-20240718-WA0063.jpg",1600,1065,false],"thumbnail":["https:\/\/contextoanalisisperiodistico.com\/wp-content\/uploads\/2024\/07\/IMG-20240718-WA0063-150x150.jpg",150,150,true],"medium":["https:\/\/contextoanalisisperiodistico.com\/wp-content\/uploads\/2024\/07\/IMG-20240718-WA0063-300x200.jpg",300,200,true],"medium_large":["https:\/\/contextoanalisisperiodistico.com\/wp-content\/uploads\/2024\/07\/IMG-20240718-WA0063-768x511.jpg",640,426,true],"large":["https:\/\/contextoanalisisperiodistico.com\/wp-content\/uploads\/2024\/07\/IMG-20240718-WA0063-1024x682.jpg",640,426,true],"1536x1536":["https:\/\/contextoanalisisperiodistico.com\/wp-content\/uploads\/2024\/07\/IMG-20240718-WA0063-1536x1022.jpg",1536,1022,true],"2048x2048":["https:\/\/contextoanalisisperiodistico.com\/wp-content\/uploads\/2024\/07\/IMG-20240718-WA0063.jpg",1600,1065,false],"covernews-slider-full":["https:\/\/contextoanalisisperiodistico.com\/wp-content\/uploads\/2024\/07\/IMG-20240718-WA0063-1115x715.jpg",1115,715,true],"covernews-slider-center":["https:\/\/contextoanalisisperiodistico.com\/wp-content\/uploads\/2024\/07\/IMG-20240718-WA0063-800x500.jpg",800,500,true],"covernews-featured":["https:\/\/contextoanalisisperiodistico.com\/wp-content\/uploads\/2024\/07\/IMG-20240718-WA0063-1024x682.jpg",1024,682,true],"covernews-medium":["https:\/\/contextoanalisisperiodistico.com\/wp-content\/uploads\/2024\/07\/IMG-20240718-WA0063-540x340.jpg",540,340,true],"covernews-medium-square":["https:\/\/contextoanalisisperiodistico.com\/wp-content\/uploads\/2024\/07\/IMG-20240718-WA0063-400x250.jpg",400,250,true]},"author_info":{"display_name":"Mario Gir\u00f3n","author_link":"https:\/\/contextoanalisisperiodistico.com\/index.php\/author\/director\/"},"category_info":"<a href=\"https:\/\/contextoanalisisperiodistico.com\/index.php\/category\/politica\/\" rel=\"category tag\">Pol\u00edtica<\/a>","tag_info":"Pol\u00edtica","comment_count":"0","jetpack_featured_media_url":"https:\/\/contextoanalisisperiodistico.com\/wp-content\/uploads\/2024\/07\/IMG-20240718-WA0063.jpg","_links":{"self":[{"href":"https:\/\/contextoanalisisperiodistico.com\/index.php\/wp-json\/wp\/v2\/posts\/29062"}],"collection":[{"href":"https:\/\/contextoanalisisperiodistico.com\/index.php\/wp-json\/wp\/v2\/posts"}],"about":[{"href":"https:\/\/contextoanalisisperiodistico.com\/index.php\/wp-json\/wp\/v2\/types\/post"}],"author":[{"embeddable":true,"href":"https:\/\/contextoanalisisperiodistico.com\/index.php\/wp-json\/wp\/v2\/users\/4"}],"replies":[{"embeddable":true,"href":"https:\/\/contextoanalisisperiodistico.com\/index.php\/wp-json\/wp\/v2\/comments?post=29062"}],"version-history":[{"count":0,"href":"https:\/\/contextoanalisisperiodistico.com\/index.php\/wp-json\/wp\/v2\/posts\/29062\/revisions"}],"wp:featuredmedia":[{"embeddable":true,"href":"https:\/\/contextoanalisisperiodistico.com\/index.php\/wp-json\/wp\/v2\/media\/29058"}],"wp:attachment":[{"href":"https:\/\/contextoanalisisperiodistico.com\/index.php\/wp-json\/wp\/v2\/media?parent=29062"}],"wp:term":[{"taxonomy":"category","embeddable":true,"href":"https:\/\/contextoanalisisperiodistico.com\/index.php\/wp-json\/wp\/v2\/categories?post=29062"},{"taxonomy":"post_tag","embeddable":true,"href":"https:\/\/contextoanalisisperiodistico.com\/index.php\/wp-json\/wp\/v2\/tags?post=29062"}],"curies":[{"name":"wp","href":"https:\/\/api.w.org\/{rel}","templated":true}]}}