{"id":29057,"date":"2024-07-18T15:46:47","date_gmt":"2024-07-18T21:46:47","guid":{"rendered":"https:\/\/contextoanalisisperiodistico.com\/index.php\/2024\/07\/18\/con-acciones-permanentes-impulsa-sspc-la-paz-y-seguridad-en-todo-oaxaca\/"},"modified":"2024-07-18T15:46:47","modified_gmt":"2024-07-18T21:46:47","slug":"con-acciones-permanentes-impulsa-sspc-la-paz-y-seguridad-en-todo-oaxaca","status":"publish","type":"post","link":"https:\/\/contextoanalisisperiodistico.com\/index.php\/2024\/07\/18\/con-acciones-permanentes-impulsa-sspc-la-paz-y-seguridad-en-todo-oaxaca\/","title":{"rendered":"Con acciones permanentes impulsa SSPC la paz y seguridad en todo Oaxaca"},"content":{"rendered":"<div id=\"fb-root\"><\/div>\n\n<ul class=\"wp-block-list\">\n<li>Del 9 al 16 de julio, las corporaciones de la dependencia realizaron 451 patrullajes y 294 operativos.<\/li>\n<\/ul>\n\n\n\n<figure class=\"wp-block-image size-large\"><img fetchpriority=\"high\" decoding=\"async\" width=\"1024\" height=\"682\" src=\"https:\/\/contextoanalisisperiodistico.com\/wp-content\/uploads\/2024\/07\/img-20240718-wa00594781953649376944991-1024x682.jpg\" alt=\"\" class=\"wp-image-29056\" srcset=\"https:\/\/contextoanalisisperiodistico.com\/wp-content\/uploads\/2024\/07\/img-20240718-wa00594781953649376944991-1024x682.jpg 1024w, https:\/\/contextoanalisisperiodistico.com\/wp-content\/uploads\/2024\/07\/img-20240718-wa00594781953649376944991-300x200.jpg 300w, https:\/\/contextoanalisisperiodistico.com\/wp-content\/uploads\/2024\/07\/img-20240718-wa00594781953649376944991-768x512.jpg 768w, https:\/\/contextoanalisisperiodistico.com\/wp-content\/uploads\/2024\/07\/img-20240718-wa00594781953649376944991.jpg 1280w\" sizes=\"(max-width: 1024px) 100vw, 1024px\" \/><\/figure>\n\n\n\n<p>Oaxaca de Ju\u00e1rez, Oax; 18 de julio de 2024. La Secretar\u00eda de Seguridad y Protecci\u00f3n Ciudadana (SSPC) inform\u00f3 que del 9 al 16 de julio se llevaron a cabo 745 acciones de prevenci\u00f3n y vigilancia en todo el estado.<\/p>\n\n\n\n<p>El titular de la SSPC, Iv\u00e1n Garc\u00eda \u00c1lvarez detall\u00f3 que se trata de 451 patrullajes y 294 operativos; en los que 129 personas fueron detenidas por la presunci\u00f3n de delitos del Fuero Federal, Fuero Com\u00fan y faltas administrativas.<\/p>\n\n\n\n<p>Asimismo, 251 veh\u00edculos fueron asegurados, de los que 19 contaban con reporte de robo; 589 dosis de presuntas drogas y 25 gramos de una sustancia con caracter\u00edsticas de coca\u00edna crack; 11 armas de fuego, 11 cargadores y 320 municiones.<\/p>\n\n\n\n<p>Fueron aseguradas 10 placas y cinco chalecos bal\u00edsticos; mientras que 15 personas fueron remitidas al Instituto Nacional de Migraci\u00f3n.<\/p>\n\n\n\n<p>A trav\u00e9s de la Subsecretar\u00eda de Prevenci\u00f3n y Reinserci\u00f3n Social se facilit\u00f3 la realizaci\u00f3n de 66 Audiencias Virtuales Penitenciarias en coordinaci\u00f3n con el Tribunal Superior de Justicia del Estado; mientras que en seguimiento del Modelo Integral de Reinserci\u00f3n Social, se reportaron 3 mil 558 participaciones en actividades laborales, mil 530 en actividades deportivas, mil 76 consultas en materia de salud brindadas y siete cursos y talleres que beneficiaron a 72 Personas Privadas de Libertad (PPL).<\/p>\n\n\n\n<p>Cabe destacar que 631 PPL se encuentran inscritas en distintos niveles educativos.<\/p>\n\n\n\n<p>Asimismo, con la finalidad de posibilitar la convivencia sana y segura en el Sistema Penitenciario Estatal, se realizaron 65 revisiones y siete decomisos consistentes en el retiro de 70 sustancias y objetos prohibidos.<\/p>\n\n\n\n<p>El Centro de Reeducaci\u00f3n para Hombres que Ejercen Violencia contra las Mujeres report\u00f3 que en su corte a la fecha, ha beneficiado a 2 mil 813 personas durante el 2024, a trav\u00e9s de sus programas y acciones.<\/p>\n\n\n\n<p>En tanto, la SSPC mantiene sus tareas operativas y de prevenci\u00f3n en todo Oaxaca, dando cumplimiento a la instrucci\u00f3n del Gobernador Salom\u00f3n Jara Cruz, de consolidar un Nuevo Pacto Social para la convivencia pac\u00edfica y segura en las ocho regiones de la entidad.<br \/>-0-<\/p>\n","protected":false},"excerpt":{"rendered":"<p>Oaxaca de Ju\u00e1rez, Oax; 18 de julio de 2024. La Secretar\u00eda de Seguridad y Protecci\u00f3n&#8230;<\/p>\n","protected":false},"author":4,"featured_media":29055,"comment_status":"","ping_status":"open","sticky":false,"template":"","format":"standard","meta":{"footnotes":""},"categories":[9],"tags":[],"jetpack_sharing_enabled":true,"featured_image_urls":{"full":["https:\/\/contextoanalisisperiodistico.com\/wp-content\/uploads\/2024\/07\/IMG-20240718-WA0058.jpg",1280,853,false],"thumbnail":["https:\/\/contextoanalisisperiodistico.com\/wp-content\/uploads\/2024\/07\/IMG-20240718-WA0058-150x150.jpg",150,150,true],"medium":["https:\/\/contextoanalisisperiodistico.com\/wp-content\/uploads\/2024\/07\/IMG-20240718-WA0058-300x200.jpg",300,200,true],"medium_large":["https:\/\/contextoanalisisperiodistico.com\/wp-content\/uploads\/2024\/07\/IMG-20240718-WA0058-768x512.jpg",640,427,true],"large":["https:\/\/contextoanalisisperiodistico.com\/wp-content\/uploads\/2024\/07\/IMG-20240718-WA0058-1024x682.jpg",640,426,true],"1536x1536":["https:\/\/contextoanalisisperiodistico.com\/wp-content\/uploads\/2024\/07\/IMG-20240718-WA0058.jpg",1280,853,false],"2048x2048":["https:\/\/contextoanalisisperiodistico.com\/wp-content\/uploads\/2024\/07\/IMG-20240718-WA0058.jpg",1280,853,false],"covernews-slider-full":["https:\/\/contextoanalisisperiodistico.com\/wp-content\/uploads\/2024\/07\/IMG-20240718-WA0058-1115x715.jpg",1115,715,true],"covernews-slider-center":["https:\/\/contextoanalisisperiodistico.com\/wp-content\/uploads\/2024\/07\/IMG-20240718-WA0058-800x500.jpg",800,500,true],"covernews-featured":["https:\/\/contextoanalisisperiodistico.com\/wp-content\/uploads\/2024\/07\/IMG-20240718-WA0058-1024x682.jpg",1024,682,true],"covernews-medium":["https:\/\/contextoanalisisperiodistico.com\/wp-content\/uploads\/2024\/07\/IMG-20240718-WA0058-540x340.jpg",540,340,true],"covernews-medium-square":["https:\/\/contextoanalisisperiodistico.com\/wp-content\/uploads\/2024\/07\/IMG-20240718-WA0058-400x250.jpg",400,250,true]},"author_info":{"display_name":"Mario Gir\u00f3n","author_link":"https:\/\/contextoanalisisperiodistico.com\/index.php\/author\/director\/"},"category_info":"<a href=\"https:\/\/contextoanalisisperiodistico.com\/index.php\/category\/politica\/\" rel=\"category tag\">Pol\u00edtica<\/a>","tag_info":"Pol\u00edtica","comment_count":"0","jetpack_featured_media_url":"https:\/\/contextoanalisisperiodistico.com\/wp-content\/uploads\/2024\/07\/IMG-20240718-WA0058.jpg","_links":{"self":[{"href":"https:\/\/contextoanalisisperiodistico.com\/index.php\/wp-json\/wp\/v2\/posts\/29057"}],"collection":[{"href":"https:\/\/contextoanalisisperiodistico.com\/index.php\/wp-json\/wp\/v2\/posts"}],"about":[{"href":"https:\/\/contextoanalisisperiodistico.com\/index.php\/wp-json\/wp\/v2\/types\/post"}],"author":[{"embeddable":true,"href":"https:\/\/contextoanalisisperiodistico.com\/index.php\/wp-json\/wp\/v2\/users\/4"}],"replies":[{"embeddable":true,"href":"https:\/\/contextoanalisisperiodistico.com\/index.php\/wp-json\/wp\/v2\/comments?post=29057"}],"version-history":[{"count":0,"href":"https:\/\/contextoanalisisperiodistico.com\/index.php\/wp-json\/wp\/v2\/posts\/29057\/revisions"}],"wp:featuredmedia":[{"embeddable":true,"href":"https:\/\/contextoanalisisperiodistico.com\/index.php\/wp-json\/wp\/v2\/media\/29055"}],"wp:attachment":[{"href":"https:\/\/contextoanalisisperiodistico.com\/index.php\/wp-json\/wp\/v2\/media?parent=29057"}],"wp:term":[{"taxonomy":"category","embeddable":true,"href":"https:\/\/contextoanalisisperiodistico.com\/index.php\/wp-json\/wp\/v2\/categories?post=29057"},{"taxonomy":"post_tag","embeddable":true,"href":"https:\/\/contextoanalisisperiodistico.com\/index.php\/wp-json\/wp\/v2\/tags?post=29057"}],"curies":[{"name":"wp","href":"https:\/\/api.w.org\/{rel}","templated":true}]}}