{"id":29054,"date":"2024-07-18T15:20:49","date_gmt":"2024-07-18T21:20:49","guid":{"rendered":"https:\/\/contextoanalisisperiodistico.com\/index.php\/2024\/07\/18\/inicia-operativo-de-seguridad-verano-2024-en-la-region-de-la-costa\/"},"modified":"2024-07-18T15:20:49","modified_gmt":"2024-07-18T21:20:49","slug":"inicia-operativo-de-seguridad-verano-2024-en-la-region-de-la-costa","status":"publish","type":"post","link":"https:\/\/contextoanalisisperiodistico.com\/index.php\/2024\/07\/18\/inicia-operativo-de-seguridad-verano-2024-en-la-region-de-la-costa\/","title":{"rendered":"Inicia Operativo de Seguridad Verano 2024 en la regi\u00f3n de la Costa"},"content":{"rendered":"<div id=\"fb-root\"><\/div>\n\n<p>\u2022 La titular de la Sectur, Saymi Pineda Velasco destac\u00f3 el trabajo conjunto de las corporaciones de los tres niveles de gobierno para garantizar la estancia segura de visitantes<\/p>\n\n\n\n<figure class=\"wp-block-image size-large\"><img fetchpriority=\"high\" decoding=\"async\" width=\"1024\" height=\"682\" src=\"https:\/\/contextoanalisisperiodistico.com\/wp-content\/uploads\/2024\/07\/img-20240718-wa00571065575288128699245-1024x682.jpg\" alt=\"\" class=\"wp-image-29051\" srcset=\"https:\/\/contextoanalisisperiodistico.com\/wp-content\/uploads\/2024\/07\/img-20240718-wa00571065575288128699245-1024x682.jpg 1024w, https:\/\/contextoanalisisperiodistico.com\/wp-content\/uploads\/2024\/07\/img-20240718-wa00571065575288128699245-300x200.jpg 300w, https:\/\/contextoanalisisperiodistico.com\/wp-content\/uploads\/2024\/07\/img-20240718-wa00571065575288128699245-768x512.jpg 768w, https:\/\/contextoanalisisperiodistico.com\/wp-content\/uploads\/2024\/07\/img-20240718-wa00571065575288128699245-1536x1023.jpg 1536w, https:\/\/contextoanalisisperiodistico.com\/wp-content\/uploads\/2024\/07\/img-20240718-wa00571065575288128699245.jpg 1600w\" sizes=\"(max-width: 1024px) 100vw, 1024px\" \/><\/figure>\n\n\n\n<figure class=\"wp-block-image\"><img decoding=\"async\" width=\"1024\" height=\"576\" src=\"https:\/\/contextoanalisisperiodistico.com\/wp-content\/uploads\/2024\/07\/img-20240718-wa00568743719246996827929-1024x576.jpg\" alt=\"\" class=\"wp-image-29053\" srcset=\"https:\/\/contextoanalisisperiodistico.com\/wp-content\/uploads\/2024\/07\/img-20240718-wa00568743719246996827929-1024x576.jpg 1024w, https:\/\/contextoanalisisperiodistico.com\/wp-content\/uploads\/2024\/07\/img-20240718-wa00568743719246996827929-300x169.jpg 300w, https:\/\/contextoanalisisperiodistico.com\/wp-content\/uploads\/2024\/07\/img-20240718-wa00568743719246996827929-768x432.jpg 768w, https:\/\/contextoanalisisperiodistico.com\/wp-content\/uploads\/2024\/07\/img-20240718-wa00568743719246996827929-1536x864.jpg 1536w, https:\/\/contextoanalisisperiodistico.com\/wp-content\/uploads\/2024\/07\/img-20240718-wa00568743719246996827929.jpg 1600w\" sizes=\"(max-width: 1024px) 100vw, 1024px\" \/><\/figure>\n\n\n\n<figure class=\"wp-block-image\"><img decoding=\"async\" width=\"1024\" height=\"682\" src=\"https:\/\/contextoanalisisperiodistico.com\/wp-content\/uploads\/2024\/07\/img-20240718-wa00546325559631675941610-1024x682.jpg\" alt=\"\" class=\"wp-image-29052\" srcset=\"https:\/\/contextoanalisisperiodistico.com\/wp-content\/uploads\/2024\/07\/img-20240718-wa00546325559631675941610-1024x682.jpg 1024w, https:\/\/contextoanalisisperiodistico.com\/wp-content\/uploads\/2024\/07\/img-20240718-wa00546325559631675941610-300x200.jpg 300w, https:\/\/contextoanalisisperiodistico.com\/wp-content\/uploads\/2024\/07\/img-20240718-wa00546325559631675941610-768x512.jpg 768w, https:\/\/contextoanalisisperiodistico.com\/wp-content\/uploads\/2024\/07\/img-20240718-wa00546325559631675941610-1536x1023.jpg 1536w, https:\/\/contextoanalisisperiodistico.com\/wp-content\/uploads\/2024\/07\/img-20240718-wa00546325559631675941610.jpg 1600w\" sizes=\"(max-width: 1024px) 100vw, 1024px\" \/><\/figure>\n\n\n\n<p>Santa Mar\u00eda Tonameca, Oax. 18 de julio de 2024.- Desde el Pueblo M\u00e1gico de Mazunte, la Secretar\u00eda de Turismo (Sectur) de Oaxaca dio inicio al Operativo de Seguridad Verano 2024, que estar\u00e1 presente en la regi\u00f3n de la Costa.<\/p>\n\n\n\n<p>La titular de la Sectur, Saymi Pineda Velasco destac\u00f3 que esta estrategia puesta en marca en coordinaci\u00f3n con los tres niveles de gobierno, generar\u00e1 una estancia segura en los destinos de esta regi\u00f3n, que durante la temporada vacacional que comprende del 19 de julio al 25 de agosto, tendr\u00e1n un alto impacto en indicadores tur\u00edsticos.<\/p>\n\n\n\n<p>Se\u00f1al\u00f3 que se prev\u00e9 que en este periodo las cifras incrementen para los tres principales destinos de la entidad que son la Ciudad de Oaxaca de Ju\u00e1rez, Bah\u00edas de Huatulco y Puerto Escondido, con una ocupaci\u00f3n hotelera del 60.71 por ciento, la llegada de 534 mil 742 turistas y una derrama econ\u00f3mica de 2 mil 478 millones de pesos.<\/p>\n\n\n\n<p>Asegur\u00f3 que este impacto en los indicadores tur\u00edsticos, incrementan por la apertura de la nueva autopista Barranca Larga \u2013 Ventanilla, por lo que de enero a mayo del presente a\u00f1o, la afluencia tur\u00edstica en Huatulco creci\u00f3 en un 12.28 por ciento, y en Puerto Escondido en un 23.12 por ciento.<\/p>\n\n\n\n<p>Pineda Velasco resalt\u00f3 que este es resultado del trabajo impulsado por el Gobernador del Estado Salom\u00f3n Jara Cruz, para lograr el Desarrollo Integral y Sustentable de Oaxaca.<\/p>\n\n\n\n<p>-0-<\/p>\n","protected":false},"excerpt":{"rendered":"<p>\u2022 La titular de la Sectur, Saymi Pineda Velasco destac\u00f3 el trabajo conjunto de las&#8230;<\/p>\n","protected":false},"author":4,"featured_media":29050,"comment_status":"","ping_status":"open","sticky":false,"template":"","format":"standard","meta":{"footnotes":""},"categories":[9],"tags":[],"jetpack_sharing_enabled":true,"featured_image_urls":{"full":["https:\/\/contextoanalisisperiodistico.com\/wp-content\/uploads\/2024\/07\/IMG-20240718-WA0055.jpg",1600,900,false],"thumbnail":["https:\/\/contextoanalisisperiodistico.com\/wp-content\/uploads\/2024\/07\/IMG-20240718-WA0055-150x150.jpg",150,150,true],"medium":["https:\/\/contextoanalisisperiodistico.com\/wp-content\/uploads\/2024\/07\/IMG-20240718-WA0055-300x169.jpg",300,169,true],"medium_large":["https:\/\/contextoanalisisperiodistico.com\/wp-content\/uploads\/2024\/07\/IMG-20240718-WA0055-768x432.jpg",640,360,true],"large":["https:\/\/contextoanalisisperiodistico.com\/wp-content\/uploads\/2024\/07\/IMG-20240718-WA0055-1024x576.jpg",640,360,true],"1536x1536":["https:\/\/contextoanalisisperiodistico.com\/wp-content\/uploads\/2024\/07\/IMG-20240718-WA0055-1536x864.jpg",1536,864,true],"2048x2048":["https:\/\/contextoanalisisperiodistico.com\/wp-content\/uploads\/2024\/07\/IMG-20240718-WA0055.jpg",1600,900,false],"covernews-slider-full":["https:\/\/contextoanalisisperiodistico.com\/wp-content\/uploads\/2024\/07\/IMG-20240718-WA0055-1115x715.jpg",1115,715,true],"covernews-slider-center":["https:\/\/contextoanalisisperiodistico.com\/wp-content\/uploads\/2024\/07\/IMG-20240718-WA0055-800x500.jpg",800,500,true],"covernews-featured":["https:\/\/contextoanalisisperiodistico.com\/wp-content\/uploads\/2024\/07\/IMG-20240718-WA0055-1024x576.jpg",1024,576,true],"covernews-medium":["https:\/\/contextoanalisisperiodistico.com\/wp-content\/uploads\/2024\/07\/IMG-20240718-WA0055-540x340.jpg",540,340,true],"covernews-medium-square":["https:\/\/contextoanalisisperiodistico.com\/wp-content\/uploads\/2024\/07\/IMG-20240718-WA0055-400x250.jpg",400,250,true]},"author_info":{"display_name":"Mario Gir\u00f3n","author_link":"https:\/\/contextoanalisisperiodistico.com\/index.php\/author\/director\/"},"category_info":"<a href=\"https:\/\/contextoanalisisperiodistico.com\/index.php\/category\/politica\/\" rel=\"category tag\">Pol\u00edtica<\/a>","tag_info":"Pol\u00edtica","comment_count":"0","jetpack_featured_media_url":"https:\/\/contextoanalisisperiodistico.com\/wp-content\/uploads\/2024\/07\/IMG-20240718-WA0055.jpg","_links":{"self":[{"href":"https:\/\/contextoanalisisperiodistico.com\/index.php\/wp-json\/wp\/v2\/posts\/29054"}],"collection":[{"href":"https:\/\/contextoanalisisperiodistico.com\/index.php\/wp-json\/wp\/v2\/posts"}],"about":[{"href":"https:\/\/contextoanalisisperiodistico.com\/index.php\/wp-json\/wp\/v2\/types\/post"}],"author":[{"embeddable":true,"href":"https:\/\/contextoanalisisperiodistico.com\/index.php\/wp-json\/wp\/v2\/users\/4"}],"replies":[{"embeddable":true,"href":"https:\/\/contextoanalisisperiodistico.com\/index.php\/wp-json\/wp\/v2\/comments?post=29054"}],"version-history":[{"count":0,"href":"https:\/\/contextoanalisisperiodistico.com\/index.php\/wp-json\/wp\/v2\/posts\/29054\/revisions"}],"wp:featuredmedia":[{"embeddable":true,"href":"https:\/\/contextoanalisisperiodistico.com\/index.php\/wp-json\/wp\/v2\/media\/29050"}],"wp:attachment":[{"href":"https:\/\/contextoanalisisperiodistico.com\/index.php\/wp-json\/wp\/v2\/media?parent=29054"}],"wp:term":[{"taxonomy":"category","embeddable":true,"href":"https:\/\/contextoanalisisperiodistico.com\/index.php\/wp-json\/wp\/v2\/categories?post=29054"},{"taxonomy":"post_tag","embeddable":true,"href":"https:\/\/contextoanalisisperiodistico.com\/index.php\/wp-json\/wp\/v2\/tags?post=29054"}],"curies":[{"name":"wp","href":"https:\/\/api.w.org\/{rel}","templated":true}]}}