{"id":29049,"date":"2024-07-18T14:36:44","date_gmt":"2024-07-18T20:36:44","guid":{"rendered":"https:\/\/contextoanalisisperiodistico.com\/index.php\/2024\/07\/18\/refuerza-oaxaca-de-juarez-servicios-municipales-por-temporada-alta-de-verano\/"},"modified":"2024-07-18T14:36:44","modified_gmt":"2024-07-18T20:36:44","slug":"refuerza-oaxaca-de-juarez-servicios-municipales-por-temporada-alta-de-verano","status":"publish","type":"post","link":"https:\/\/contextoanalisisperiodistico.com\/index.php\/2024\/07\/18\/refuerza-oaxaca-de-juarez-servicios-municipales-por-temporada-alta-de-verano\/","title":{"rendered":"Refuerza Oaxaca de Ju\u00e1rez servicios municipales por temporada alta de Verano"},"content":{"rendered":"<div id=\"fb-root\"><\/div>\n\n<p class=\"MsoNormal\">&#8211; Se han incrementado los trabajos de recolecci\u00f3n de residuos s\u00f3lidos para hacer frente al aumento de desechos en las calles.<br><br>Oaxaca de Ju\u00e1rez, Oax., 17 de julio de 2024.- En respuesta a la temporada alta por Guelaguetza, el Ayuntamiento de Oaxaca de Ju\u00e1rez ha intensificado sus operativos para reforzar los servicios municipales, asegurando as\u00ed un entorno seguro y agradable tanto para la ciudadan\u00eda local como para los turistas.<br><br>La Secretar\u00eda de Medio Ambiente y Cambio Clim\u00e1tico, ha dictaminado la poda preventiva y de saneamiento de 48 \u00e1rboles en la denominada ruta Guelaguetza, que es la ruta que recorrer\u00e1n los convites y calendas durante estas fiestas. Estas acciones se centran en la eliminaci\u00f3n del mu\u00e9rdago, la liberaci\u00f3n de luminarias y la prevenci\u00f3n de riesgos relacionados con la temporada de lluvias.<br><br>Esta actividad se realiza en coordinaci\u00f3n con el gobierno del estado de tal suerte que ambos \u00f3rdenes de gobierno contribuyan a recibir a los visitantes con una ciudad en las mejores condiciones dada la importante derrama econ\u00f3mica que se genera en esta temporada.<br><br>Asimismo, la Secretar\u00eda de Servicios Municipales trabaja en la calidad de la iluminaci\u00f3n urbana, liberando luminarias obstruidas por \u00e1rboles, as\u00ed como el retiro de ramas secas. Con ello se mejora la visibilidad y la seguridad \u00a0para peatones y automovilistas que transitan por la zona.<br><br>Durante la temporada de la Guelaguetza, se ha reforzado la recolecci\u00f3n de residuos s\u00f3lidos urbanos para manejar el incremento de desechos en las calles, asegurando as\u00ed un ambiente limpio y ordenado.<br><br>El presidente municipal Francisco Mart\u00ednez Neri invit\u00f3 tanto a locales como a turistas a ser amables con el medio ambiente y no tirar basura en la calle. El edil expres\u00f3 que en esta temporada incrementa la cantidad de residuos s\u00f3lidos en la ciudad y dijo: \u201cel gobierno municipal realiza un enorme esfuerzo por mantener limpia la ciudad, pero es una responsabilidad compartida, convocamos a todas y todos a mostrar nuestro amor por Oaxaca manteniendo el orden y la limpieza de este hermoso destino\u201c.<br><br>As\u00ed pues, estas acciones no solo mejoran la seguridad y la calidad del entorno urbano, sino que tambi\u00e9n contribuyen a tener una ciudad en condiciones dignas para todos y todas.<br><br>El ayuntamiento capitalino reafirma su compromiso con la comunidad y el turismo, trabajando de manera proactiva para mantener a la capital segura, limpia y acogedora durante las fiestas de julio.<\/p>\n\n\n\n<figure class=\"wp-block-image size-large\"><img fetchpriority=\"high\" decoding=\"async\" width=\"685\" height=\"1024\" src=\"https:\/\/contextoanalisisperiodistico.com\/wp-content\/uploads\/2024\/07\/fotoboletC3ADn17-02-2024283292667831132080898753-685x1024.jpg\" alt=\"\" class=\"wp-image-29048\" srcset=\"https:\/\/contextoanalisisperiodistico.com\/wp-content\/uploads\/2024\/07\/fotoboletC3ADn17-02-2024283292667831132080898753-685x1024.jpg 685w, https:\/\/contextoanalisisperiodistico.com\/wp-content\/uploads\/2024\/07\/fotoboletC3ADn17-02-2024283292667831132080898753-201x300.jpg 201w, https:\/\/contextoanalisisperiodistico.com\/wp-content\/uploads\/2024\/07\/fotoboletC3ADn17-02-2024283292667831132080898753-768x1148.jpg 768w, https:\/\/contextoanalisisperiodistico.com\/wp-content\/uploads\/2024\/07\/fotoboletC3ADn17-02-2024283292667831132080898753-1027x1536.jpg 1027w, https:\/\/contextoanalisisperiodistico.com\/wp-content\/uploads\/2024\/07\/fotoboletC3ADn17-02-2024283292667831132080898753-1024x1531.jpg 1024w, https:\/\/contextoanalisisperiodistico.com\/wp-content\/uploads\/2024\/07\/fotoboletC3ADn17-02-2024283292667831132080898753.jpg 1070w\" sizes=\"(max-width: 685px) 100vw, 685px\" \/><\/figure>\n\n\n\n<figure class=\"wp-block-image\"><img decoding=\"async\" width=\"1024\" height=\"768\" src=\"https:\/\/contextoanalisisperiodistico.com\/wp-content\/uploads\/2024\/07\/fotoboletC3ADn17-07-2024282293458553683972499242-1024x768.jpg\" alt=\"\" class=\"wp-image-29047\" srcset=\"https:\/\/contextoanalisisperiodistico.com\/wp-content\/uploads\/2024\/07\/fotoboletC3ADn17-07-2024282293458553683972499242-1024x768.jpg 1024w, https:\/\/contextoanalisisperiodistico.com\/wp-content\/uploads\/2024\/07\/fotoboletC3ADn17-07-2024282293458553683972499242-300x225.jpg 300w, https:\/\/contextoanalisisperiodistico.com\/wp-content\/uploads\/2024\/07\/fotoboletC3ADn17-07-2024282293458553683972499242-768x576.jpg 768w, https:\/\/contextoanalisisperiodistico.com\/wp-content\/uploads\/2024\/07\/fotoboletC3ADn17-07-2024282293458553683972499242-1536x1152.jpg 1536w, https:\/\/contextoanalisisperiodistico.com\/wp-content\/uploads\/2024\/07\/fotoboletC3ADn17-07-2024282293458553683972499242.jpg 1600w\" sizes=\"(max-width: 1024px) 100vw, 1024px\" \/><\/figure>\n\n\n\n<figure class=\"wp-block-image\"><img decoding=\"async\" src=\"https:\/\/ci3.googleusercontent.com\/mail-sig\/AIorK4wzeRVgXLPvG6qQZMJETmqXqx6tcjBQ0X1ZeZYt0uURZRwCwvCyOXNmGHyKIfy0BpNZ_I1UCHk\" alt=\"\"\/><\/figure>\n","protected":false},"excerpt":{"rendered":"<p>&#8211; Se han incrementado los trabajos de recolecci\u00f3n de residuos s\u00f3lidos para hacer frente al&#8230;<\/p>\n","protected":false},"author":4,"featured_media":29046,"comment_status":"","ping_status":"open","sticky":false,"template":"","format":"standard","meta":{"footnotes":""},"categories":[9],"tags":[],"jetpack_sharing_enabled":true,"featured_image_urls":{"full":["https:\/\/contextoanalisisperiodistico.com\/wp-content\/uploads\/2024\/07\/BoletC3ADnfoto17-07-2024.jfif_.jpg",780,1040,false],"thumbnail":["https:\/\/contextoanalisisperiodistico.com\/wp-content\/uploads\/2024\/07\/BoletC3ADnfoto17-07-2024.jfif_-150x150.jpg",150,150,true],"medium":["https:\/\/contextoanalisisperiodistico.com\/wp-content\/uploads\/2024\/07\/BoletC3ADnfoto17-07-2024.jfif_-225x300.jpg",225,300,true],"medium_large":["https:\/\/contextoanalisisperiodistico.com\/wp-content\/uploads\/2024\/07\/BoletC3ADnfoto17-07-2024.jfif_-768x1024.jpg",640,853,true],"large":["https:\/\/contextoanalisisperiodistico.com\/wp-content\/uploads\/2024\/07\/BoletC3ADnfoto17-07-2024.jfif_-768x1024.jpg",640,853,true],"1536x1536":["https:\/\/contextoanalisisperiodistico.com\/wp-content\/uploads\/2024\/07\/BoletC3ADnfoto17-07-2024.jfif_.jpg",780,1040,false],"2048x2048":["https:\/\/contextoanalisisperiodistico.com\/wp-content\/uploads\/2024\/07\/BoletC3ADnfoto17-07-2024.jfif_.jpg",780,1040,false],"covernews-slider-full":["https:\/\/contextoanalisisperiodistico.com\/wp-content\/uploads\/2024\/07\/BoletC3ADnfoto17-07-2024.jfif_-780x715.jpg",780,715,true],"covernews-slider-center":["https:\/\/contextoanalisisperiodistico.com\/wp-content\/uploads\/2024\/07\/BoletC3ADnfoto17-07-2024.jfif_-780x500.jpg",780,500,true],"covernews-featured":["https:\/\/contextoanalisisperiodistico.com\/wp-content\/uploads\/2024\/07\/BoletC3ADnfoto17-07-2024.jfif_.jpg",780,1040,false],"covernews-medium":["https:\/\/contextoanalisisperiodistico.com\/wp-content\/uploads\/2024\/07\/BoletC3ADnfoto17-07-2024.jfif_-540x340.jpg",540,340,true],"covernews-medium-square":["https:\/\/contextoanalisisperiodistico.com\/wp-content\/uploads\/2024\/07\/BoletC3ADnfoto17-07-2024.jfif_-400x250.jpg",400,250,true]},"author_info":{"display_name":"Mario Gir\u00f3n","author_link":"https:\/\/contextoanalisisperiodistico.com\/index.php\/author\/director\/"},"category_info":"<a href=\"https:\/\/contextoanalisisperiodistico.com\/index.php\/category\/politica\/\" rel=\"category tag\">Pol\u00edtica<\/a>","tag_info":"Pol\u00edtica","comment_count":"0","jetpack_featured_media_url":"https:\/\/contextoanalisisperiodistico.com\/wp-content\/uploads\/2024\/07\/BoletC3ADnfoto17-07-2024.jfif_.jpg","_links":{"self":[{"href":"https:\/\/contextoanalisisperiodistico.com\/index.php\/wp-json\/wp\/v2\/posts\/29049"}],"collection":[{"href":"https:\/\/contextoanalisisperiodistico.com\/index.php\/wp-json\/wp\/v2\/posts"}],"about":[{"href":"https:\/\/contextoanalisisperiodistico.com\/index.php\/wp-json\/wp\/v2\/types\/post"}],"author":[{"embeddable":true,"href":"https:\/\/contextoanalisisperiodistico.com\/index.php\/wp-json\/wp\/v2\/users\/4"}],"replies":[{"embeddable":true,"href":"https:\/\/contextoanalisisperiodistico.com\/index.php\/wp-json\/wp\/v2\/comments?post=29049"}],"version-history":[{"count":0,"href":"https:\/\/contextoanalisisperiodistico.com\/index.php\/wp-json\/wp\/v2\/posts\/29049\/revisions"}],"wp:featuredmedia":[{"embeddable":true,"href":"https:\/\/contextoanalisisperiodistico.com\/index.php\/wp-json\/wp\/v2\/media\/29046"}],"wp:attachment":[{"href":"https:\/\/contextoanalisisperiodistico.com\/index.php\/wp-json\/wp\/v2\/media?parent=29049"}],"wp:term":[{"taxonomy":"category","embeddable":true,"href":"https:\/\/contextoanalisisperiodistico.com\/index.php\/wp-json\/wp\/v2\/categories?post=29049"},{"taxonomy":"post_tag","embeddable":true,"href":"https:\/\/contextoanalisisperiodistico.com\/index.php\/wp-json\/wp\/v2\/tags?post=29049"}],"curies":[{"name":"wp","href":"https:\/\/api.w.org\/{rel}","templated":true}]}}