{"id":29030,"date":"2024-07-18T06:43:04","date_gmt":"2024-07-18T12:43:04","guid":{"rendered":"https:\/\/contextoanalisisperiodistico.com\/index.php\/2024\/07\/18\/comparten-comunidades-oaxaquenas-su-magia-culinaria-en-tianguis-gastronomico-desde-mis-raices-con-sus-sabores\/"},"modified":"2024-07-18T06:45:55","modified_gmt":"2024-07-18T12:45:55","slug":"comparten-comunidades-oaxaquenas-su-magia-culinaria-en-tianguis-gastronomico-desde-mis-raices-con-sus-sabores","status":"publish","type":"post","link":"https:\/\/contextoanalisisperiodistico.com\/index.php\/2024\/07\/18\/comparten-comunidades-oaxaquenas-su-magia-culinaria-en-tianguis-gastronomico-desde-mis-raices-con-sus-sabores\/","title":{"rendered":"Tianguis Gastron\u00f3mico \u201cDesde mis ra\u00edces con sus sabores\u201d"},"content":{"rendered":"<div id=\"fb-root\"><\/div>\n\n<p>*Comparten comunidades oaxaque\u00f1as su magia culinaria<\/p>\n\n\n\n<p>*Totopo, camar\u00f3n y queso, adem\u00e1s de otros platillos de las ocho regiones se podr\u00e1n degustar en la Plaza de la Danza, asegur\u00f3 el Gobernador Salom\u00f3n Jara<\/p>\n\n\n\n<figure class=\"wp-block-image size-large\"><img fetchpriority=\"high\" decoding=\"async\" width=\"1024\" height=\"682\" src=\"https:\/\/contextoanalisisperiodistico.com\/wp-content\/uploads\/2024\/07\/img-20240717-wa0129610425758746207522-1024x682.jpg\" alt=\"\" class=\"wp-image-29024\" srcset=\"https:\/\/contextoanalisisperiodistico.com\/wp-content\/uploads\/2024\/07\/img-20240717-wa0129610425758746207522-1024x682.jpg 1024w, https:\/\/contextoanalisisperiodistico.com\/wp-content\/uploads\/2024\/07\/img-20240717-wa0129610425758746207522-300x200.jpg 300w, https:\/\/contextoanalisisperiodistico.com\/wp-content\/uploads\/2024\/07\/img-20240717-wa0129610425758746207522-768x512.jpg 768w, https:\/\/contextoanalisisperiodistico.com\/wp-content\/uploads\/2024\/07\/img-20240717-wa0129610425758746207522-1536x1023.jpg 1536w, https:\/\/contextoanalisisperiodistico.com\/wp-content\/uploads\/2024\/07\/img-20240717-wa0129610425758746207522.jpg 1600w\" sizes=\"(max-width: 1024px) 100vw, 1024px\" \/><\/figure>\n\n\n\n<figure class=\"wp-block-image\"><img decoding=\"async\" width=\"1024\" height=\"682\" src=\"https:\/\/contextoanalisisperiodistico.com\/wp-content\/uploads\/2024\/07\/img-20240717-wa01286982158500005326664-1024x682.jpg\" alt=\"\" class=\"wp-image-29025\" srcset=\"https:\/\/contextoanalisisperiodistico.com\/wp-content\/uploads\/2024\/07\/img-20240717-wa01286982158500005326664-1024x682.jpg 1024w, https:\/\/contextoanalisisperiodistico.com\/wp-content\/uploads\/2024\/07\/img-20240717-wa01286982158500005326664-300x200.jpg 300w, https:\/\/contextoanalisisperiodistico.com\/wp-content\/uploads\/2024\/07\/img-20240717-wa01286982158500005326664-768x512.jpg 768w, https:\/\/contextoanalisisperiodistico.com\/wp-content\/uploads\/2024\/07\/img-20240717-wa01286982158500005326664-1536x1023.jpg 1536w, https:\/\/contextoanalisisperiodistico.com\/wp-content\/uploads\/2024\/07\/img-20240717-wa01286982158500005326664.jpg 1600w\" sizes=\"(max-width: 1024px) 100vw, 1024px\" \/><\/figure>\n\n\n\n<figure class=\"wp-block-image\"><img decoding=\"async\" width=\"1024\" height=\"682\" src=\"https:\/\/contextoanalisisperiodistico.com\/wp-content\/uploads\/2024\/07\/img-20240717-wa0126974311360123699031-1024x682.jpg\" alt=\"\" class=\"wp-image-29026\" srcset=\"https:\/\/contextoanalisisperiodistico.com\/wp-content\/uploads\/2024\/07\/img-20240717-wa0126974311360123699031-1024x682.jpg 1024w, https:\/\/contextoanalisisperiodistico.com\/wp-content\/uploads\/2024\/07\/img-20240717-wa0126974311360123699031-300x200.jpg 300w, https:\/\/contextoanalisisperiodistico.com\/wp-content\/uploads\/2024\/07\/img-20240717-wa0126974311360123699031-768x512.jpg 768w, https:\/\/contextoanalisisperiodistico.com\/wp-content\/uploads\/2024\/07\/img-20240717-wa0126974311360123699031-1536x1023.jpg 1536w, https:\/\/contextoanalisisperiodistico.com\/wp-content\/uploads\/2024\/07\/img-20240717-wa0126974311360123699031.jpg 1600w\" sizes=\"(max-width: 1024px) 100vw, 1024px\" \/><\/figure>\n\n\n\n<figure class=\"wp-block-image\"><img loading=\"lazy\" decoding=\"async\" width=\"1024\" height=\"682\" src=\"https:\/\/contextoanalisisperiodistico.com\/wp-content\/uploads\/2024\/07\/img-20240717-wa01221766226334877177776-1024x682.jpg\" alt=\"\" class=\"wp-image-29027\" srcset=\"https:\/\/contextoanalisisperiodistico.com\/wp-content\/uploads\/2024\/07\/img-20240717-wa01221766226334877177776-1024x682.jpg 1024w, https:\/\/contextoanalisisperiodistico.com\/wp-content\/uploads\/2024\/07\/img-20240717-wa01221766226334877177776-300x200.jpg 300w, https:\/\/contextoanalisisperiodistico.com\/wp-content\/uploads\/2024\/07\/img-20240717-wa01221766226334877177776-768x512.jpg 768w, https:\/\/contextoanalisisperiodistico.com\/wp-content\/uploads\/2024\/07\/img-20240717-wa01221766226334877177776-1536x1023.jpg 1536w, https:\/\/contextoanalisisperiodistico.com\/wp-content\/uploads\/2024\/07\/img-20240717-wa01221766226334877177776.jpg 1600w\" sizes=\"(max-width: 1024px) 100vw, 1024px\" \/><\/figure>\n\n\n\n<figure class=\"wp-block-image\"><img loading=\"lazy\" decoding=\"async\" width=\"1024\" height=\"682\" src=\"https:\/\/contextoanalisisperiodistico.com\/wp-content\/uploads\/2024\/07\/img-20240717-wa01257194904058152009287-1024x682.jpg\" alt=\"\" class=\"wp-image-29028\" srcset=\"https:\/\/contextoanalisisperiodistico.com\/wp-content\/uploads\/2024\/07\/img-20240717-wa01257194904058152009287-1024x682.jpg 1024w, https:\/\/contextoanalisisperiodistico.com\/wp-content\/uploads\/2024\/07\/img-20240717-wa01257194904058152009287-300x200.jpg 300w, https:\/\/contextoanalisisperiodistico.com\/wp-content\/uploads\/2024\/07\/img-20240717-wa01257194904058152009287-768x512.jpg 768w, https:\/\/contextoanalisisperiodistico.com\/wp-content\/uploads\/2024\/07\/img-20240717-wa01257194904058152009287-1536x1023.jpg 1536w, https:\/\/contextoanalisisperiodistico.com\/wp-content\/uploads\/2024\/07\/img-20240717-wa01257194904058152009287.jpg 1600w\" sizes=\"(max-width: 1024px) 100vw, 1024px\" \/><\/figure>\n\n\n\n<figure class=\"wp-block-image\"><img loading=\"lazy\" decoding=\"async\" width=\"1024\" height=\"682\" src=\"https:\/\/contextoanalisisperiodistico.com\/wp-content\/uploads\/2024\/07\/img-20240717-wa01232999942481502472988-1024x682.jpg\" alt=\"\" class=\"wp-image-29029\" srcset=\"https:\/\/contextoanalisisperiodistico.com\/wp-content\/uploads\/2024\/07\/img-20240717-wa01232999942481502472988-1024x682.jpg 1024w, https:\/\/contextoanalisisperiodistico.com\/wp-content\/uploads\/2024\/07\/img-20240717-wa01232999942481502472988-300x200.jpg 300w, https:\/\/contextoanalisisperiodistico.com\/wp-content\/uploads\/2024\/07\/img-20240717-wa01232999942481502472988-768x512.jpg 768w, https:\/\/contextoanalisisperiodistico.com\/wp-content\/uploads\/2024\/07\/img-20240717-wa01232999942481502472988-1536x1023.jpg 1536w, https:\/\/contextoanalisisperiodistico.com\/wp-content\/uploads\/2024\/07\/img-20240717-wa01232999942481502472988.jpg 1600w\" sizes=\"(max-width: 1024px) 100vw, 1024px\" \/><\/figure>\n\n\n\n<p>Oaxaca de Ju\u00e1rez, Oax.- 17 de julio de 2024.- En Oaxaca ya se respira el ambiente de Guelaguetza, y los sabores de las cocineras tradicionales no pueden faltar para aderezar esta fiesta, por ello la Plaza de la Danza de la Verde Antequera es sede del Tianguis Gastron\u00f3mico \u201cDesde mis ra\u00edces con sus sabores\u201d, un espacio en el que se podr\u00e1 degustar de los m\u00e1s exquisitos platillos de las ocho regiones del estado.<\/p>\n\n\n\n<p>Por segundo a\u00f1o consecutivo a trav\u00e9s del Sistema para el Desarrollo Integral de la Familia (DIF) Oaxaca, se instal\u00f3 este Tianguis que cumple los antojos de los paladares m\u00e1s exigentes, y fue esta ocasi\u00f3n ideal para que el Gobernador del Estado Salom\u00f3n Jara Cruz y la Presidenta del organismo asistencial Irma Bola\u00f1os Quijano, cortaran el list\u00f3n inaugural de la fiesta gastron\u00f3mica.<\/p>\n\n\n\n<p>\u201cOaxaca es el coraz\u00f3n cultural de M\u00e9xico y ese gran coraz\u00f3n oaxaque\u00f1o no se puede entender sin nuestra gastronom\u00eda, una de las m\u00e1s ricas de M\u00e9xico y adem\u00e1s Patrimonio Cultural de la Humanidad\u201d, afirm\u00f3 el Mandatario, no sin antes hacer referencia a que en este espacio se puede encontrar totopo, camar\u00f3n y queso.<\/p>\n\n\n\n<p>Reconoci\u00f3 tambi\u00e9n el talento de las y los cocineros tradicionales, as\u00ed como chefs que participan de esta actividad, en la que tienen 43 stands donde est\u00e1n presentes platillos de las 16 culturas y el pueblo afromexicano, que expresan parte de sus ra\u00edces y sus comunidades originarias.<\/p>\n\n\n\n<p>Al dar la bienvenida a este encuentro de cocina tradicional, la directora general del Sistema DIF Oaxaca, Maribel Salinas Velasco destac\u00f3 que las y los oaxaque\u00f1os se distinguen por ser un pueblo que abraza solidariamente a visitantes nacionales y extranjeros.<\/p>\n\n\n\n<p>\u201cNos colma de inmensa alegr\u00eda compartir nuestras celebraciones, llenas de m\u00fasica, danza, colorido y en este caso, de aromas y sabores. En su segunda edici\u00f3n, el tianguis gastron\u00f3mico nos presenta la variedad de platillos elaborados por las cocineras y cocineros tradicionales de nuestro querido estado mediante el cual nos comparten sus saberes ancestrales para que, a trav\u00e9s de nuestros sentidos arraigamos las ra\u00edces de nuestros pueblos\u201d, sostuvo enf\u00e1tica.<\/p>\n\n\n\n<p>Destac\u00f3 que los insumos son obtenidos directamente de las y los campesinos y pescadores oaxaque\u00f1os, pues, es \u201cnuestra intenci\u00f3n que la gama de sabores en cada platillo sea lo m\u00e1s fidedigna al sabor original que degustamos en nuestras comunidades\u201d, dijo.<\/p>\n\n\n\n<p>Salinas Velasco reiter\u00f3 la invitaci\u00f3n para que locales y visitantes se re\u00fanan para saborear cada uno de los guisos que se ofertan en este espacio p\u00fablico.<\/p>\n\n\n\n<p>Desde hoy, la Plaza de la Danza se convierte en el epicentro de los sabores, de los aromas del chocolate atole, los tamales reci\u00e9n hechos, las garnachas del Istmo, o la tradicional cochinita de la Cuenca, entre muchos platillos m\u00e1s.<\/p>\n\n\n\n<p>-0-<\/p>\n","protected":false},"excerpt":{"rendered":"<p>*Comparten comunidades oaxaque\u00f1as su magia culinaria *Totopo, camar\u00f3n y queso, adem\u00e1s de otros platillos de&#8230;<\/p>\n","protected":false},"author":4,"featured_media":29023,"comment_status":"closed","ping_status":"open","sticky":false,"template":"","format":"standard","meta":{"footnotes":""},"categories":[9],"tags":[],"jetpack_sharing_enabled":true,"featured_image_urls":{"full":["https:\/\/contextoanalisisperiodistico.com\/wp-content\/uploads\/2024\/07\/IMG-20240717-WA0124.jpg",1600,1066,false],"thumbnail":["https:\/\/contextoanalisisperiodistico.com\/wp-content\/uploads\/2024\/07\/IMG-20240717-WA0124-150x150.jpg",150,150,true],"medium":["https:\/\/contextoanalisisperiodistico.com\/wp-content\/uploads\/2024\/07\/IMG-20240717-WA0124-300x200.jpg",300,200,true],"medium_large":["https:\/\/contextoanalisisperiodistico.com\/wp-content\/uploads\/2024\/07\/IMG-20240717-WA0124-768x512.jpg",640,427,true],"large":["https:\/\/contextoanalisisperiodistico.com\/wp-content\/uploads\/2024\/07\/IMG-20240717-WA0124-1024x682.jpg",640,426,true],"1536x1536":["https:\/\/contextoanalisisperiodistico.com\/wp-content\/uploads\/2024\/07\/IMG-20240717-WA0124-1536x1023.jpg",1536,1023,true],"2048x2048":["https:\/\/contextoanalisisperiodistico.com\/wp-content\/uploads\/2024\/07\/IMG-20240717-WA0124.jpg",1600,1066,false],"covernews-slider-full":["https:\/\/contextoanalisisperiodistico.com\/wp-content\/uploads\/2024\/07\/IMG-20240717-WA0124-1115x715.jpg",1115,715,true],"covernews-slider-center":["https:\/\/contextoanalisisperiodistico.com\/wp-content\/uploads\/2024\/07\/IMG-20240717-WA0124-800x500.jpg",800,500,true],"covernews-featured":["https:\/\/contextoanalisisperiodistico.com\/wp-content\/uploads\/2024\/07\/IMG-20240717-WA0124-1024x682.jpg",1024,682,true],"covernews-medium":["https:\/\/contextoanalisisperiodistico.com\/wp-content\/uploads\/2024\/07\/IMG-20240717-WA0124-540x340.jpg",540,340,true],"covernews-medium-square":["https:\/\/contextoanalisisperiodistico.com\/wp-content\/uploads\/2024\/07\/IMG-20240717-WA0124-400x250.jpg",400,250,true]},"author_info":{"display_name":"Mario Gir\u00f3n","author_link":"https:\/\/contextoanalisisperiodistico.com\/index.php\/author\/director\/"},"category_info":"<a href=\"https:\/\/contextoanalisisperiodistico.com\/index.php\/category\/politica\/\" rel=\"category tag\">Pol\u00edtica<\/a>","tag_info":"Pol\u00edtica","comment_count":"0","jetpack_featured_media_url":"https:\/\/contextoanalisisperiodistico.com\/wp-content\/uploads\/2024\/07\/IMG-20240717-WA0124.jpg","_links":{"self":[{"href":"https:\/\/contextoanalisisperiodistico.com\/index.php\/wp-json\/wp\/v2\/posts\/29030"}],"collection":[{"href":"https:\/\/contextoanalisisperiodistico.com\/index.php\/wp-json\/wp\/v2\/posts"}],"about":[{"href":"https:\/\/contextoanalisisperiodistico.com\/index.php\/wp-json\/wp\/v2\/types\/post"}],"author":[{"embeddable":true,"href":"https:\/\/contextoanalisisperiodistico.com\/index.php\/wp-json\/wp\/v2\/users\/4"}],"replies":[{"embeddable":true,"href":"https:\/\/contextoanalisisperiodistico.com\/index.php\/wp-json\/wp\/v2\/comments?post=29030"}],"version-history":[{"count":1,"href":"https:\/\/contextoanalisisperiodistico.com\/index.php\/wp-json\/wp\/v2\/posts\/29030\/revisions"}],"predecessor-version":[{"id":29031,"href":"https:\/\/contextoanalisisperiodistico.com\/index.php\/wp-json\/wp\/v2\/posts\/29030\/revisions\/29031"}],"wp:featuredmedia":[{"embeddable":true,"href":"https:\/\/contextoanalisisperiodistico.com\/index.php\/wp-json\/wp\/v2\/media\/29023"}],"wp:attachment":[{"href":"https:\/\/contextoanalisisperiodistico.com\/index.php\/wp-json\/wp\/v2\/media?parent=29030"}],"wp:term":[{"taxonomy":"category","embeddable":true,"href":"https:\/\/contextoanalisisperiodistico.com\/index.php\/wp-json\/wp\/v2\/categories?post=29030"},{"taxonomy":"post_tag","embeddable":true,"href":"https:\/\/contextoanalisisperiodistico.com\/index.php\/wp-json\/wp\/v2\/tags?post=29030"}],"curies":[{"name":"wp","href":"https:\/\/api.w.org\/{rel}","templated":true}]}}