{"id":28970,"date":"2024-07-16T21:30:36","date_gmt":"2024-07-17T03:30:36","guid":{"rendered":"https:\/\/contextoanalisisperiodistico.com\/index.php\/2024\/07\/16\/ante-el-periodo-vacacional-sso-exhorta-a-mantener-las-medidas-protectoras-contra-covid-19\/"},"modified":"2024-07-16T21:30:36","modified_gmt":"2024-07-17T03:30:36","slug":"ante-el-periodo-vacacional-sso-exhorta-a-mantener-las-medidas-protectoras-contra-covid-19","status":"publish","type":"post","link":"https:\/\/contextoanalisisperiodistico.com\/index.php\/2024\/07\/16\/ante-el-periodo-vacacional-sso-exhorta-a-mantener-las-medidas-protectoras-contra-covid-19\/","title":{"rendered":"Ante el per\u00edodo vacacional, SSO exhorta a mantener las medidas protectoras contra COVID-19"},"content":{"rendered":"<div id=\"fb-root\"><\/div>\n\n<p>\u00b7 La mayor\u00eda de las personas que se han contagiado presentan s\u00edntomas leves<br \/>\u00b7 Ante s\u00edntomas respiratorios, se debe usar cubrebocas en espacios cerrados o con poca ventilaci\u00f3n<\/p>\n\n\n\n<p>Oaxaca de Ju\u00e1rez, Oax.16 de julio de 2024.- Servicios de Salud de Oaxaca (SSO) informa a la poblaci\u00f3n que el n\u00famero de casos de COVID-19 reportados hasta la semana epidemiol\u00f3gica n\u00famero 27 se ha mantenido en niveles bajos en relaci\u00f3n con los dos a\u00f1os anteriores, con disminuci\u00f3n en las \u00faltimas semanas.<\/p>\n\n\n\n<p>El Sistema de Vigilancia Epidemiol\u00f3gica de Enfermedad Respiratoria Viral (Sisver) notific\u00f3 que a la fecha se reportan en la entidad 159 casos confirmados del virus, de los cuales cinco son casos nuevos.<\/p>\n\n\n\n<p>Siendo los grupos m\u00e1s afectados personas de 25 a 44 a\u00f1os, del cual el 60 por ciento son mujeres.<\/p>\n\n\n\n<p>Por Jurisdicci\u00f3n Sanitaria, Valles Centrales registra 109 casos, seguido de Tuxtepec con 22, Mixteca 15, Sierra siete, Costa cinco e Istmo uno.<\/p>\n\n\n\n<p>Es importante destacar que en la mayor\u00eda de los casos los s\u00edntomas son de tipo leves, tratados de manera ambulatoria, por lo que no hay motivo de alarma.<\/p>\n\n\n\n<p>Sin embargo, ante la movilidad de la poblaci\u00f3n por el periodo vacacional, la dependencia exhorta a la poblaci\u00f3n sobre la importancia de aplicar las medidas de prevenci\u00f3n como son: lavarse las manos frecuentemente con agua y jab\u00f3n por al menos 20 segundos, especialmente despu\u00e9s de estar en lugares p\u00fablicos, toser, estornudar o limpiarse la nariz. Si no dispone de agua y jab\u00f3n, utilizar desinfectante de manos a base de alcohol al 70 por ciento.<\/p>\n\n\n\n<p>En caso de s\u00edntomas respiratorios, usar cubrebocas en espacios cerrados o con poca ventilaci\u00f3n, cubrirse al toser o estornudar utilizando el \u00e1ngulo interno del brazo o un pa\u00f1uelo desechable e inmediatamente lavarse las manos.<\/p>\n\n\n\n<p>Cabe destacar que los SSO mantienen la vigilancia epidemiol\u00f3gica y contin\u00faan informando de manera oportuna a la poblaci\u00f3n sobre cualquier incremento de casos.<\/p>\n\n\n\n<p>-0-<\/p>\n","protected":false},"excerpt":{"rendered":"<p>\u00b7 La mayor\u00eda de las personas que se han contagiado presentan s\u00edntomas leves\u00b7 Ante s\u00edntomas&#8230;<\/p>\n","protected":false},"author":4,"featured_media":28969,"comment_status":"","ping_status":"open","sticky":false,"template":"","format":"standard","meta":{"footnotes":""},"categories":[92],"tags":[],"jetpack_sharing_enabled":true,"featured_image_urls":{"full":["https:\/\/contextoanalisisperiodistico.com\/wp-content\/uploads\/2024\/07\/IMG-20240716-WA0104.jpg",1600,900,false],"thumbnail":["https:\/\/contextoanalisisperiodistico.com\/wp-content\/uploads\/2024\/07\/IMG-20240716-WA0104-150x150.jpg",150,150,true],"medium":["https:\/\/contextoanalisisperiodistico.com\/wp-content\/uploads\/2024\/07\/IMG-20240716-WA0104-300x169.jpg",300,169,true],"medium_large":["https:\/\/contextoanalisisperiodistico.com\/wp-content\/uploads\/2024\/07\/IMG-20240716-WA0104-768x432.jpg",640,360,true],"large":["https:\/\/contextoanalisisperiodistico.com\/wp-content\/uploads\/2024\/07\/IMG-20240716-WA0104-1024x576.jpg",640,360,true],"1536x1536":["https:\/\/contextoanalisisperiodistico.com\/wp-content\/uploads\/2024\/07\/IMG-20240716-WA0104-1536x864.jpg",1536,864,true],"2048x2048":["https:\/\/contextoanalisisperiodistico.com\/wp-content\/uploads\/2024\/07\/IMG-20240716-WA0104.jpg",1600,900,false],"covernews-slider-full":["https:\/\/contextoanalisisperiodistico.com\/wp-content\/uploads\/2024\/07\/IMG-20240716-WA0104-1115x715.jpg",1115,715,true],"covernews-slider-center":["https:\/\/contextoanalisisperiodistico.com\/wp-content\/uploads\/2024\/07\/IMG-20240716-WA0104-800x500.jpg",800,500,true],"covernews-featured":["https:\/\/contextoanalisisperiodistico.com\/wp-content\/uploads\/2024\/07\/IMG-20240716-WA0104-1024x576.jpg",1024,576,true],"covernews-medium":["https:\/\/contextoanalisisperiodistico.com\/wp-content\/uploads\/2024\/07\/IMG-20240716-WA0104-540x340.jpg",540,340,true],"covernews-medium-square":["https:\/\/contextoanalisisperiodistico.com\/wp-content\/uploads\/2024\/07\/IMG-20240716-WA0104-400x250.jpg",400,250,true]},"author_info":{"display_name":"Mario Gir\u00f3n","author_link":"https:\/\/contextoanalisisperiodistico.com\/index.php\/author\/director\/"},"category_info":"<a href=\"https:\/\/contextoanalisisperiodistico.com\/index.php\/category\/salud\/\" rel=\"category tag\">Salud<\/a>","tag_info":"Salud","comment_count":"0","jetpack_featured_media_url":"https:\/\/contextoanalisisperiodistico.com\/wp-content\/uploads\/2024\/07\/IMG-20240716-WA0104.jpg","_links":{"self":[{"href":"https:\/\/contextoanalisisperiodistico.com\/index.php\/wp-json\/wp\/v2\/posts\/28970"}],"collection":[{"href":"https:\/\/contextoanalisisperiodistico.com\/index.php\/wp-json\/wp\/v2\/posts"}],"about":[{"href":"https:\/\/contextoanalisisperiodistico.com\/index.php\/wp-json\/wp\/v2\/types\/post"}],"author":[{"embeddable":true,"href":"https:\/\/contextoanalisisperiodistico.com\/index.php\/wp-json\/wp\/v2\/users\/4"}],"replies":[{"embeddable":true,"href":"https:\/\/contextoanalisisperiodistico.com\/index.php\/wp-json\/wp\/v2\/comments?post=28970"}],"version-history":[{"count":0,"href":"https:\/\/contextoanalisisperiodistico.com\/index.php\/wp-json\/wp\/v2\/posts\/28970\/revisions"}],"wp:featuredmedia":[{"embeddable":true,"href":"https:\/\/contextoanalisisperiodistico.com\/index.php\/wp-json\/wp\/v2\/media\/28969"}],"wp:attachment":[{"href":"https:\/\/contextoanalisisperiodistico.com\/index.php\/wp-json\/wp\/v2\/media?parent=28970"}],"wp:term":[{"taxonomy":"category","embeddable":true,"href":"https:\/\/contextoanalisisperiodistico.com\/index.php\/wp-json\/wp\/v2\/categories?post=28970"},{"taxonomy":"post_tag","embeddable":true,"href":"https:\/\/contextoanalisisperiodistico.com\/index.php\/wp-json\/wp\/v2\/tags?post=28970"}],"curies":[{"name":"wp","href":"https:\/\/api.w.org\/{rel}","templated":true}]}}