{"id":28961,"date":"2024-07-16T19:41:50","date_gmt":"2024-07-17T01:41:50","guid":{"rendered":"https:\/\/contextoanalisisperiodistico.com\/index.php\/2024\/07\/16\/promueve-sso-cero-tolerancia-al-hostigamiento-y-acoso-sexual\/"},"modified":"2024-07-16T19:41:50","modified_gmt":"2024-07-17T01:41:50","slug":"promueve-sso-cero-tolerancia-al-hostigamiento-y-acoso-sexual","status":"publish","type":"post","link":"https:\/\/contextoanalisisperiodistico.com\/index.php\/2024\/07\/16\/promueve-sso-cero-tolerancia-al-hostigamiento-y-acoso-sexual\/","title":{"rendered":"Promueve SSO cero tolerancia al hostigamiento y acoso sexual"},"content":{"rendered":"<div id=\"fb-root\"><\/div>\n\n<p>\u2022 Develan placas en el Centro de Salud Urbano 2, como acto simb\u00f3lico que representa el compromiso institucional<\/p>\n\n\n\n<figure class=\"wp-block-image size-large\"><img fetchpriority=\"high\" decoding=\"async\" width=\"1024\" height=\"691\" src=\"https:\/\/contextoanalisisperiodistico.com\/wp-content\/uploads\/2024\/07\/img-20240716-wa00887285413007181887956-1024x691.jpg\" alt=\"\" class=\"wp-image-28958\" srcset=\"https:\/\/contextoanalisisperiodistico.com\/wp-content\/uploads\/2024\/07\/img-20240716-wa00887285413007181887956-1024x691.jpg 1024w, https:\/\/contextoanalisisperiodistico.com\/wp-content\/uploads\/2024\/07\/img-20240716-wa00887285413007181887956-300x202.jpg 300w, https:\/\/contextoanalisisperiodistico.com\/wp-content\/uploads\/2024\/07\/img-20240716-wa00887285413007181887956-768x518.jpg 768w, https:\/\/contextoanalisisperiodistico.com\/wp-content\/uploads\/2024\/07\/img-20240716-wa00887285413007181887956.jpg 1370w\" sizes=\"(max-width: 1024px) 100vw, 1024px\" \/><\/figure>\n\n\n\n<figure class=\"wp-block-image\"><img decoding=\"async\" width=\"1024\" height=\"641\" src=\"https:\/\/contextoanalisisperiodistico.com\/wp-content\/uploads\/2024\/07\/img-20240716-wa00876151708941355937892-1024x641.jpg\" alt=\"\" class=\"wp-image-28959\" srcset=\"https:\/\/contextoanalisisperiodistico.com\/wp-content\/uploads\/2024\/07\/img-20240716-wa00876151708941355937892-1024x641.jpg 1024w, https:\/\/contextoanalisisperiodistico.com\/wp-content\/uploads\/2024\/07\/img-20240716-wa00876151708941355937892-300x188.jpg 300w, https:\/\/contextoanalisisperiodistico.com\/wp-content\/uploads\/2024\/07\/img-20240716-wa00876151708941355937892-768x481.jpg 768w, https:\/\/contextoanalisisperiodistico.com\/wp-content\/uploads\/2024\/07\/img-20240716-wa00876151708941355937892-1536x962.jpg 1536w, https:\/\/contextoanalisisperiodistico.com\/wp-content\/uploads\/2024\/07\/img-20240716-wa00876151708941355937892-800x500.jpg 800w, https:\/\/contextoanalisisperiodistico.com\/wp-content\/uploads\/2024\/07\/img-20240716-wa00876151708941355937892-400x250.jpg 400w, https:\/\/contextoanalisisperiodistico.com\/wp-content\/uploads\/2024\/07\/img-20240716-wa00876151708941355937892.jpg 1600w\" sizes=\"(max-width: 1024px) 100vw, 1024px\" \/><\/figure>\n\n\n\n<figure class=\"wp-block-image\"><img decoding=\"async\" width=\"1024\" height=\"768\" src=\"https:\/\/contextoanalisisperiodistico.com\/wp-content\/uploads\/2024\/07\/img-20240716-wa00863793630774082633800-1024x768.jpg\" alt=\"\" class=\"wp-image-28960\" srcset=\"https:\/\/contextoanalisisperiodistico.com\/wp-content\/uploads\/2024\/07\/img-20240716-wa00863793630774082633800-1024x768.jpg 1024w, https:\/\/contextoanalisisperiodistico.com\/wp-content\/uploads\/2024\/07\/img-20240716-wa00863793630774082633800-300x225.jpg 300w, https:\/\/contextoanalisisperiodistico.com\/wp-content\/uploads\/2024\/07\/img-20240716-wa00863793630774082633800-768x576.jpg 768w, https:\/\/contextoanalisisperiodistico.com\/wp-content\/uploads\/2024\/07\/img-20240716-wa00863793630774082633800.jpg 1280w\" sizes=\"(max-width: 1024px) 100vw, 1024px\" \/><\/figure>\n\n\n\n<p>Oaxaca de Ju\u00e1rez, Oax. 16 de julio de 2024.- Para garantizar espacios seguros, con igualdad y respeto, los Servicios de Salud de Oaxaca (SSO) develaron las placas de Cero Tolerancia al Hostigamiento y Acoso Sexual en el \u00c1mbito Laboral y Unidad de Salud que aplica el Modelo de Atenci\u00f3n con Mecanismos Incluyentes (MOASMI), en el Centro de Salud Urbano 2 de Servicios de Salud-IMSS-Bienestar.<\/p>\n\n\n\n<p>En este sentido, la jefa de la Jurisdicci\u00f3n Sanitaria 1 Valles Centrales, Aurelia Guerra Mart\u00ednez explic\u00f3 que, de esta forma se impulsan pol\u00edticas que promuevan la igualdad de g\u00e9nero, la no discriminaci\u00f3n e inclusi\u00f3n en los programas y acciones en materia de salud p\u00fablica. As\u00ed como la construcci\u00f3n de entornos laborales con cero tolerancia frente a conductas indebidas contra el personal de esta dependencia y personas usuarias.<\/p>\n\n\n\n<p>Durante el evento, la funcionaria reconoci\u00f3 el esfuerzo de la base trabajadora para avanzar en la erradicaci\u00f3n de la violencia, y el reforzamiento de acciones en la materia con pertinencia cultural.<\/p>\n\n\n\n<p>A\u00f1adi\u00f3 que la indicaci\u00f3n de la titular de SSO, Alma Lilia Velasco Hern\u00e1ndez, es generar las condiciones estructurales, materiales y de capital humano a favor de la atenci\u00f3n igualitaria y equitativa a la poblaci\u00f3n oaxaque\u00f1a.<\/p>\n\n\n\n<p>En este sentido, el personal del lugar recibi\u00f3 capacitaci\u00f3n constante en temas de prevenci\u00f3n y atenci\u00f3n del hostigamiento y acoso sexual, para transformar las percepciones y actitudes de las y los servidores p\u00fablicos que promueven y naturalizan todo tipo de agresi\u00f3n. Tambi\u00e9n, para atender con perspectiva de g\u00e9nero, inclusi\u00f3n y pertinencia cultural, libre de estigma y discriminaci\u00f3n para lograr servicios equitativos y de calidad.<\/p>\n\n\n\n<p>La unidad cuenta con: mobiliario preferente rotulado en zona exclusiva o reservada para personas en condici\u00f3n de vulnerabilidad, se\u00f1al\u00e9ticas de braille para personas con discapacidad visual, gluc\u00f3metros y term\u00f3metros parlantes para personas con discapacidad auditiva.<\/p>\n\n\n\n<p>Adem\u00e1s de, rampas port\u00e1tiles y fijas, equipo para movilizar personas con discapacidad motriz, ventanilla incluyente que brindan atenci\u00f3n a mujeres embarazadas, personas con discapacidad o adultas mayores en \u00e1rea de recepci\u00f3n y personal capacitado en Lengua de Se\u00f1as Mexicana, entre otros.<\/p>\n\n\n\n<ul class=\"wp-block-list\">\n<li>0 &#8211;<\/li>\n<\/ul>\n\n\n\n<p><\/p>\n","protected":false},"excerpt":{"rendered":"<p>\u2022 Develan placas en el Centro de Salud Urbano 2, como acto simb\u00f3lico que representa&#8230;<\/p>\n","protected":false},"author":4,"featured_media":28957,"comment_status":"","ping_status":"open","sticky":false,"template":"","format":"standard","meta":{"footnotes":""},"categories":[92],"tags":[],"jetpack_sharing_enabled":true,"featured_image_urls":{"full":["https:\/\/contextoanalisisperiodistico.com\/wp-content\/uploads\/2024\/07\/IMG-20240716-WA0089.jpg",1280,957,false],"thumbnail":["https:\/\/contextoanalisisperiodistico.com\/wp-content\/uploads\/2024\/07\/IMG-20240716-WA0089-150x150.jpg",150,150,true],"medium":["https:\/\/contextoanalisisperiodistico.com\/wp-content\/uploads\/2024\/07\/IMG-20240716-WA0089-300x224.jpg",300,224,true],"medium_large":["https:\/\/contextoanalisisperiodistico.com\/wp-content\/uploads\/2024\/07\/IMG-20240716-WA0089-768x574.jpg",640,478,true],"large":["https:\/\/contextoanalisisperiodistico.com\/wp-content\/uploads\/2024\/07\/IMG-20240716-WA0089-1024x766.jpg",640,479,true],"1536x1536":["https:\/\/contextoanalisisperiodistico.com\/wp-content\/uploads\/2024\/07\/IMG-20240716-WA0089.jpg",1280,957,false],"2048x2048":["https:\/\/contextoanalisisperiodistico.com\/wp-content\/uploads\/2024\/07\/IMG-20240716-WA0089.jpg",1280,957,false],"covernews-slider-full":["https:\/\/contextoanalisisperiodistico.com\/wp-content\/uploads\/2024\/07\/IMG-20240716-WA0089-1115x715.jpg",1115,715,true],"covernews-slider-center":["https:\/\/contextoanalisisperiodistico.com\/wp-content\/uploads\/2024\/07\/IMG-20240716-WA0089-800x500.jpg",800,500,true],"covernews-featured":["https:\/\/contextoanalisisperiodistico.com\/wp-content\/uploads\/2024\/07\/IMG-20240716-WA0089-1024x766.jpg",1024,766,true],"covernews-medium":["https:\/\/contextoanalisisperiodistico.com\/wp-content\/uploads\/2024\/07\/IMG-20240716-WA0089-540x340.jpg",540,340,true],"covernews-medium-square":["https:\/\/contextoanalisisperiodistico.com\/wp-content\/uploads\/2024\/07\/IMG-20240716-WA0089-400x250.jpg",400,250,true]},"author_info":{"display_name":"Mario Gir\u00f3n","author_link":"https:\/\/contextoanalisisperiodistico.com\/index.php\/author\/director\/"},"category_info":"<a href=\"https:\/\/contextoanalisisperiodistico.com\/index.php\/category\/salud\/\" rel=\"category tag\">Salud<\/a>","tag_info":"Salud","comment_count":"0","jetpack_featured_media_url":"https:\/\/contextoanalisisperiodistico.com\/wp-content\/uploads\/2024\/07\/IMG-20240716-WA0089.jpg","_links":{"self":[{"href":"https:\/\/contextoanalisisperiodistico.com\/index.php\/wp-json\/wp\/v2\/posts\/28961"}],"collection":[{"href":"https:\/\/contextoanalisisperiodistico.com\/index.php\/wp-json\/wp\/v2\/posts"}],"about":[{"href":"https:\/\/contextoanalisisperiodistico.com\/index.php\/wp-json\/wp\/v2\/types\/post"}],"author":[{"embeddable":true,"href":"https:\/\/contextoanalisisperiodistico.com\/index.php\/wp-json\/wp\/v2\/users\/4"}],"replies":[{"embeddable":true,"href":"https:\/\/contextoanalisisperiodistico.com\/index.php\/wp-json\/wp\/v2\/comments?post=28961"}],"version-history":[{"count":0,"href":"https:\/\/contextoanalisisperiodistico.com\/index.php\/wp-json\/wp\/v2\/posts\/28961\/revisions"}],"wp:featuredmedia":[{"embeddable":true,"href":"https:\/\/contextoanalisisperiodistico.com\/index.php\/wp-json\/wp\/v2\/media\/28957"}],"wp:attachment":[{"href":"https:\/\/contextoanalisisperiodistico.com\/index.php\/wp-json\/wp\/v2\/media?parent=28961"}],"wp:term":[{"taxonomy":"category","embeddable":true,"href":"https:\/\/contextoanalisisperiodistico.com\/index.php\/wp-json\/wp\/v2\/categories?post=28961"},{"taxonomy":"post_tag","embeddable":true,"href":"https:\/\/contextoanalisisperiodistico.com\/index.php\/wp-json\/wp\/v2\/tags?post=28961"}],"curies":[{"name":"wp","href":"https:\/\/api.w.org\/{rel}","templated":true}]}}