{"id":28956,"date":"2024-07-16T15:46:13","date_gmt":"2024-07-16T21:46:13","guid":{"rendered":"https:\/\/contextoanalisisperiodistico.com\/index.php\/2024\/07\/16\/promueven-la-perspectiva-de-genero-entre-funcionariado-estatal\/"},"modified":"2024-07-16T15:46:13","modified_gmt":"2024-07-16T21:46:13","slug":"promueven-la-perspectiva-de-genero-entre-funcionariado-estatal","status":"publish","type":"post","link":"https:\/\/contextoanalisisperiodistico.com\/index.php\/2024\/07\/16\/promueven-la-perspectiva-de-genero-entre-funcionariado-estatal\/","title":{"rendered":"Promueven la perspectiva de g\u00e9nero entre funcionariado estatal"},"content":{"rendered":"<div id=\"fb-root\"><\/div>\n\n<p>\u2022 Se busca que estas acciones hagan visible, sensibilicen, prevengan y cambien las desigualdades y violencias<br \/>Tlalixtac de Cabrera, Oax. 16 de julio de 2024.- La Secretar\u00eda de Administraci\u00f3n del Gobierno de Oaxaca promueve la capacitaci\u00f3n y sensibilizaci\u00f3n del funcionariado estatal mediante el curso virtual Punto Lila, por la igualdad y la justicia social para las mujeres, que impulsa el Gobierno del Estado.<\/p>\n\n\n\n<figure class=\"wp-block-image size-large\"><img fetchpriority=\"high\" decoding=\"async\" width=\"1024\" height=\"678\" src=\"https:\/\/contextoanalisisperiodistico.com\/wp-content\/uploads\/2024\/07\/img-20240716-wa00683120389539041721560-1024x678.jpg\" alt=\"\" class=\"wp-image-28954\" srcset=\"https:\/\/contextoanalisisperiodistico.com\/wp-content\/uploads\/2024\/07\/img-20240716-wa00683120389539041721560-1024x678.jpg 1024w, https:\/\/contextoanalisisperiodistico.com\/wp-content\/uploads\/2024\/07\/img-20240716-wa00683120389539041721560-300x199.jpg 300w, https:\/\/contextoanalisisperiodistico.com\/wp-content\/uploads\/2024\/07\/img-20240716-wa00683120389539041721560-768x509.jpg 768w, https:\/\/contextoanalisisperiodistico.com\/wp-content\/uploads\/2024\/07\/img-20240716-wa00683120389539041721560.jpg 1232w\" sizes=\"(max-width: 1024px) 100vw, 1024px\" \/><\/figure>\n\n\n\n<figure class=\"wp-block-image\"><img decoding=\"async\" width=\"1024\" height=\"678\" src=\"https:\/\/contextoanalisisperiodistico.com\/wp-content\/uploads\/2024\/07\/img-20240716-wa00667108833530749231489-1024x678.jpg\" alt=\"\" class=\"wp-image-28955\" srcset=\"https:\/\/contextoanalisisperiodistico.com\/wp-content\/uploads\/2024\/07\/img-20240716-wa00667108833530749231489-1024x678.jpg 1024w, https:\/\/contextoanalisisperiodistico.com\/wp-content\/uploads\/2024\/07\/img-20240716-wa00667108833530749231489-300x199.jpg 300w, https:\/\/contextoanalisisperiodistico.com\/wp-content\/uploads\/2024\/07\/img-20240716-wa00667108833530749231489-768x509.jpg 768w, https:\/\/contextoanalisisperiodistico.com\/wp-content\/uploads\/2024\/07\/img-20240716-wa00667108833530749231489.jpg 1232w\" sizes=\"(max-width: 1024px) 100vw, 1024px\" \/><\/figure>\n\n\n\n<p>Con el respaldo de la Secretar\u00eda de las Mujeres y el Secretariado Ejecutivo del Sistema Estatal de Seguridad P\u00fablica (SESESP) esta capacitaci\u00f3n integra y aplica la perspectiva de g\u00e9nero en todas las \u00e1reas de trabajo para visibilizar, sensibilizar, prevenir y cambiar desigualdades y violencias, y aplicarla en las tareas diarias y servicios que se brindan a la ciudadan\u00eda.<\/p>\n\n\n\n<p>Mediante el Centro Mujer Tu Espacio de la Secretar\u00eda de Administraci\u00f3n, en un primer momento se informa y capacita a las personas enlaces de \u00e1reas y departamentos de la dependencia, con la finalidad de dar seguimiento al curso denominado Perspectiva de G\u00e9nero para Servidoras y Servidores P\u00fablicos.<\/p>\n\n\n\n<p>Esta capacitaci\u00f3n tambi\u00e9n est\u00e1 disponible para el p\u00fablico en general. Solo se debe ingresar al enlace https:\/\/moodlesm.oaxaca.gob.mx\/ o en la aplicaci\u00f3n Moodle, disponible para tel\u00e9fonos Android o iOS, y cumplir con los ocho m\u00f3dulos que contiene el curso. Al finalizar, se obtendr\u00e1 una constancia por la participaci\u00f3n y aprobaci\u00f3n.<\/p>\n\n\n\n<p>Con estas acciones, el gobierno de la Primavera Oaxaque\u00f1a aplica la perspectiva de g\u00e9nero y promueve la igualdad junto al funcionariado del Gobierno Estatal.<\/p>\n\n\n\n<p>-0-<\/p>\n","protected":false},"excerpt":{"rendered":"<p>\u2022 Se busca que estas acciones hagan visible, sensibilicen, prevengan y cambien las desigualdades y&#8230;<\/p>\n","protected":false},"author":4,"featured_media":28953,"comment_status":"","ping_status":"open","sticky":false,"template":"","format":"standard","meta":{"footnotes":""},"categories":[9],"tags":[],"jetpack_sharing_enabled":true,"featured_image_urls":{"full":["https:\/\/contextoanalisisperiodistico.com\/wp-content\/uploads\/2024\/07\/IMG-20240716-WA0067.jpg",1232,816,false],"thumbnail":["https:\/\/contextoanalisisperiodistico.com\/wp-content\/uploads\/2024\/07\/IMG-20240716-WA0067-150x150.jpg",150,150,true],"medium":["https:\/\/contextoanalisisperiodistico.com\/wp-content\/uploads\/2024\/07\/IMG-20240716-WA0067-300x199.jpg",300,199,true],"medium_large":["https:\/\/contextoanalisisperiodistico.com\/wp-content\/uploads\/2024\/07\/IMG-20240716-WA0067-768x509.jpg",640,424,true],"large":["https:\/\/contextoanalisisperiodistico.com\/wp-content\/uploads\/2024\/07\/IMG-20240716-WA0067-1024x678.jpg",640,424,true],"1536x1536":["https:\/\/contextoanalisisperiodistico.com\/wp-content\/uploads\/2024\/07\/IMG-20240716-WA0067.jpg",1232,816,false],"2048x2048":["https:\/\/contextoanalisisperiodistico.com\/wp-content\/uploads\/2024\/07\/IMG-20240716-WA0067.jpg",1232,816,false],"covernews-slider-full":["https:\/\/contextoanalisisperiodistico.com\/wp-content\/uploads\/2024\/07\/IMG-20240716-WA0067-1115x715.jpg",1115,715,true],"covernews-slider-center":["https:\/\/contextoanalisisperiodistico.com\/wp-content\/uploads\/2024\/07\/IMG-20240716-WA0067-800x500.jpg",800,500,true],"covernews-featured":["https:\/\/contextoanalisisperiodistico.com\/wp-content\/uploads\/2024\/07\/IMG-20240716-WA0067-1024x678.jpg",1024,678,true],"covernews-medium":["https:\/\/contextoanalisisperiodistico.com\/wp-content\/uploads\/2024\/07\/IMG-20240716-WA0067-540x340.jpg",540,340,true],"covernews-medium-square":["https:\/\/contextoanalisisperiodistico.com\/wp-content\/uploads\/2024\/07\/IMG-20240716-WA0067-400x250.jpg",400,250,true]},"author_info":{"display_name":"Mario Gir\u00f3n","author_link":"https:\/\/contextoanalisisperiodistico.com\/index.php\/author\/director\/"},"category_info":"<a href=\"https:\/\/contextoanalisisperiodistico.com\/index.php\/category\/politica\/\" rel=\"category tag\">Pol\u00edtica<\/a>","tag_info":"Pol\u00edtica","comment_count":"0","jetpack_featured_media_url":"https:\/\/contextoanalisisperiodistico.com\/wp-content\/uploads\/2024\/07\/IMG-20240716-WA0067.jpg","_links":{"self":[{"href":"https:\/\/contextoanalisisperiodistico.com\/index.php\/wp-json\/wp\/v2\/posts\/28956"}],"collection":[{"href":"https:\/\/contextoanalisisperiodistico.com\/index.php\/wp-json\/wp\/v2\/posts"}],"about":[{"href":"https:\/\/contextoanalisisperiodistico.com\/index.php\/wp-json\/wp\/v2\/types\/post"}],"author":[{"embeddable":true,"href":"https:\/\/contextoanalisisperiodistico.com\/index.php\/wp-json\/wp\/v2\/users\/4"}],"replies":[{"embeddable":true,"href":"https:\/\/contextoanalisisperiodistico.com\/index.php\/wp-json\/wp\/v2\/comments?post=28956"}],"version-history":[{"count":0,"href":"https:\/\/contextoanalisisperiodistico.com\/index.php\/wp-json\/wp\/v2\/posts\/28956\/revisions"}],"wp:featuredmedia":[{"embeddable":true,"href":"https:\/\/contextoanalisisperiodistico.com\/index.php\/wp-json\/wp\/v2\/media\/28953"}],"wp:attachment":[{"href":"https:\/\/contextoanalisisperiodistico.com\/index.php\/wp-json\/wp\/v2\/media?parent=28956"}],"wp:term":[{"taxonomy":"category","embeddable":true,"href":"https:\/\/contextoanalisisperiodistico.com\/index.php\/wp-json\/wp\/v2\/categories?post=28956"},{"taxonomy":"post_tag","embeddable":true,"href":"https:\/\/contextoanalisisperiodistico.com\/index.php\/wp-json\/wp\/v2\/tags?post=28956"}],"curies":[{"name":"wp","href":"https:\/\/api.w.org\/{rel}","templated":true}]}}