{"id":28946,"date":"2024-07-16T15:13:42","date_gmt":"2024-07-16T21:13:42","guid":{"rendered":"https:\/\/contextoanalisisperiodistico.com\/index.php\/2024\/07\/16\/capacitan-a-personal-de-salud-en-atencion-integrada-a-la-poblacion-infantil\/"},"modified":"2024-07-16T15:13:42","modified_gmt":"2024-07-16T21:13:42","slug":"capacitan-a-personal-de-salud-en-atencion-integrada-a-la-poblacion-infantil","status":"publish","type":"post","link":"https:\/\/contextoanalisisperiodistico.com\/index.php\/2024\/07\/16\/capacitan-a-personal-de-salud-en-atencion-integrada-a-la-poblacion-infantil\/","title":{"rendered":"Capacitan a personal de salud en atenci\u00f3n integrada a la poblaci\u00f3n infantil"},"content":{"rendered":"<div id=\"fb-root\"><\/div>\n\n<p>\u2022 Se instruy\u00f3 a m\u00e9dicos y enfermeras de 17 municipios de Valles Centrales para ofrecer un servicio de calidad en detecci\u00f3n de signos y s\u00edntomas que generan la sospecha de maltrato infantil y sus consecuencias, entre otros<\/p>\n\n\n\n<figure class=\"wp-block-image size-large\"><img fetchpriority=\"high\" decoding=\"async\" width=\"800\" height=\"450\" src=\"https:\/\/contextoanalisisperiodistico.com\/wp-content\/uploads\/2024\/07\/img-20240716-wa00466887609696158317531.jpg\" alt=\"\" class=\"wp-image-28944\" srcset=\"https:\/\/contextoanalisisperiodistico.com\/wp-content\/uploads\/2024\/07\/img-20240716-wa00466887609696158317531.jpg 800w, https:\/\/contextoanalisisperiodistico.com\/wp-content\/uploads\/2024\/07\/img-20240716-wa00466887609696158317531-300x169.jpg 300w, https:\/\/contextoanalisisperiodistico.com\/wp-content\/uploads\/2024\/07\/img-20240716-wa00466887609696158317531-768x432.jpg 768w\" sizes=\"(max-width: 800px) 100vw, 800px\" \/><\/figure>\n\n\n\n<figure class=\"wp-block-image\"><img decoding=\"async\" width=\"300\" height=\"169\" src=\"https:\/\/contextoanalisisperiodistico.com\/wp-content\/uploads\/2024\/07\/img-20240716-wa00456815629212098348988-300x169.jpg\" alt=\"\" class=\"wp-image-28943\" srcset=\"https:\/\/contextoanalisisperiodistico.com\/wp-content\/uploads\/2024\/07\/img-20240716-wa00456815629212098348988-300x169.jpg 300w, https:\/\/contextoanalisisperiodistico.com\/wp-content\/uploads\/2024\/07\/img-20240716-wa00456815629212098348988-768x432.jpg 768w, https:\/\/contextoanalisisperiodistico.com\/wp-content\/uploads\/2024\/07\/img-20240716-wa00456815629212098348988.jpg 800w\" sizes=\"(max-width: 300px) 100vw, 300px\" \/><\/figure>\n\n\n\n<figure class=\"wp-block-image\"><img decoding=\"async\" width=\"768\" height=\"1024\" src=\"https:\/\/contextoanalisisperiodistico.com\/wp-content\/uploads\/2024\/07\/img-20240716-wa00471357158680958842755-768x1024.jpg\" alt=\"\" class=\"wp-image-28945\" srcset=\"https:\/\/contextoanalisisperiodistico.com\/wp-content\/uploads\/2024\/07\/img-20240716-wa00471357158680958842755-768x1024.jpg 768w, https:\/\/contextoanalisisperiodistico.com\/wp-content\/uploads\/2024\/07\/img-20240716-wa00471357158680958842755-225x300.jpg 225w, https:\/\/contextoanalisisperiodistico.com\/wp-content\/uploads\/2024\/07\/img-20240716-wa00471357158680958842755.jpg 960w\" sizes=\"(max-width: 768px) 100vw, 768px\" \/><\/figure>\n\n\n\n<p>Oaxaca de Ju\u00e1rez, Oax.16 de julio de 2024.- Para mejorar las habilidades profesionales del personal de salud, los Servicios de Salud de Oaxaca (SSO) a trav\u00e9s de la Jurisdicci\u00f3n Sanitaria 1 Valles Centrales, llev\u00f3 a cabo la capacitaci\u00f3n en Atenci\u00f3n Integrada al menor de 10 a\u00f1os.<\/p>\n\n\n\n<p>En la actividad participaron personal m\u00e9dico y de enfermer\u00eda, de los Centros de Salud con Servicios Ampliados (CESSA) y unidades m\u00e9dicas de primer nivel de atenci\u00f3n, de los Servicios de Salud-IMSS-BIENESTAR, pues para la titular de los SSO, Alma Lilia Velasco Hern\u00e1ndez es una prioridad garantizar una buena atenci\u00f3n a pacientes, sobre todo de las nuevas generaciones.<\/p>\n\n\n\n<p>En tanto, la jefa jurisdiccional, Aurelia Guerra Mart\u00ednez explic\u00f3 que en la jornada acad\u00e9mica se actualizaron las herramientas y conocimientos de las normas oficiales que permitan la detecci\u00f3n y tratamiento oportuno de enfermedades, adem\u00e1s de disminuir factores de riesgo y brindar un servicio eficiente a las infancias.<\/p>\n\n\n\n<p>El curso taller tuvo una duraci\u00f3n de 2 d\u00edas, en los que se capacit\u00f3 a personal de 17 poblaciones, entre ellos: San Pedro Ixtlahuaca, Trinidad Zaachila, San Pablo Cuatro Venados, Soledad Peras, Tierra Caliente, San Miguel Peras, Santa In\u00e9s del Monte, San Miguel Tlanichico, San Juan Yuta y San Miguel Piedras.<\/p>\n\n\n\n<p>Se abordaron temas sobre la detecci\u00f3n de signos y s\u00edntomas que generan la sospecha de maltrato infantil y sus consecuencias, los mecanismos de acci\u00f3n en caso de detectar un caso, as\u00ed como las herramientas te\u00f3ricas conceptuales del enfoque de los derechos de las ni\u00f1as y ni\u00f1os, al igual que la crianza positiva como forma de protecci\u00f3n en el entorno familiar.<\/p>\n\n\n\n<p>Tambi\u00e9n, se dieron a conocer las caracter\u00edsticas del s\u00edndrome de Turner, los lineamientos sobre vacunaci\u00f3n universal y los procedimientos a seguir para realizar una autopsia verbal.<\/p>\n\n\n\n<p>Finalmente se convoc\u00f3 a las madres y padres de familia acudir con sus hijas e hijos menores de edad a su unidad de salud m\u00e1s cercana a una revisi\u00f3n peri\u00f3dica, y sobre todo llevar un seguimiento adecuado de su esquema de vacunaci\u00f3n, seg\u00fan su grupo de edad.<\/p>\n\n\n\n<ul class=\"wp-block-list\">\n<li>0 &#8211;<\/li>\n<\/ul>\n","protected":false},"excerpt":{"rendered":"<p>\u2022 Se instruy\u00f3 a m\u00e9dicos y enfermeras de 17 municipios de Valles Centrales para ofrecer&#8230;<\/p>\n","protected":false},"author":4,"featured_media":28942,"comment_status":"","ping_status":"open","sticky":false,"template":"","format":"standard","meta":{"footnotes":""},"categories":[9],"tags":[],"jetpack_sharing_enabled":true,"featured_image_urls":{"full":["https:\/\/contextoanalisisperiodistico.com\/wp-content\/uploads\/2024\/07\/IMG-20240716-WA0048.jpg",1600,720,false],"thumbnail":["https:\/\/contextoanalisisperiodistico.com\/wp-content\/uploads\/2024\/07\/IMG-20240716-WA0048-150x150.jpg",150,150,true],"medium":["https:\/\/contextoanalisisperiodistico.com\/wp-content\/uploads\/2024\/07\/IMG-20240716-WA0048-300x135.jpg",300,135,true],"medium_large":["https:\/\/contextoanalisisperiodistico.com\/wp-content\/uploads\/2024\/07\/IMG-20240716-WA0048-768x346.jpg",640,288,true],"large":["https:\/\/contextoanalisisperiodistico.com\/wp-content\/uploads\/2024\/07\/IMG-20240716-WA0048-1024x461.jpg",640,288,true],"1536x1536":["https:\/\/contextoanalisisperiodistico.com\/wp-content\/uploads\/2024\/07\/IMG-20240716-WA0048-1536x691.jpg",1536,691,true],"2048x2048":["https:\/\/contextoanalisisperiodistico.com\/wp-content\/uploads\/2024\/07\/IMG-20240716-WA0048.jpg",1600,720,false],"covernews-slider-full":["https:\/\/contextoanalisisperiodistico.com\/wp-content\/uploads\/2024\/07\/IMG-20240716-WA0048-1115x715.jpg",1115,715,true],"covernews-slider-center":["https:\/\/contextoanalisisperiodistico.com\/wp-content\/uploads\/2024\/07\/IMG-20240716-WA0048-800x500.jpg",800,500,true],"covernews-featured":["https:\/\/contextoanalisisperiodistico.com\/wp-content\/uploads\/2024\/07\/IMG-20240716-WA0048-1024x461.jpg",1024,461,true],"covernews-medium":["https:\/\/contextoanalisisperiodistico.com\/wp-content\/uploads\/2024\/07\/IMG-20240716-WA0048-540x340.jpg",540,340,true],"covernews-medium-square":["https:\/\/contextoanalisisperiodistico.com\/wp-content\/uploads\/2024\/07\/IMG-20240716-WA0048-400x250.jpg",400,250,true]},"author_info":{"display_name":"Mario Gir\u00f3n","author_link":"https:\/\/contextoanalisisperiodistico.com\/index.php\/author\/director\/"},"category_info":"<a href=\"https:\/\/contextoanalisisperiodistico.com\/index.php\/category\/politica\/\" rel=\"category tag\">Pol\u00edtica<\/a>","tag_info":"Pol\u00edtica","comment_count":"0","jetpack_featured_media_url":"https:\/\/contextoanalisisperiodistico.com\/wp-content\/uploads\/2024\/07\/IMG-20240716-WA0048.jpg","_links":{"self":[{"href":"https:\/\/contextoanalisisperiodistico.com\/index.php\/wp-json\/wp\/v2\/posts\/28946"}],"collection":[{"href":"https:\/\/contextoanalisisperiodistico.com\/index.php\/wp-json\/wp\/v2\/posts"}],"about":[{"href":"https:\/\/contextoanalisisperiodistico.com\/index.php\/wp-json\/wp\/v2\/types\/post"}],"author":[{"embeddable":true,"href":"https:\/\/contextoanalisisperiodistico.com\/index.php\/wp-json\/wp\/v2\/users\/4"}],"replies":[{"embeddable":true,"href":"https:\/\/contextoanalisisperiodistico.com\/index.php\/wp-json\/wp\/v2\/comments?post=28946"}],"version-history":[{"count":0,"href":"https:\/\/contextoanalisisperiodistico.com\/index.php\/wp-json\/wp\/v2\/posts\/28946\/revisions"}],"wp:featuredmedia":[{"embeddable":true,"href":"https:\/\/contextoanalisisperiodistico.com\/index.php\/wp-json\/wp\/v2\/media\/28942"}],"wp:attachment":[{"href":"https:\/\/contextoanalisisperiodistico.com\/index.php\/wp-json\/wp\/v2\/media?parent=28946"}],"wp:term":[{"taxonomy":"category","embeddable":true,"href":"https:\/\/contextoanalisisperiodistico.com\/index.php\/wp-json\/wp\/v2\/categories?post=28946"},{"taxonomy":"post_tag","embeddable":true,"href":"https:\/\/contextoanalisisperiodistico.com\/index.php\/wp-json\/wp\/v2\/tags?post=28946"}],"curies":[{"name":"wp","href":"https:\/\/api.w.org\/{rel}","templated":true}]}}