{"id":28938,"date":"2024-07-15T19:45:55","date_gmt":"2024-07-16T01:45:55","guid":{"rendered":"https:\/\/contextoanalisisperiodistico.com\/index.php\/2024\/07\/15\/suma-de-esfuerzos-primordial-para-combatir-el-dengue-en-la-mixteca-sso\/"},"modified":"2024-07-15T19:45:55","modified_gmt":"2024-07-16T01:45:55","slug":"suma-de-esfuerzos-primordial-para-combatir-el-dengue-en-la-mixteca-sso","status":"publish","type":"post","link":"https:\/\/contextoanalisisperiodistico.com\/index.php\/2024\/07\/15\/suma-de-esfuerzos-primordial-para-combatir-el-dengue-en-la-mixteca-sso\/","title":{"rendered":"Suma de esfuerzos, primordial para combatir el dengue en la Mixteca: SSO"},"content":{"rendered":"<div id=\"fb-root\"><\/div>\n\n<p>\u2022 Hasta la semana epidemiol\u00f3gica n\u00famero 27 se contabilizaron 17 casos positivos en esta regi\u00f3n<\/p>\n\n\n\n<figure class=\"wp-block-image size-large\"><img fetchpriority=\"high\" decoding=\"async\" width=\"1024\" height=\"768\" src=\"https:\/\/contextoanalisisperiodistico.com\/wp-content\/uploads\/2024\/07\/img-20240715-wa01314042857349886728490-1024x768.jpg\" alt=\"\" class=\"wp-image-28936\" srcset=\"https:\/\/contextoanalisisperiodistico.com\/wp-content\/uploads\/2024\/07\/img-20240715-wa01314042857349886728490-1024x768.jpg 1024w, https:\/\/contextoanalisisperiodistico.com\/wp-content\/uploads\/2024\/07\/img-20240715-wa01314042857349886728490-300x225.jpg 300w, https:\/\/contextoanalisisperiodistico.com\/wp-content\/uploads\/2024\/07\/img-20240715-wa01314042857349886728490-768x576.jpg 768w, https:\/\/contextoanalisisperiodistico.com\/wp-content\/uploads\/2024\/07\/img-20240715-wa01314042857349886728490-1536x1152.jpg 1536w, https:\/\/contextoanalisisperiodistico.com\/wp-content\/uploads\/2024\/07\/img-20240715-wa01314042857349886728490.jpg 1600w\" sizes=\"(max-width: 1024px) 100vw, 1024px\" \/><\/figure>\n\n\n\n<figure class=\"wp-block-image\"><img decoding=\"async\" width=\"1024\" height=\"768\" src=\"https:\/\/contextoanalisisperiodistico.com\/wp-content\/uploads\/2024\/07\/img-20240715-wa01306836079013903641945-1024x768.jpg\" alt=\"\" class=\"wp-image-28937\" srcset=\"https:\/\/contextoanalisisperiodistico.com\/wp-content\/uploads\/2024\/07\/img-20240715-wa01306836079013903641945-1024x768.jpg 1024w, https:\/\/contextoanalisisperiodistico.com\/wp-content\/uploads\/2024\/07\/img-20240715-wa01306836079013903641945-300x225.jpg 300w, https:\/\/contextoanalisisperiodistico.com\/wp-content\/uploads\/2024\/07\/img-20240715-wa01306836079013903641945-768x576.jpg 768w, https:\/\/contextoanalisisperiodistico.com\/wp-content\/uploads\/2024\/07\/img-20240715-wa01306836079013903641945-1536x1152.jpg 1536w, https:\/\/contextoanalisisperiodistico.com\/wp-content\/uploads\/2024\/07\/img-20240715-wa01306836079013903641945.jpg 1600w\" sizes=\"(max-width: 1024px) 100vw, 1024px\" \/><\/figure>\n\n\n\n<p>Huajuapan de Le\u00f3n, Oax. 15 de julio de 2024.- Para intensificar las acciones preventivas de dengue, Servicios de Salud de Oaxaca (SSO) a trav\u00e9s de la Jurisdicci\u00f3n Sanitaria n\u00famero 5 Mixteca, llev\u00f3 a cabo una reuni\u00f3n de trabajo con las autoridades municipales de Huajuapan de Le\u00f3n, agentes municipales de la demarcaci\u00f3n y personal de salud, a fin de trabajar de manera coordinada y hacer frente al zancudo Aedes aegypti.<\/p>\n\n\n\n<p>Con la participaci\u00f3n de m\u00e1s de 50 asistentes, se acord\u00f3 hacer sinergia y lograr que las actividades realizadas por la dependencia tengan un mayor impacto en la poblaci\u00f3n y contribuir en la prevenci\u00f3n y control de la enfermedad, mediante acciones ordenadas y priorizadas de educaci\u00f3n para la salud, sobre la eliminaci\u00f3n de potenciales criaderos de mosquitos.<\/p>\n\n\n\n<p>Adem\u00e1s de difundir en la ciudadan\u00eda la importancia de efectuar la estrategia de patio y azotea limpia, misma que ha demostrado disminuir la densidad de zancudos. Tambi\u00e9n, el control larvario en los hogares, ya que la humedad y el incremento de la temperatura favorecen la reproducci\u00f3n de mosquitos.<\/p>\n\n\n\n<p>En este marco, se dio a conocer que hasta la semana epidemiol\u00f3gica n\u00famero 27, se contabilizaron 17 casos positivos de dengue en la regi\u00f3n de la Mixteca; corresponden a los municipios de Heroica Ciudad de Tlaxiaco, San Andr\u00e9s Dinicuiti, San Juan Bautista Tlachichilco, San Pedro Amuzgos, Santa Mar\u00eda Zacatepec, Santiago Juxtlahuaca, Zapotitl\u00e1n Lagunas, San Mateo Sindihui y Huajuapan de Le\u00f3n.<\/p>\n\n\n\n<p>En este sentido, las autoridades coincidieron que, para hacer frente a este padecimiento, es necesario trabajar de manera conjunta y con ello lograr que en todas las casas se tenga el cuidado del agua, con acciones como: tapar y lavar todo tanque, pileta y dep\u00f3sitos que acumulen el vital l\u00edquido; cambiar el agua de floreros, macetas y bebederos de animales de compa\u00f1\u00eda cada tercer d\u00eda; podar el pasto y las hierbas de forma frecuente.<\/p>\n\n\n\n<p>Finalmente, SSO reiter\u00f3 que, en caso de presentar s\u00edntomas como fiebre, v\u00f3mito, as\u00ed como dolor de cabeza, en ojos, m\u00fasculos y articulaciones, no se deben automedicar; es importante acudir a la unidad de salud m\u00e1s cercana.<br \/>-0-<\/p>\n","protected":false},"excerpt":{"rendered":"<p>\u2022 Hasta la semana epidemiol\u00f3gica n\u00famero 27 se contabilizaron 17 casos positivos en esta regi\u00f3n&#8230;<\/p>\n","protected":false},"author":4,"featured_media":28935,"comment_status":"","ping_status":"open","sticky":false,"template":"","format":"standard","meta":{"footnotes":""},"categories":[9],"tags":[],"jetpack_sharing_enabled":true,"featured_image_urls":{"full":["https:\/\/contextoanalisisperiodistico.com\/wp-content\/uploads\/2024\/07\/IMG-20240715-WA0129.jpg",1600,1200,false],"thumbnail":["https:\/\/contextoanalisisperiodistico.com\/wp-content\/uploads\/2024\/07\/IMG-20240715-WA0129-150x150.jpg",150,150,true],"medium":["https:\/\/contextoanalisisperiodistico.com\/wp-content\/uploads\/2024\/07\/IMG-20240715-WA0129-300x225.jpg",300,225,true],"medium_large":["https:\/\/contextoanalisisperiodistico.com\/wp-content\/uploads\/2024\/07\/IMG-20240715-WA0129-768x576.jpg",640,480,true],"large":["https:\/\/contextoanalisisperiodistico.com\/wp-content\/uploads\/2024\/07\/IMG-20240715-WA0129-1024x768.jpg",640,480,true],"1536x1536":["https:\/\/contextoanalisisperiodistico.com\/wp-content\/uploads\/2024\/07\/IMG-20240715-WA0129-1536x1152.jpg",1536,1152,true],"2048x2048":["https:\/\/contextoanalisisperiodistico.com\/wp-content\/uploads\/2024\/07\/IMG-20240715-WA0129.jpg",1600,1200,false],"covernews-slider-full":["https:\/\/contextoanalisisperiodistico.com\/wp-content\/uploads\/2024\/07\/IMG-20240715-WA0129-1115x715.jpg",1115,715,true],"covernews-slider-center":["https:\/\/contextoanalisisperiodistico.com\/wp-content\/uploads\/2024\/07\/IMG-20240715-WA0129-800x500.jpg",800,500,true],"covernews-featured":["https:\/\/contextoanalisisperiodistico.com\/wp-content\/uploads\/2024\/07\/IMG-20240715-WA0129-1024x768.jpg",1024,768,true],"covernews-medium":["https:\/\/contextoanalisisperiodistico.com\/wp-content\/uploads\/2024\/07\/IMG-20240715-WA0129-540x340.jpg",540,340,true],"covernews-medium-square":["https:\/\/contextoanalisisperiodistico.com\/wp-content\/uploads\/2024\/07\/IMG-20240715-WA0129-400x250.jpg",400,250,true]},"author_info":{"display_name":"Mario Gir\u00f3n","author_link":"https:\/\/contextoanalisisperiodistico.com\/index.php\/author\/director\/"},"category_info":"<a href=\"https:\/\/contextoanalisisperiodistico.com\/index.php\/category\/politica\/\" rel=\"category tag\">Pol\u00edtica<\/a>","tag_info":"Pol\u00edtica","comment_count":"0","jetpack_featured_media_url":"https:\/\/contextoanalisisperiodistico.com\/wp-content\/uploads\/2024\/07\/IMG-20240715-WA0129.jpg","_links":{"self":[{"href":"https:\/\/contextoanalisisperiodistico.com\/index.php\/wp-json\/wp\/v2\/posts\/28938"}],"collection":[{"href":"https:\/\/contextoanalisisperiodistico.com\/index.php\/wp-json\/wp\/v2\/posts"}],"about":[{"href":"https:\/\/contextoanalisisperiodistico.com\/index.php\/wp-json\/wp\/v2\/types\/post"}],"author":[{"embeddable":true,"href":"https:\/\/contextoanalisisperiodistico.com\/index.php\/wp-json\/wp\/v2\/users\/4"}],"replies":[{"embeddable":true,"href":"https:\/\/contextoanalisisperiodistico.com\/index.php\/wp-json\/wp\/v2\/comments?post=28938"}],"version-history":[{"count":0,"href":"https:\/\/contextoanalisisperiodistico.com\/index.php\/wp-json\/wp\/v2\/posts\/28938\/revisions"}],"wp:featuredmedia":[{"embeddable":true,"href":"https:\/\/contextoanalisisperiodistico.com\/index.php\/wp-json\/wp\/v2\/media\/28935"}],"wp:attachment":[{"href":"https:\/\/contextoanalisisperiodistico.com\/index.php\/wp-json\/wp\/v2\/media?parent=28938"}],"wp:term":[{"taxonomy":"category","embeddable":true,"href":"https:\/\/contextoanalisisperiodistico.com\/index.php\/wp-json\/wp\/v2\/categories?post=28938"},{"taxonomy":"post_tag","embeddable":true,"href":"https:\/\/contextoanalisisperiodistico.com\/index.php\/wp-json\/wp\/v2\/tags?post=28938"}],"curies":[{"name":"wp","href":"https:\/\/api.w.org\/{rel}","templated":true}]}}