{"id":28932,"date":"2024-07-15T19:05:25","date_gmt":"2024-07-16T01:05:25","guid":{"rendered":"https:\/\/contextoanalisisperiodistico.com\/index.php\/2024\/07\/15\/con-acciones-preventivas-avanza-sso-en-el-control-del-dengue\/"},"modified":"2024-07-15T19:05:25","modified_gmt":"2024-07-16T01:05:25","slug":"con-acciones-preventivas-avanza-sso-en-el-control-del-dengue","status":"publish","type":"post","link":"https:\/\/contextoanalisisperiodistico.com\/index.php\/2024\/07\/15\/con-acciones-preventivas-avanza-sso-en-el-control-del-dengue\/","title":{"rendered":"Con acciones preventivas avanza SSO en el control del dengue"},"content":{"rendered":"<div id=\"fb-root\"><\/div>\n\n<p>\u2022 La Secretaria de Salud llama a seguir con las medidas preventivas contra COVID-19<\/p>\n\n\n\n<figure class=\"wp-block-image size-large\"><img fetchpriority=\"high\" decoding=\"async\" width=\"1024\" height=\"634\" src=\"https:\/\/contextoanalisisperiodistico.com\/wp-content\/uploads\/2024\/07\/img-20240715-wa0094781913695267498250-1024x634.jpg\" alt=\"\" class=\"wp-image-28931\" srcset=\"https:\/\/contextoanalisisperiodistico.com\/wp-content\/uploads\/2024\/07\/img-20240715-wa0094781913695267498250-1024x634.jpg 1024w, https:\/\/contextoanalisisperiodistico.com\/wp-content\/uploads\/2024\/07\/img-20240715-wa0094781913695267498250-300x186.jpg 300w, https:\/\/contextoanalisisperiodistico.com\/wp-content\/uploads\/2024\/07\/img-20240715-wa0094781913695267498250-768x475.jpg 768w, https:\/\/contextoanalisisperiodistico.com\/wp-content\/uploads\/2024\/07\/img-20240715-wa0094781913695267498250-1536x950.jpg 1536w, https:\/\/contextoanalisisperiodistico.com\/wp-content\/uploads\/2024\/07\/img-20240715-wa0094781913695267498250.jpg 1600w\" sizes=\"(max-width: 1024px) 100vw, 1024px\" \/><\/figure>\n\n\n\n<p>\u2022 Contin\u00faan las acciones de nebulizaci\u00f3n y termonebulizaci\u00f3n en la zona metropolitana de Oaxaca<\/p>\n\n\n\n<p>Oaxaca de Ju\u00e1rez, Oax. 15 de julio de 2024.- Durante la conferencia de prensa del Gobernador Salom\u00f3n Jara Cruz, la titular de Servicios de Salud de Oaxaca (SSO), Alma Lilia Velasco Hern\u00e1ndez pidi\u00f3 a la poblaci\u00f3n extremar medidas preventivas por COVID-19, sobre todo en las personas menores de 5 a\u00f1os y mayores de 65 a\u00f1os con comorbilidades.<\/p>\n\n\n\n<p>Velasco Hern\u00e1ndez se\u00f1al\u00f3 que en la entidad se monitorea de manera oportuna y peri\u00f3dica la informaci\u00f3n de los sistemas de vigilancia epidemiol\u00f3gica, debido al aumento de una nueva variante en otros pa\u00edses; por lo que es importante reforzar las medidas higi\u00e9nicas como el lavado de manos con agua y jab\u00f3n, usar cubrebocas en caso de presentar infecci\u00f3n respiratoria y acudir a la unidad de salud m\u00e1s cercana para el diagn\u00f3stico oportuno.<\/p>\n\n\n\n<p>Por su parte el director de Prevenci\u00f3n y Promoci\u00f3n de los SSO, Ignacio Z\u00e1rate Blas dio a conocer el panorama epidemiol\u00f3gico de dengue en la entidad, mismo que reporta mil 367 casos confirmados hasta la semana epidemiol\u00f3gica n\u00famero 27.<\/p>\n\n\n\n<p>Inform\u00f3 que, gracias a las acciones realizadas por el equipo de vectores, la ciudadan\u00eda voluntaria y personal de salud mediante el Plan Emergente Oaxaca Unida Contra el Dengue, se reporta una estabilizaci\u00f3n de casos probables desde hace 4 semanas.<\/p>\n\n\n\n<p>Cabe destacar que esta patolog\u00eda afecta a todo el continente americano, por lo que la Organizaci\u00f3n Mundial de la Salud (OMS) es la encargada de emitir las alertas epidemiol\u00f3gicas en los pa\u00edses, por ello, a nivel federal no se ha emitido ning\u00fan comunicado.<\/p>\n\n\n\n<p>Z\u00e1rate Blas agreg\u00f3 que se programar\u00e1 en el transcurso de esta semana la visita a trav\u00e9s de nebulizaci\u00f3n y termonebulizaci\u00f3n de seis municipios que forman parte de los 25 prioritarios en la zona metropolitana, a fin de reducir la densidad del vector, ya que, si este se elimina, no hay virus.<\/p>\n\n\n\n<p>Finalmente, exhort\u00f3 a la poblaci\u00f3n abrir puertas, ventanas y portones cuando pasen las camionetas de los SSO. Tambi\u00e9n, eliminar los criaderos potenciales del vector, y complementar esta actividad con acciones preventivas en los hogares como tapar los recipientes con agua limpia.<br \/>-0-<\/p>\n","protected":false},"excerpt":{"rendered":"<p>\u2022 La Secretaria de Salud llama a seguir con las medidas preventivas contra COVID-19 \u2022&#8230;<\/p>\n","protected":false},"author":4,"featured_media":28930,"comment_status":"","ping_status":"open","sticky":false,"template":"","format":"standard","meta":{"footnotes":""},"categories":[9],"tags":[],"jetpack_sharing_enabled":true,"featured_image_urls":{"full":["https:\/\/contextoanalisisperiodistico.com\/wp-content\/uploads\/2024\/07\/IMG-20240715-WA0030-1.jpg",1600,1066,false],"thumbnail":["https:\/\/contextoanalisisperiodistico.com\/wp-content\/uploads\/2024\/07\/IMG-20240715-WA0030-1-150x150.jpg",150,150,true],"medium":["https:\/\/contextoanalisisperiodistico.com\/wp-content\/uploads\/2024\/07\/IMG-20240715-WA0030-1-300x200.jpg",300,200,true],"medium_large":["https:\/\/contextoanalisisperiodistico.com\/wp-content\/uploads\/2024\/07\/IMG-20240715-WA0030-1-768x512.jpg",640,427,true],"large":["https:\/\/contextoanalisisperiodistico.com\/wp-content\/uploads\/2024\/07\/IMG-20240715-WA0030-1-1024x682.jpg",640,426,true],"1536x1536":["https:\/\/contextoanalisisperiodistico.com\/wp-content\/uploads\/2024\/07\/IMG-20240715-WA0030-1-1536x1023.jpg",1536,1023,true],"2048x2048":["https:\/\/contextoanalisisperiodistico.com\/wp-content\/uploads\/2024\/07\/IMG-20240715-WA0030-1.jpg",1600,1066,false],"covernews-slider-full":["https:\/\/contextoanalisisperiodistico.com\/wp-content\/uploads\/2024\/07\/IMG-20240715-WA0030-1-1115x715.jpg",1115,715,true],"covernews-slider-center":["https:\/\/contextoanalisisperiodistico.com\/wp-content\/uploads\/2024\/07\/IMG-20240715-WA0030-1-800x500.jpg",800,500,true],"covernews-featured":["https:\/\/contextoanalisisperiodistico.com\/wp-content\/uploads\/2024\/07\/IMG-20240715-WA0030-1-1024x682.jpg",1024,682,true],"covernews-medium":["https:\/\/contextoanalisisperiodistico.com\/wp-content\/uploads\/2024\/07\/IMG-20240715-WA0030-1-540x340.jpg",540,340,true],"covernews-medium-square":["https:\/\/contextoanalisisperiodistico.com\/wp-content\/uploads\/2024\/07\/IMG-20240715-WA0030-1-400x250.jpg",400,250,true]},"author_info":{"display_name":"Mario Gir\u00f3n","author_link":"https:\/\/contextoanalisisperiodistico.com\/index.php\/author\/director\/"},"category_info":"<a href=\"https:\/\/contextoanalisisperiodistico.com\/index.php\/category\/politica\/\" rel=\"category tag\">Pol\u00edtica<\/a>","tag_info":"Pol\u00edtica","comment_count":"0","jetpack_featured_media_url":"https:\/\/contextoanalisisperiodistico.com\/wp-content\/uploads\/2024\/07\/IMG-20240715-WA0030-1.jpg","_links":{"self":[{"href":"https:\/\/contextoanalisisperiodistico.com\/index.php\/wp-json\/wp\/v2\/posts\/28932"}],"collection":[{"href":"https:\/\/contextoanalisisperiodistico.com\/index.php\/wp-json\/wp\/v2\/posts"}],"about":[{"href":"https:\/\/contextoanalisisperiodistico.com\/index.php\/wp-json\/wp\/v2\/types\/post"}],"author":[{"embeddable":true,"href":"https:\/\/contextoanalisisperiodistico.com\/index.php\/wp-json\/wp\/v2\/users\/4"}],"replies":[{"embeddable":true,"href":"https:\/\/contextoanalisisperiodistico.com\/index.php\/wp-json\/wp\/v2\/comments?post=28932"}],"version-history":[{"count":0,"href":"https:\/\/contextoanalisisperiodistico.com\/index.php\/wp-json\/wp\/v2\/posts\/28932\/revisions"}],"wp:featuredmedia":[{"embeddable":true,"href":"https:\/\/contextoanalisisperiodistico.com\/index.php\/wp-json\/wp\/v2\/media\/28930"}],"wp:attachment":[{"href":"https:\/\/contextoanalisisperiodistico.com\/index.php\/wp-json\/wp\/v2\/media?parent=28932"}],"wp:term":[{"taxonomy":"category","embeddable":true,"href":"https:\/\/contextoanalisisperiodistico.com\/index.php\/wp-json\/wp\/v2\/categories?post=28932"},{"taxonomy":"post_tag","embeddable":true,"href":"https:\/\/contextoanalisisperiodistico.com\/index.php\/wp-json\/wp\/v2\/tags?post=28932"}],"curies":[{"name":"wp","href":"https:\/\/api.w.org\/{rel}","templated":true}]}}