{"id":28928,"date":"2024-07-15T15:05:55","date_gmt":"2024-07-15T21:05:55","guid":{"rendered":"https:\/\/contextoanalisisperiodistico.com\/index.php\/2024\/07\/15\/mantiene-sego-condiciones-propicias-para-una-guelaguetza-con-paz-social\/"},"modified":"2024-07-15T15:05:55","modified_gmt":"2024-07-15T21:05:55","slug":"mantiene-sego-condiciones-propicias-para-una-guelaguetza-con-paz-social","status":"publish","type":"post","link":"https:\/\/contextoanalisisperiodistico.com\/index.php\/2024\/07\/15\/mantiene-sego-condiciones-propicias-para-una-guelaguetza-con-paz-social\/","title":{"rendered":"Mantiene Sego condiciones propicias para una Guelaguetza con paz social"},"content":{"rendered":"<div id=\"fb-root\"><\/div>\n\n<p>Oaxaca de Ju\u00e1rez, Oax. 15 de julio de 2024.- En el marco de la Conferencia de Prensa del Gobernador Salom\u00f3n Jara Cruz, el titular de la Secretar\u00eda de Gobierno (Sego), Jes\u00fas Romero L\u00f3pez afirm\u00f3 que se trabaja para que las fiestas de julio en Oaxaca se desarrollen en un marco de civilidad, orden y seguridad.<\/p>\n\n\n\n<figure class=\"wp-block-image size-large\"><img fetchpriority=\"high\" decoding=\"async\" width=\"1024\" height=\"576\" src=\"https:\/\/contextoanalisisperiodistico.com\/wp-content\/uploads\/2024\/07\/img-20240715-wa00641154975368274383670-1024x576.jpg\" alt=\"\" class=\"wp-image-28927\" srcset=\"https:\/\/contextoanalisisperiodistico.com\/wp-content\/uploads\/2024\/07\/img-20240715-wa00641154975368274383670-1024x576.jpg 1024w, https:\/\/contextoanalisisperiodistico.com\/wp-content\/uploads\/2024\/07\/img-20240715-wa00641154975368274383670-300x169.jpg 300w, https:\/\/contextoanalisisperiodistico.com\/wp-content\/uploads\/2024\/07\/img-20240715-wa00641154975368274383670-768x432.jpg 768w, https:\/\/contextoanalisisperiodistico.com\/wp-content\/uploads\/2024\/07\/img-20240715-wa00641154975368274383670-1536x864.jpg 1536w, https:\/\/contextoanalisisperiodistico.com\/wp-content\/uploads\/2024\/07\/img-20240715-wa00641154975368274383670.jpg 1600w\" sizes=\"(max-width: 1024px) 100vw, 1024px\" \/><\/figure>\n\n\n\n<p>El encargado de la pol\u00edtica interna inform\u00f3 que, desde la Sego mantienen el di\u00e1logo con organizaciones sociales, campesinas, productivas, magisterio y dem\u00e1s sindicatos, para garantizar el respeto del espacio de estas fiestas para las y los oaxaque\u00f1os durante esta temporada.<\/p>\n\n\n\n<p>\u201cSiempre se ha mantenido una pol\u00edtica de puertas abiertas para el di\u00e1logo, y consideramos que ser\u00e1 factible tener una Guelaguetza con unas condiciones muy favorables para el turismo y para el pueblo de Oaxaca\u201d, expres\u00f3.<\/p>\n\n\n\n<p>Hizo p\u00fablico que aunque algunas organizaciones de comerciantes informales han intentado ejercer presi\u00f3n para exigir espacios de venta en zonas p\u00fablicas como el Z\u00f3calo capitalino y el Paseo Ju\u00e1rez El Llano, la Sego ha sido puntual en que estos lugares son para el disfrute de toda la poblaci\u00f3n y no permitir\u00e1 que se invadan lugares comunes.<\/p>\n\n\n\n<p>\u201cMuchas de estas organizaciones han sido beneficiadas por d\u00e9cadas, tienen puestos fijos y ambulantes, pero en esta administraci\u00f3n eso no se va a tolerar. Trabajamos de manera coordinada con el municipio para impedir la invasi\u00f3n de espacios que son para uso y disfrute del pueblo; anteriormente el Z\u00f3calo estaba lleno de ni\u00f1as y ni\u00f1os explotados en el comercio en la v\u00eda p\u00fablica, hab\u00eda trata de personas, era ca\u00f3tico\u201d, afirm\u00f3.<\/p>\n\n\n\n<p>Destac\u00f3 que en esta determinaci\u00f3n del Gobernador Salom\u00f3n Jara Cruz de rescatar y preservar el cuidado del Z\u00f3calo, no se bajar\u00e1 la guardia. \u201cInvitamos a las y los comerciantes al di\u00e1logo, porque no pueden ser ellos un factor que genere inestabilidad en las fiestas de Guelaguetza\u201d, sostuvo.<\/p>\n\n\n\n<p>Resalt\u00f3 que con los operativos conjuntos Verano Seguro y Guelaguetza Segura, se garantiza, adem\u00e1s de la protecci\u00f3n de la ciudadan\u00eda, la paz social.<\/p>\n\n\n\n<p>Por ello, eval\u00faan los avances de todo el despliegue territorial de corporaciones como la Polic\u00eda Estatal, Protecci\u00f3n Civil, la Guardia Nacional (GN), Secretar\u00eda de Marina (Semar) y Secretar\u00eda de la Defensa Nacional (Sedena), con quienes blindan las fiestas de la Guelaguetza en Oaxaca.<br \/>-0-<\/p>\n","protected":false},"excerpt":{"rendered":"<p>Oaxaca de Ju\u00e1rez, Oax. 15 de julio de 2024.- En el marco de la Conferencia&#8230;<\/p>\n","protected":false},"author":4,"featured_media":28926,"comment_status":"","ping_status":"open","sticky":false,"template":"","format":"standard","meta":{"footnotes":""},"categories":[9],"tags":[],"jetpack_sharing_enabled":true,"featured_image_urls":{"full":["https:\/\/contextoanalisisperiodistico.com\/wp-content\/uploads\/2024\/07\/IMG-20240715-WA0065.jpg",1600,900,false],"thumbnail":["https:\/\/contextoanalisisperiodistico.com\/wp-content\/uploads\/2024\/07\/IMG-20240715-WA0065-150x150.jpg",150,150,true],"medium":["https:\/\/contextoanalisisperiodistico.com\/wp-content\/uploads\/2024\/07\/IMG-20240715-WA0065-300x169.jpg",300,169,true],"medium_large":["https:\/\/contextoanalisisperiodistico.com\/wp-content\/uploads\/2024\/07\/IMG-20240715-WA0065-768x432.jpg",640,360,true],"large":["https:\/\/contextoanalisisperiodistico.com\/wp-content\/uploads\/2024\/07\/IMG-20240715-WA0065-1024x576.jpg",640,360,true],"1536x1536":["https:\/\/contextoanalisisperiodistico.com\/wp-content\/uploads\/2024\/07\/IMG-20240715-WA0065-1536x864.jpg",1536,864,true],"2048x2048":["https:\/\/contextoanalisisperiodistico.com\/wp-content\/uploads\/2024\/07\/IMG-20240715-WA0065.jpg",1600,900,false],"covernews-slider-full":["https:\/\/contextoanalisisperiodistico.com\/wp-content\/uploads\/2024\/07\/IMG-20240715-WA0065-1115x715.jpg",1115,715,true],"covernews-slider-center":["https:\/\/contextoanalisisperiodistico.com\/wp-content\/uploads\/2024\/07\/IMG-20240715-WA0065-800x500.jpg",800,500,true],"covernews-featured":["https:\/\/contextoanalisisperiodistico.com\/wp-content\/uploads\/2024\/07\/IMG-20240715-WA0065-1024x576.jpg",1024,576,true],"covernews-medium":["https:\/\/contextoanalisisperiodistico.com\/wp-content\/uploads\/2024\/07\/IMG-20240715-WA0065-540x340.jpg",540,340,true],"covernews-medium-square":["https:\/\/contextoanalisisperiodistico.com\/wp-content\/uploads\/2024\/07\/IMG-20240715-WA0065-400x250.jpg",400,250,true]},"author_info":{"display_name":"Mario Gir\u00f3n","author_link":"https:\/\/contextoanalisisperiodistico.com\/index.php\/author\/director\/"},"category_info":"<a href=\"https:\/\/contextoanalisisperiodistico.com\/index.php\/category\/politica\/\" rel=\"category tag\">Pol\u00edtica<\/a>","tag_info":"Pol\u00edtica","comment_count":"0","jetpack_featured_media_url":"https:\/\/contextoanalisisperiodistico.com\/wp-content\/uploads\/2024\/07\/IMG-20240715-WA0065.jpg","_links":{"self":[{"href":"https:\/\/contextoanalisisperiodistico.com\/index.php\/wp-json\/wp\/v2\/posts\/28928"}],"collection":[{"href":"https:\/\/contextoanalisisperiodistico.com\/index.php\/wp-json\/wp\/v2\/posts"}],"about":[{"href":"https:\/\/contextoanalisisperiodistico.com\/index.php\/wp-json\/wp\/v2\/types\/post"}],"author":[{"embeddable":true,"href":"https:\/\/contextoanalisisperiodistico.com\/index.php\/wp-json\/wp\/v2\/users\/4"}],"replies":[{"embeddable":true,"href":"https:\/\/contextoanalisisperiodistico.com\/index.php\/wp-json\/wp\/v2\/comments?post=28928"}],"version-history":[{"count":0,"href":"https:\/\/contextoanalisisperiodistico.com\/index.php\/wp-json\/wp\/v2\/posts\/28928\/revisions"}],"wp:featuredmedia":[{"embeddable":true,"href":"https:\/\/contextoanalisisperiodistico.com\/index.php\/wp-json\/wp\/v2\/media\/28926"}],"wp:attachment":[{"href":"https:\/\/contextoanalisisperiodistico.com\/index.php\/wp-json\/wp\/v2\/media?parent=28928"}],"wp:term":[{"taxonomy":"category","embeddable":true,"href":"https:\/\/contextoanalisisperiodistico.com\/index.php\/wp-json\/wp\/v2\/categories?post=28928"},{"taxonomy":"post_tag","embeddable":true,"href":"https:\/\/contextoanalisisperiodistico.com\/index.php\/wp-json\/wp\/v2\/tags?post=28928"}],"curies":[{"name":"wp","href":"https:\/\/api.w.org\/{rel}","templated":true}]}}