{"id":28923,"date":"2024-07-14T16:35:17","date_gmt":"2024-07-14T22:35:17","guid":{"rendered":"https:\/\/contextoanalisisperiodistico.com\/index.php\/2024\/07\/14\/el-ambiente-festivo-de-la-guelaguetza-se-vive-en-la-diverti-ruta\/"},"modified":"2024-07-14T16:35:17","modified_gmt":"2024-07-14T22:35:17","slug":"el-ambiente-festivo-de-la-guelaguetza-se-vive-en-la-diverti-ruta","status":"publish","type":"post","link":"https:\/\/contextoanalisisperiodistico.com\/index.php\/2024\/07\/14\/el-ambiente-festivo-de-la-guelaguetza-se-vive-en-la-diverti-ruta\/","title":{"rendered":"El ambiente festivo de la Guelaguetza se vive en la Diverti Ruta"},"content":{"rendered":"<div id=\"fb-root\"><\/div>\n\n<p>\u2022 Las familias se reunieron en la calzada Porfirio D\u00edaz para disfrutar de incre\u00edbles actividades; acuden ni\u00f1as y ni\u00f1os de Santa Mar\u00eda Tataltepec de la regi\u00f3n Mixteca<\/p>\n\n\n\n<figure class=\"wp-block-image size-large\"><img fetchpriority=\"high\" decoding=\"async\" width=\"1024\" height=\"682\" src=\"https:\/\/contextoanalisisperiodistico.com\/wp-content\/uploads\/2024\/07\/img-20240714-wa00695801979860357535404-1024x682.jpg\" alt=\"\" class=\"wp-image-28918\" srcset=\"https:\/\/contextoanalisisperiodistico.com\/wp-content\/uploads\/2024\/07\/img-20240714-wa00695801979860357535404-1024x682.jpg 1024w, https:\/\/contextoanalisisperiodistico.com\/wp-content\/uploads\/2024\/07\/img-20240714-wa00695801979860357535404-300x200.jpg 300w, https:\/\/contextoanalisisperiodistico.com\/wp-content\/uploads\/2024\/07\/img-20240714-wa00695801979860357535404-768x511.jpg 768w, https:\/\/contextoanalisisperiodistico.com\/wp-content\/uploads\/2024\/07\/img-20240714-wa00695801979860357535404.jpg 1080w\" sizes=\"(max-width: 1024px) 100vw, 1024px\" \/><\/figure>\n\n\n\n<figure class=\"wp-block-image\"><img decoding=\"async\" width=\"1024\" height=\"682\" src=\"https:\/\/contextoanalisisperiodistico.com\/wp-content\/uploads\/2024\/07\/img-20240714-wa00682680024196792623753-1024x682.jpg\" alt=\"\" class=\"wp-image-28916\" srcset=\"https:\/\/contextoanalisisperiodistico.com\/wp-content\/uploads\/2024\/07\/img-20240714-wa00682680024196792623753-1024x682.jpg 1024w, https:\/\/contextoanalisisperiodistico.com\/wp-content\/uploads\/2024\/07\/img-20240714-wa00682680024196792623753-300x200.jpg 300w, https:\/\/contextoanalisisperiodistico.com\/wp-content\/uploads\/2024\/07\/img-20240714-wa00682680024196792623753-768x511.jpg 768w, https:\/\/contextoanalisisperiodistico.com\/wp-content\/uploads\/2024\/07\/img-20240714-wa00682680024196792623753.jpg 1080w\" sizes=\"(max-width: 1024px) 100vw, 1024px\" \/><\/figure>\n\n\n\n<figure class=\"wp-block-image\"><img decoding=\"async\" width=\"1024\" height=\"682\" src=\"https:\/\/contextoanalisisperiodistico.com\/wp-content\/uploads\/2024\/07\/img-20240714-wa00665232101595398498757-1024x682.jpg\" alt=\"\" class=\"wp-image-28919\" srcset=\"https:\/\/contextoanalisisperiodistico.com\/wp-content\/uploads\/2024\/07\/img-20240714-wa00665232101595398498757-1024x682.jpg 1024w, https:\/\/contextoanalisisperiodistico.com\/wp-content\/uploads\/2024\/07\/img-20240714-wa00665232101595398498757-300x200.jpg 300w, https:\/\/contextoanalisisperiodistico.com\/wp-content\/uploads\/2024\/07\/img-20240714-wa00665232101595398498757-768x511.jpg 768w, https:\/\/contextoanalisisperiodistico.com\/wp-content\/uploads\/2024\/07\/img-20240714-wa00665232101595398498757.jpg 1080w\" sizes=\"(max-width: 1024px) 100vw, 1024px\" \/><\/figure>\n\n\n\n<figure class=\"wp-block-image\"><img loading=\"lazy\" decoding=\"async\" width=\"1024\" height=\"682\" src=\"https:\/\/contextoanalisisperiodistico.com\/wp-content\/uploads\/2024\/07\/img-20240714-wa00656791909497554813607-1024x682.jpg\" alt=\"\" class=\"wp-image-28917\" srcset=\"https:\/\/contextoanalisisperiodistico.com\/wp-content\/uploads\/2024\/07\/img-20240714-wa00656791909497554813607-1024x682.jpg 1024w, https:\/\/contextoanalisisperiodistico.com\/wp-content\/uploads\/2024\/07\/img-20240714-wa00656791909497554813607-300x200.jpg 300w, https:\/\/contextoanalisisperiodistico.com\/wp-content\/uploads\/2024\/07\/img-20240714-wa00656791909497554813607-768x511.jpg 768w, https:\/\/contextoanalisisperiodistico.com\/wp-content\/uploads\/2024\/07\/img-20240714-wa00656791909497554813607.jpg 1080w\" sizes=\"(max-width: 1024px) 100vw, 1024px\" \/><\/figure>\n\n\n\n<figure class=\"wp-block-image\"><img loading=\"lazy\" decoding=\"async\" width=\"1024\" height=\"682\" src=\"https:\/\/contextoanalisisperiodistico.com\/wp-content\/uploads\/2024\/07\/img-20240714-wa00678159576838633955421-1024x682.jpg\" alt=\"\" class=\"wp-image-28920\" srcset=\"https:\/\/contextoanalisisperiodistico.com\/wp-content\/uploads\/2024\/07\/img-20240714-wa00678159576838633955421-1024x682.jpg 1024w, https:\/\/contextoanalisisperiodistico.com\/wp-content\/uploads\/2024\/07\/img-20240714-wa00678159576838633955421-300x200.jpg 300w, https:\/\/contextoanalisisperiodistico.com\/wp-content\/uploads\/2024\/07\/img-20240714-wa00678159576838633955421-768x511.jpg 768w, https:\/\/contextoanalisisperiodistico.com\/wp-content\/uploads\/2024\/07\/img-20240714-wa00678159576838633955421.jpg 1080w\" sizes=\"(max-width: 1024px) 100vw, 1024px\" \/><\/figure>\n\n\n\n<figure class=\"wp-block-image\"><img loading=\"lazy\" decoding=\"async\" width=\"1024\" height=\"682\" src=\"https:\/\/contextoanalisisperiodistico.com\/wp-content\/uploads\/2024\/07\/img-20240714-wa00633763413476261610073-1024x682.jpg\" alt=\"\" class=\"wp-image-28921\" srcset=\"https:\/\/contextoanalisisperiodistico.com\/wp-content\/uploads\/2024\/07\/img-20240714-wa00633763413476261610073-1024x682.jpg 1024w, https:\/\/contextoanalisisperiodistico.com\/wp-content\/uploads\/2024\/07\/img-20240714-wa00633763413476261610073-300x200.jpg 300w, https:\/\/contextoanalisisperiodistico.com\/wp-content\/uploads\/2024\/07\/img-20240714-wa00633763413476261610073-768x511.jpg 768w, https:\/\/contextoanalisisperiodistico.com\/wp-content\/uploads\/2024\/07\/img-20240714-wa00633763413476261610073.jpg 1080w\" sizes=\"(max-width: 1024px) 100vw, 1024px\" \/><\/figure>\n\n\n\n<figure class=\"wp-block-image\"><img loading=\"lazy\" decoding=\"async\" width=\"1024\" height=\"682\" src=\"https:\/\/contextoanalisisperiodistico.com\/wp-content\/uploads\/2024\/07\/img-20240714-wa00644259867810553776558-1024x682.jpg\" alt=\"\" class=\"wp-image-28922\" srcset=\"https:\/\/contextoanalisisperiodistico.com\/wp-content\/uploads\/2024\/07\/img-20240714-wa00644259867810553776558-1024x682.jpg 1024w, https:\/\/contextoanalisisperiodistico.com\/wp-content\/uploads\/2024\/07\/img-20240714-wa00644259867810553776558-300x200.jpg 300w, https:\/\/contextoanalisisperiodistico.com\/wp-content\/uploads\/2024\/07\/img-20240714-wa00644259867810553776558-768x511.jpg 768w, https:\/\/contextoanalisisperiodistico.com\/wp-content\/uploads\/2024\/07\/img-20240714-wa00644259867810553776558.jpg 1080w\" sizes=\"(max-width: 1024px) 100vw, 1024px\" \/><\/figure>\n\n\n\n<p>Oaxaca de Ju\u00e1rez, Oaxaca., 14 de julio de 2024.- En el marco de Julio, Mes de la Guelaguetza 2024, el Sistema para el Desarrollo Integral de la Familia (DIF) Oaxaca se sum\u00f3 a este ambiente festivo a trav\u00e9s de la edici\u00f3n n\u00famero 17 de la Diverti Ruta, actividad de esparcimiento y diversi\u00f3n para ni\u00f1as, ni\u00f1os y adolescentes, junto a sus familias.<\/p>\n\n\n\n<p>Nuevamente la calzada Porfirio D\u00edaz se cerr\u00f3 durante unas horas para pintar, jugar, subirse al trenecito y andar en patines, patineta o bicicleta, con la intenci\u00f3n de pasar momentos incre\u00edbles y de alegr\u00eda en el presente periodo vacacional.<\/p>\n\n\n\n<p>Otras actividades que atrajeron la atenci\u00f3n de la ni\u00f1ez y adolescencia fue la loter\u00eda de aves, la elaboraci\u00f3n de figuras de barro y de papalotes, as\u00ed como la mini farmacia y la posibilidad de tener un partido de f\u00fatbol o voleibol.<\/p>\n\n\n\n<p>En esta ocasi\u00f3n se cont\u00f3 con la visita de ni\u00f1as y ni\u00f1os del municipio de Santa Mar\u00eda Tataltepec, ubicado en la regi\u00f3n Mixteca, quienes se divirtieron con los juegos tradicionales como las canicas, el trenecito y las actividades art\u00edsticas de la Casa de la Cultura Oaxaque\u00f1a (CCO).<\/p>\n\n\n\n<p>Las tres horas y media de viaje no fueron impedimento para que disfrutaran junto a su familia de esta experiencia de diversi\u00f3n y aprendizaje.<\/p>\n\n\n\n<p>En este marco, el Club Guardianes de los Derechos del Sistema DIF Oaxaca se encarg\u00f3 de recordarles a la ni\u00f1ez y adolescencias que sus garant\u00edas deben ser respetadas en todo momento, al tiempo de destacar la importancia de adoptar buenos h\u00e1bitos alimenticios para tener salud mediante la promoci\u00f3n del plato del bien comer.<\/p>\n\n\n\n<p>Esta Diverti Ruta tambi\u00e9n permiti\u00f3 que las familias pasaran momentos con sus mascotas y caminaran por esta importante arteria vehicular; tambi\u00e9n pudieron acercarse al centro de canje para intercambiar un juguete nuevo, que no requiera el uso de bater\u00edas y sin contenido b\u00e9lico para asistir al espect\u00e1culo de Bluey \u00a1Show en vivo!, que se llevar\u00e1 a cabo el 19 de julio en el Auditorio Guelaguetza.<\/p>\n\n\n\n<p>Con este tipo de acciones, el organismo estatal prioriza el Inter\u00e9s Superior de la Ni\u00f1ez y Adolescencia.<br \/>-0-<\/p>\n","protected":false},"excerpt":{"rendered":"<p>\u2022 Las familias se reunieron en la calzada Porfirio D\u00edaz para disfrutar de incre\u00edbles actividades;&#8230;<\/p>\n","protected":false},"author":4,"featured_media":28915,"comment_status":"","ping_status":"open","sticky":false,"template":"","format":"standard","meta":{"footnotes":""},"categories":[3],"tags":[],"jetpack_sharing_enabled":true,"featured_image_urls":{"full":["https:\/\/contextoanalisisperiodistico.com\/wp-content\/uploads\/2024\/07\/IMG-20240714-WA0062.jpg",1080,719,false],"thumbnail":["https:\/\/contextoanalisisperiodistico.com\/wp-content\/uploads\/2024\/07\/IMG-20240714-WA0062-150x150.jpg",150,150,true],"medium":["https:\/\/contextoanalisisperiodistico.com\/wp-content\/uploads\/2024\/07\/IMG-20240714-WA0062-300x200.jpg",300,200,true],"medium_large":["https:\/\/contextoanalisisperiodistico.com\/wp-content\/uploads\/2024\/07\/IMG-20240714-WA0062-768x511.jpg",640,426,true],"large":["https:\/\/contextoanalisisperiodistico.com\/wp-content\/uploads\/2024\/07\/IMG-20240714-WA0062-1024x682.jpg",640,426,true],"1536x1536":["https:\/\/contextoanalisisperiodistico.com\/wp-content\/uploads\/2024\/07\/IMG-20240714-WA0062.jpg",1080,719,false],"2048x2048":["https:\/\/contextoanalisisperiodistico.com\/wp-content\/uploads\/2024\/07\/IMG-20240714-WA0062.jpg",1080,719,false],"covernews-slider-full":["https:\/\/contextoanalisisperiodistico.com\/wp-content\/uploads\/2024\/07\/IMG-20240714-WA0062-1080x715.jpg",1080,715,true],"covernews-slider-center":["https:\/\/contextoanalisisperiodistico.com\/wp-content\/uploads\/2024\/07\/IMG-20240714-WA0062-800x500.jpg",800,500,true],"covernews-featured":["https:\/\/contextoanalisisperiodistico.com\/wp-content\/uploads\/2024\/07\/IMG-20240714-WA0062-1024x682.jpg",1024,682,true],"covernews-medium":["https:\/\/contextoanalisisperiodistico.com\/wp-content\/uploads\/2024\/07\/IMG-20240714-WA0062-540x340.jpg",540,340,true],"covernews-medium-square":["https:\/\/contextoanalisisperiodistico.com\/wp-content\/uploads\/2024\/07\/IMG-20240714-WA0062-400x250.jpg",400,250,true]},"author_info":{"display_name":"Mario Gir\u00f3n","author_link":"https:\/\/contextoanalisisperiodistico.com\/index.php\/author\/director\/"},"category_info":"<a href=\"https:\/\/contextoanalisisperiodistico.com\/index.php\/category\/ciudad\/\" rel=\"category tag\">Ciudad<\/a>","tag_info":"Ciudad","comment_count":"0","jetpack_featured_media_url":"https:\/\/contextoanalisisperiodistico.com\/wp-content\/uploads\/2024\/07\/IMG-20240714-WA0062.jpg","_links":{"self":[{"href":"https:\/\/contextoanalisisperiodistico.com\/index.php\/wp-json\/wp\/v2\/posts\/28923"}],"collection":[{"href":"https:\/\/contextoanalisisperiodistico.com\/index.php\/wp-json\/wp\/v2\/posts"}],"about":[{"href":"https:\/\/contextoanalisisperiodistico.com\/index.php\/wp-json\/wp\/v2\/types\/post"}],"author":[{"embeddable":true,"href":"https:\/\/contextoanalisisperiodistico.com\/index.php\/wp-json\/wp\/v2\/users\/4"}],"replies":[{"embeddable":true,"href":"https:\/\/contextoanalisisperiodistico.com\/index.php\/wp-json\/wp\/v2\/comments?post=28923"}],"version-history":[{"count":0,"href":"https:\/\/contextoanalisisperiodistico.com\/index.php\/wp-json\/wp\/v2\/posts\/28923\/revisions"}],"wp:featuredmedia":[{"embeddable":true,"href":"https:\/\/contextoanalisisperiodistico.com\/index.php\/wp-json\/wp\/v2\/media\/28915"}],"wp:attachment":[{"href":"https:\/\/contextoanalisisperiodistico.com\/index.php\/wp-json\/wp\/v2\/media?parent=28923"}],"wp:term":[{"taxonomy":"category","embeddable":true,"href":"https:\/\/contextoanalisisperiodistico.com\/index.php\/wp-json\/wp\/v2\/categories?post=28923"},{"taxonomy":"post_tag","embeddable":true,"href":"https:\/\/contextoanalisisperiodistico.com\/index.php\/wp-json\/wp\/v2\/tags?post=28923"}],"curies":[{"name":"wp","href":"https:\/\/api.w.org\/{rel}","templated":true}]}}