{"id":28899,"date":"2024-07-13T12:05:19","date_gmt":"2024-07-13T18:05:19","guid":{"rendered":"https:\/\/contextoanalisisperiodistico.com\/?p=28899"},"modified":"2024-07-13T12:05:19","modified_gmt":"2024-07-13T18:05:19","slug":"comprometido-hno-en-la-atencion-a-pacientes-pediatricos","status":"publish","type":"post","link":"https:\/\/contextoanalisisperiodistico.com\/index.php\/2024\/07\/13\/comprometido-hno-en-la-atencion-a-pacientes-pediatricos\/","title":{"rendered":"Comprometido HNO en la atenci\u00f3n a pacientes pedi\u00e1tricos"},"content":{"rendered":"<div id=\"fb-root\"><\/div>\n\n<p>\u2022 Luego de las afectaciones a este nosocomio por las lluvias del pasado 20 de junio, se habilit\u00f3 el Hospital General de la Mujer y el Ni\u00f1o Oaxaque\u00f1o<\/p>\n\n\n\n<p>Oaxaca de Ju\u00e1rez, Oax. 13 de julio de 2024. Servicios de Salud de Oaxaca informa que personal m\u00e9dico del Hospital de la Ni\u00f1ez Oaxaque\u00f1a (HNO) Doctor Guillermo Z\u00e1rate Mijangos contin\u00faa brindando atenci\u00f3n a pacientes pedi\u00e1tricos.<br \/>Actualmente se encuentran hospitalizados 17 menores de edad, corresponden en su mayor\u00eda a pacientes con enfermedad oncol\u00f3gica.<\/p>\n\n\n\n<p>Esta semana se refirieron dos pacientes al Instituto Nacional de Pediatr\u00eda en la Ciudad de M\u00e9xico, para su tratamiento multidisciplinario.<\/p>\n\n\n\n<p>Luego de las afectaciones en el HNO por las lluvias del pasado 20 de junio, se habilit\u00f3 el nosocomio de la Mujer y Ni\u00f1o Oaxaque\u00f1o ubicado en la agencia Reyes Mantec\u00f3n, en el que se brindan servicios de hospitalizaci\u00f3n oncol\u00f3gica, quimioterapia ambulatoria, triage de urgencias 24 horas, cl\u00ednica de cat\u00e9ter, e inhaloterapia.<\/p>\n\n\n\n<p>Tambi\u00e9n, consulta externa de especialidades no quir\u00fargicas, somatometr\u00eda, consulta externa de hematolog\u00eda, consulta externa de oncolog\u00eda, imagenolog\u00eda con equipos port\u00e1tiles de rayos X, ultrasonido, farmacia, trabajo social, archivo cl\u00ednico y admisi\u00f3n hospitalaria.<\/p>\n\n\n\n<p>La dependencia se\u00f1ala que en esta unidad se contin\u00faa atendiendo a pacientes oncol\u00f3gicos en sus consultas programadas, se otorga atenci\u00f3n en urgencias las 24 horas y se suministran el 100 por ciento de las quimioterapias.<\/p>\n\n\n\n<p>En este nosocomio de San Bartolo Coyotepec se encuentran habilitados los servicios de laboratorio cl\u00ednico, banco de leches, farmacia y almac\u00e9n, archivo cl\u00ednico, centro de colecta para donadores de sangre, \u00e1rea administrativa de gobierno, preparaci\u00f3n de quimioterapias, tecnolog\u00edas de la informaci\u00f3n y estad\u00edstica.<\/p>\n\n\n\n<p>Asimismo, SSO precisa que la OPD Servicios de Salud IMSS Bienestar contin\u00faa con los trabajos de rehabilitaci\u00f3n de la red el\u00e9ctrica, hidr\u00e1ulica y equipos electromec\u00e1nicos, para su pronta reapertura.<\/p>\n\n\n\n<p>-0-<\/p>\n","protected":false},"excerpt":{"rendered":"<p>\u2022 Luego de las afectaciones a este nosocomio por las lluvias del pasado 20 de&#8230;<\/p>\n","protected":false},"author":4,"featured_media":28898,"comment_status":"closed","ping_status":"open","sticky":false,"template":"","format":"standard","meta":{"footnotes":""},"categories":[9],"tags":[],"jetpack_sharing_enabled":true,"featured_image_urls":{"full":["https:\/\/contextoanalisisperiodistico.com\/wp-content\/uploads\/2024\/07\/IMG-20240713-WA0013.jpg",1024,1024,false],"thumbnail":["https:\/\/contextoanalisisperiodistico.com\/wp-content\/uploads\/2024\/07\/IMG-20240713-WA0013-150x150.jpg",150,150,true],"medium":["https:\/\/contextoanalisisperiodistico.com\/wp-content\/uploads\/2024\/07\/IMG-20240713-WA0013-300x300.jpg",300,300,true],"medium_large":["https:\/\/contextoanalisisperiodistico.com\/wp-content\/uploads\/2024\/07\/IMG-20240713-WA0013-768x768.jpg",640,640,true],"large":["https:\/\/contextoanalisisperiodistico.com\/wp-content\/uploads\/2024\/07\/IMG-20240713-WA0013.jpg",640,640,false],"1536x1536":["https:\/\/contextoanalisisperiodistico.com\/wp-content\/uploads\/2024\/07\/IMG-20240713-WA0013.jpg",1024,1024,false],"2048x2048":["https:\/\/contextoanalisisperiodistico.com\/wp-content\/uploads\/2024\/07\/IMG-20240713-WA0013.jpg",1024,1024,false],"covernews-slider-full":["https:\/\/contextoanalisisperiodistico.com\/wp-content\/uploads\/2024\/07\/IMG-20240713-WA0013-1024x715.jpg",1024,715,true],"covernews-slider-center":["https:\/\/contextoanalisisperiodistico.com\/wp-content\/uploads\/2024\/07\/IMG-20240713-WA0013-800x500.jpg",800,500,true],"covernews-featured":["https:\/\/contextoanalisisperiodistico.com\/wp-content\/uploads\/2024\/07\/IMG-20240713-WA0013.jpg",1024,1024,false],"covernews-medium":["https:\/\/contextoanalisisperiodistico.com\/wp-content\/uploads\/2024\/07\/IMG-20240713-WA0013-540x340.jpg",540,340,true],"covernews-medium-square":["https:\/\/contextoanalisisperiodistico.com\/wp-content\/uploads\/2024\/07\/IMG-20240713-WA0013-400x250.jpg",400,250,true]},"author_info":{"display_name":"Mario Gir\u00f3n","author_link":"https:\/\/contextoanalisisperiodistico.com\/index.php\/author\/director\/"},"category_info":"<a href=\"https:\/\/contextoanalisisperiodistico.com\/index.php\/category\/politica\/\" rel=\"category tag\">Pol\u00edtica<\/a>","tag_info":"Pol\u00edtica","comment_count":"0","jetpack_featured_media_url":"https:\/\/contextoanalisisperiodistico.com\/wp-content\/uploads\/2024\/07\/IMG-20240713-WA0013.jpg","_links":{"self":[{"href":"https:\/\/contextoanalisisperiodistico.com\/index.php\/wp-json\/wp\/v2\/posts\/28899"}],"collection":[{"href":"https:\/\/contextoanalisisperiodistico.com\/index.php\/wp-json\/wp\/v2\/posts"}],"about":[{"href":"https:\/\/contextoanalisisperiodistico.com\/index.php\/wp-json\/wp\/v2\/types\/post"}],"author":[{"embeddable":true,"href":"https:\/\/contextoanalisisperiodistico.com\/index.php\/wp-json\/wp\/v2\/users\/4"}],"replies":[{"embeddable":true,"href":"https:\/\/contextoanalisisperiodistico.com\/index.php\/wp-json\/wp\/v2\/comments?post=28899"}],"version-history":[{"count":1,"href":"https:\/\/contextoanalisisperiodistico.com\/index.php\/wp-json\/wp\/v2\/posts\/28899\/revisions"}],"predecessor-version":[{"id":28900,"href":"https:\/\/contextoanalisisperiodistico.com\/index.php\/wp-json\/wp\/v2\/posts\/28899\/revisions\/28900"}],"wp:featuredmedia":[{"embeddable":true,"href":"https:\/\/contextoanalisisperiodistico.com\/index.php\/wp-json\/wp\/v2\/media\/28898"}],"wp:attachment":[{"href":"https:\/\/contextoanalisisperiodistico.com\/index.php\/wp-json\/wp\/v2\/media?parent=28899"}],"wp:term":[{"taxonomy":"category","embeddable":true,"href":"https:\/\/contextoanalisisperiodistico.com\/index.php\/wp-json\/wp\/v2\/categories?post=28899"},{"taxonomy":"post_tag","embeddable":true,"href":"https:\/\/contextoanalisisperiodistico.com\/index.php\/wp-json\/wp\/v2\/tags?post=28899"}],"curies":[{"name":"wp","href":"https:\/\/api.w.org\/{rel}","templated":true}]}}