{"id":28881,"date":"2024-07-12T18:58:22","date_gmt":"2024-07-13T00:58:22","guid":{"rendered":"https:\/\/contextoanalisisperiodistico.com\/index.php\/2024\/07\/12\/un-nuevo-destino-para-santa-maria-totolapilla-con-trabajo-que-transforma-tu-municipio\/"},"modified":"2024-07-12T18:58:22","modified_gmt":"2024-07-13T00:58:22","slug":"un-nuevo-destino-para-santa-maria-totolapilla-con-trabajo-que-transforma-tu-municipio","status":"publish","type":"post","link":"https:\/\/contextoanalisisperiodistico.com\/index.php\/2024\/07\/12\/un-nuevo-destino-para-santa-maria-totolapilla-con-trabajo-que-transforma-tu-municipio\/","title":{"rendered":"Un nuevo destino para Santa Mar\u00eda Totolapilla con Trabajo que Transforma tu Municipio"},"content":{"rendered":"<div id=\"fb-root\"><\/div>\n\n<p>\u2022 El Gobernador Salom\u00f3n Jara Cruz anunci\u00f3 la dispersi\u00f3n de m\u00e1s de 6 millones de pesos para obras y acciones que favorezcan a esta comunidad del Istmo de Tehuantepec<\/p>\n\n\n\n<figure class=\"wp-block-image size-large\"><img fetchpriority=\"high\" decoding=\"async\" width=\"800\" height=\"533\" src=\"https:\/\/contextoanalisisperiodistico.com\/wp-content\/uploads\/2024\/07\/img-20240712-wa01085195606007951686994.jpg\" alt=\"\" class=\"wp-image-28879\" srcset=\"https:\/\/contextoanalisisperiodistico.com\/wp-content\/uploads\/2024\/07\/img-20240712-wa01085195606007951686994.jpg 800w, https:\/\/contextoanalisisperiodistico.com\/wp-content\/uploads\/2024\/07\/img-20240712-wa01085195606007951686994-300x200.jpg 300w, https:\/\/contextoanalisisperiodistico.com\/wp-content\/uploads\/2024\/07\/img-20240712-wa01085195606007951686994-768x512.jpg 768w\" sizes=\"(max-width: 800px) 100vw, 800px\" \/><\/figure>\n\n\n\n<figure class=\"wp-block-image\"><img decoding=\"async\" width=\"300\" height=\"200\" src=\"https:\/\/contextoanalisisperiodistico.com\/wp-content\/uploads\/2024\/07\/img-20240712-wa01075400568718017180818-300x200.jpg\" alt=\"\" class=\"wp-image-28880\" srcset=\"https:\/\/contextoanalisisperiodistico.com\/wp-content\/uploads\/2024\/07\/img-20240712-wa01075400568718017180818-300x200.jpg 300w, https:\/\/contextoanalisisperiodistico.com\/wp-content\/uploads\/2024\/07\/img-20240712-wa01075400568718017180818-768x512.jpg 768w, https:\/\/contextoanalisisperiodistico.com\/wp-content\/uploads\/2024\/07\/img-20240712-wa01075400568718017180818.jpg 800w\" sizes=\"(max-width: 300px) 100vw, 300px\" \/><\/figure>\n\n\n\n<figure class=\"wp-block-image\"><img decoding=\"async\" width=\"300\" height=\"200\" src=\"https:\/\/contextoanalisisperiodistico.com\/wp-content\/uploads\/2024\/07\/img-20240712-wa01065656728734799240885-300x200.jpg\" alt=\"\" class=\"wp-image-28878\" srcset=\"https:\/\/contextoanalisisperiodistico.com\/wp-content\/uploads\/2024\/07\/img-20240712-wa01065656728734799240885-300x200.jpg 300w, https:\/\/contextoanalisisperiodistico.com\/wp-content\/uploads\/2024\/07\/img-20240712-wa01065656728734799240885-768x512.jpg 768w, https:\/\/contextoanalisisperiodistico.com\/wp-content\/uploads\/2024\/07\/img-20240712-wa01065656728734799240885.jpg 800w\" sizes=\"(max-width: 300px) 100vw, 300px\" \/><\/figure>\n\n\n\n<p>Santa Mar\u00eda Totolapilla, Oax. 12 de julio de 2024.- Esta comunidad del Istmo de Tehuantepec contar\u00e1n con obras y acciones que le permitir\u00e1 cambiar su destino a trav\u00e9s de la estrategia Trabajo que Transforma tu Municipio anunciada por el Gobernador Salom\u00f3n Jara Cruz; se dispersan m\u00e1s de 6 millones 151 mil pesos para los rubros de alimentaci\u00f3n, educaci\u00f3n, salud, caminos, entre otros.<\/p>\n\n\n\n<p>Ante autoridades de Santa Mar\u00eda Totolapilla, el Mandatario Estatal destac\u00f3 que el gobierno de la Primavera Oaxaque\u00f1a cumplir\u00e1 con los compromisos establecidos, \u201csin intermediarios y en coordinaci\u00f3n con los municipios para que sea de forma transparente y directa\u201d, dijo.<\/p>\n\n\n\n<p>Expuso que gracias al respaldo del Presidente de M\u00e9xico Andr\u00e9s Manuel L\u00f3pez Obrador, se llev\u00f3 a cabo la pavimentaci\u00f3n de 35 kil\u00f3metros del camino de concreto hidr\u00e1ulico de esta localidad y se autoriz\u00f3 5 millones de pesos m\u00e1s para su conclusi\u00f3n.<br \/>Resarcir la deuda hist\u00f3rica de los pueblos<\/p>\n\n\n\n<p>En esta gira de trabajo, el Instituto de Planeaci\u00f3n para el Bienestar (Inplan) expuso que se orienta y capacita a las autoridades municipales para la aplicaci\u00f3n correcta de los recursos p\u00fablicos, y estos realicen obras prioritarias que requiere la comunidad. La Primavera Oaxaque\u00f1a, se se\u00f1al\u00f3, trabaja para resarcir la deuda hist\u00f3rica que se tiene con los pueblos de Oaxaca.<\/p>\n\n\n\n<p>Mediante el programa de Guisos de mi Pueblo -comedores populares- con una inversi\u00f3n de 293 mil 515 pesos, el Sistema Estatal para el Desarrollo Integral de la Familia (DIF) Oaxaca respalda a los grupos prioritarios para mejorar su alimentaci\u00f3n.<\/p>\n\n\n\n<p>En tanto la Secretar\u00eda de Interculturalidad, Pueblos y Comunidades Ind\u00edgenas y Afromexicanas (SIPCIA) promueve la preservaci\u00f3n de la lengua originaria para que se replique en las nuevas generaciones, por lo que invit\u00f3 para se integren a las diferentes actividades que se realizan para fortalecer su legado cultural.<\/p>\n\n\n\n<p>El Secretariado Ejecutivo del Sistema Estatal de Seguridad P\u00fablica (SESESP) se\u00f1al\u00f3 la importancia de avanzar en la certificaci\u00f3n de los elementos policiacos de los municipios, por lo que dio a conocer que en la administraci\u00f3n estatal se respalda aquellos constituidos por Sistemas Normativos Ind\u00edgenas y los exenta de los pagos para su capacitaci\u00f3n.<\/p>\n\n\n\n<p>Tambi\u00e9n esta instancia promueve acciones para erradicar la violencia familiar, ya que este delito constituye el n\u00famero uno en la entidad.<\/p>\n\n\n\n<p>A trav\u00e9s del Instituto Estatal de Educaci\u00f3n P\u00fablica de Oaxaca (IEEPO) se apoyar\u00e1n a las y los 154 estudiantes y 11 docentes del preescolar, dos primarias y una secundaria de esta localidad, con pizarrones, computadoras, impresoras, proyectores y, material de aseo y deportivo, con una inversi\u00f3n de 638 mil pesos.<\/p>\n\n\n\n<p>Mediante el Instituto Oaxaque\u00f1o Constructor de Infraestructura Educativa (Iocied) se beneficiaron a estudiantes del Instituto de Estudios de Bachillerato de Oaxaca (IEBO) 163, con 10 computadoras y sus respectivas mesas que requirieron 220 mil pesos de inversi\u00f3n. Tambi\u00e9n se atender\u00e1n la instalaci\u00f3n del clima en sus aulas.<\/p>\n\n\n\n<p>Asimismo, se realizar\u00e1n estudios t\u00e9cnicos en el preescolar \u201cVoz de mi Patria\u201d para la construcci\u00f3n de una bodega; en la primaria \u201cVicente Guerrero\u201d para un techado y en la Telesecundaria para una barda perimetral.<\/p>\n\n\n\n<p>Adem\u00e1s, se revisar\u00e1 el proyecto para la instalaci\u00f3n del sistema de agua potable que requiere la poblaci\u00f3n por parte de la Comisi\u00f3n Estatal del Agua para el Bienestar (Ceabien).<\/p>\n\n\n\n<p>-0-<\/p>\n","protected":false},"excerpt":{"rendered":"<p>\u2022 El Gobernador Salom\u00f3n Jara Cruz anunci\u00f3 la dispersi\u00f3n de m\u00e1s de 6 millones de&#8230;<\/p>\n","protected":false},"author":4,"featured_media":28877,"comment_status":"","ping_status":"open","sticky":false,"template":"","format":"standard","meta":{"footnotes":""},"categories":[9],"tags":[],"jetpack_sharing_enabled":true,"featured_image_urls":{"full":["https:\/\/contextoanalisisperiodistico.com\/wp-content\/uploads\/2024\/07\/IMG-20240712-WA0105.jpg",800,533,false],"thumbnail":["https:\/\/contextoanalisisperiodistico.com\/wp-content\/uploads\/2024\/07\/IMG-20240712-WA0105-150x150.jpg",150,150,true],"medium":["https:\/\/contextoanalisisperiodistico.com\/wp-content\/uploads\/2024\/07\/IMG-20240712-WA0105-300x200.jpg",300,200,true],"medium_large":["https:\/\/contextoanalisisperiodistico.com\/wp-content\/uploads\/2024\/07\/IMG-20240712-WA0105-768x512.jpg",640,427,true],"large":["https:\/\/contextoanalisisperiodistico.com\/wp-content\/uploads\/2024\/07\/IMG-20240712-WA0105.jpg",640,426,false],"1536x1536":["https:\/\/contextoanalisisperiodistico.com\/wp-content\/uploads\/2024\/07\/IMG-20240712-WA0105.jpg",800,533,false],"2048x2048":["https:\/\/contextoanalisisperiodistico.com\/wp-content\/uploads\/2024\/07\/IMG-20240712-WA0105.jpg",800,533,false],"covernews-slider-full":["https:\/\/contextoanalisisperiodistico.com\/wp-content\/uploads\/2024\/07\/IMG-20240712-WA0105.jpg",800,533,false],"covernews-slider-center":["https:\/\/contextoanalisisperiodistico.com\/wp-content\/uploads\/2024\/07\/IMG-20240712-WA0105-800x500.jpg",800,500,true],"covernews-featured":["https:\/\/contextoanalisisperiodistico.com\/wp-content\/uploads\/2024\/07\/IMG-20240712-WA0105.jpg",800,533,false],"covernews-medium":["https:\/\/contextoanalisisperiodistico.com\/wp-content\/uploads\/2024\/07\/IMG-20240712-WA0105-540x340.jpg",540,340,true],"covernews-medium-square":["https:\/\/contextoanalisisperiodistico.com\/wp-content\/uploads\/2024\/07\/IMG-20240712-WA0105-400x250.jpg",400,250,true]},"author_info":{"display_name":"Mario Gir\u00f3n","author_link":"https:\/\/contextoanalisisperiodistico.com\/index.php\/author\/director\/"},"category_info":"<a href=\"https:\/\/contextoanalisisperiodistico.com\/index.php\/category\/politica\/\" rel=\"category tag\">Pol\u00edtica<\/a>","tag_info":"Pol\u00edtica","comment_count":"0","jetpack_featured_media_url":"https:\/\/contextoanalisisperiodistico.com\/wp-content\/uploads\/2024\/07\/IMG-20240712-WA0105.jpg","_links":{"self":[{"href":"https:\/\/contextoanalisisperiodistico.com\/index.php\/wp-json\/wp\/v2\/posts\/28881"}],"collection":[{"href":"https:\/\/contextoanalisisperiodistico.com\/index.php\/wp-json\/wp\/v2\/posts"}],"about":[{"href":"https:\/\/contextoanalisisperiodistico.com\/index.php\/wp-json\/wp\/v2\/types\/post"}],"author":[{"embeddable":true,"href":"https:\/\/contextoanalisisperiodistico.com\/index.php\/wp-json\/wp\/v2\/users\/4"}],"replies":[{"embeddable":true,"href":"https:\/\/contextoanalisisperiodistico.com\/index.php\/wp-json\/wp\/v2\/comments?post=28881"}],"version-history":[{"count":0,"href":"https:\/\/contextoanalisisperiodistico.com\/index.php\/wp-json\/wp\/v2\/posts\/28881\/revisions"}],"wp:featuredmedia":[{"embeddable":true,"href":"https:\/\/contextoanalisisperiodistico.com\/index.php\/wp-json\/wp\/v2\/media\/28877"}],"wp:attachment":[{"href":"https:\/\/contextoanalisisperiodistico.com\/index.php\/wp-json\/wp\/v2\/media?parent=28881"}],"wp:term":[{"taxonomy":"category","embeddable":true,"href":"https:\/\/contextoanalisisperiodistico.com\/index.php\/wp-json\/wp\/v2\/categories?post=28881"},{"taxonomy":"post_tag","embeddable":true,"href":"https:\/\/contextoanalisisperiodistico.com\/index.php\/wp-json\/wp\/v2\/tags?post=28881"}],"curies":[{"name":"wp","href":"https:\/\/api.w.org\/{rel}","templated":true}]}}