{"id":28876,"date":"2024-07-12T18:48:40","date_gmt":"2024-07-13T00:48:40","guid":{"rendered":"https:\/\/contextoanalisisperiodistico.com\/index.php\/2024\/07\/12\/condecora-ayuntamiento-capitalino-a-valentin-diez-morodo-como-visitante-distinguido\/"},"modified":"2024-07-12T18:48:40","modified_gmt":"2024-07-13T00:48:40","slug":"condecora-ayuntamiento-capitalino-a-valentin-diez-morodo-como-visitante-distinguido","status":"publish","type":"post","link":"https:\/\/contextoanalisisperiodistico.com\/index.php\/2024\/07\/12\/condecora-ayuntamiento-capitalino-a-valentin-diez-morodo-como-visitante-distinguido\/","title":{"rendered":"Condecora Ayuntamiento capitalino a Valent\u00edn Diez Morodo como \u201cVisitante Distinguido\u201d"},"content":{"rendered":"<div id=\"fb-root\"><\/div>\n\n<ul class=\"wp-block-list\">\n<li>Actualmente es Presidente del Consejo Directivo del Instituto Mexicano para la Competitividad.<\/li>\n<\/ul>\n\n\n\n<p><em>Oaxaca de Ju\u00e1rez, Oaxaca, a 12 de julio de 2024<\/em>.- Por su contribuci\u00f3n y aportes a la econom\u00eda nacional, el presidente municipal Francisco Mart\u00ednez Neri, hizo entrega del reconocimiento como \u201cVisitante Distinguido\u201d a Valent\u00edn Diez Morodo, Presidente del Consejo Empresarial Mexicano de Comercio Exterior, Inversi\u00f3n y Tecnolog\u00eda.<\/p>\n\n\n\n<p>En el Sal\u00f3n expresidentes, con la asistencia de personas empresarias, el edil capitalino destac\u00f3 el trabajo y el tiempo que don Valent\u00edn Diez Morodo ha dedicado en la construcci\u00f3n de mejores oportunidades para las y los mexicanos desde la iniciativa privada y a trav\u00e9s de las instituciones mexicanas.<\/p>\n\n\n\n<p>\u201cSean bienvenidas y bienvenidos como visitantes distinguidos a Oaxaca de Ju\u00e1rez, tierra que les entrega el coraz\u00f3n, enhorabuena\u201d, subray\u00f3 el Primer Concejal con la asistencia de Marina Ruiz Maza, esposa del condecorado.<\/p>\n\n\n\n<p>Abund\u00f3 que el reconocimiento \u201cVisitante Distinguido\u201d, busca hacer parte a las personas de la identidad que distingue a Oaxaca, tierra considerada como el coraz\u00f3n cultural de M\u00e9xico.<\/p>\n\n\n\n<p>\u201cEn Oaxaca anidan costumbres, leyendas, tradiciones, cultura que nos significa y que nos hace sentirnos muy orgullosos de formar parte de esta patria\u201d, concluy\u00f3 Francisco Mart\u00ednez Neri.<\/p>\n\n\n\n<p>Por otra parte, el tambi\u00e9n presidente del Consejo Consultivo del Instituto Mexicano para la Competitividad, Valent\u00edn Diez Morodo, mostr\u00f3 su benepl\u00e1cito al recibir la distinci\u00f3n y con ello, hacerlo parte de la cultura oaxaque\u00f1a.<\/p>\n\n\n\n<p>De acuerdo a datos biogr\u00e1ficos, Valent\u00edn Diez Morodo es Presidente del Consejo Consultivo de Grupo Modelo, parte de AB InBev, el grupo cervecero m\u00e1s grande del mundo.<\/p>\n\n\n\n<figure class=\"wp-block-image size-large\"><img fetchpriority=\"high\" decoding=\"async\" width=\"1024\" height=\"768\" src=\"https:\/\/contextoanalisisperiodistico.com\/wp-content\/uploads\/2024\/07\/img-20240712-wa01037172409268044865383-1024x768.jpg\" alt=\"\" class=\"wp-image-28875\" srcset=\"https:\/\/contextoanalisisperiodistico.com\/wp-content\/uploads\/2024\/07\/img-20240712-wa01037172409268044865383-1024x768.jpg 1024w, https:\/\/contextoanalisisperiodistico.com\/wp-content\/uploads\/2024\/07\/img-20240712-wa01037172409268044865383-300x225.jpg 300w, https:\/\/contextoanalisisperiodistico.com\/wp-content\/uploads\/2024\/07\/img-20240712-wa01037172409268044865383-768x576.jpg 768w, https:\/\/contextoanalisisperiodistico.com\/wp-content\/uploads\/2024\/07\/img-20240712-wa01037172409268044865383-1536x1152.jpg 1536w, https:\/\/contextoanalisisperiodistico.com\/wp-content\/uploads\/2024\/07\/img-20240712-wa01037172409268044865383.jpg 1600w\" sizes=\"(max-width: 1024px) 100vw, 1024px\" \/><\/figure>\n\n\n\n<figure class=\"wp-block-image\"><img decoding=\"async\" width=\"1024\" height=\"672\" src=\"https:\/\/contextoanalisisperiodistico.com\/wp-content\/uploads\/2024\/07\/img-20240712-wa01012225577948564554955-1024x672.jpg\" alt=\"\" class=\"wp-image-28873\" srcset=\"https:\/\/contextoanalisisperiodistico.com\/wp-content\/uploads\/2024\/07\/img-20240712-wa01012225577948564554955-1024x672.jpg 1024w, https:\/\/contextoanalisisperiodistico.com\/wp-content\/uploads\/2024\/07\/img-20240712-wa01012225577948564554955-300x197.jpg 300w, https:\/\/contextoanalisisperiodistico.com\/wp-content\/uploads\/2024\/07\/img-20240712-wa01012225577948564554955-768x504.jpg 768w, https:\/\/contextoanalisisperiodistico.com\/wp-content\/uploads\/2024\/07\/img-20240712-wa01012225577948564554955-1536x1008.jpg 1536w, https:\/\/contextoanalisisperiodistico.com\/wp-content\/uploads\/2024\/07\/img-20240712-wa01012225577948564554955.jpg 1600w\" sizes=\"(max-width: 1024px) 100vw, 1024px\" \/><\/figure>\n\n\n\n<figure class=\"wp-block-image\"><img decoding=\"async\" width=\"1024\" height=\"768\" src=\"https:\/\/contextoanalisisperiodistico.com\/wp-content\/uploads\/2024\/07\/img-20240712-wa0102221996926960213220-1024x768.jpg\" alt=\"\" class=\"wp-image-28874\" srcset=\"https:\/\/contextoanalisisperiodistico.com\/wp-content\/uploads\/2024\/07\/img-20240712-wa0102221996926960213220-1024x768.jpg 1024w, https:\/\/contextoanalisisperiodistico.com\/wp-content\/uploads\/2024\/07\/img-20240712-wa0102221996926960213220-300x225.jpg 300w, https:\/\/contextoanalisisperiodistico.com\/wp-content\/uploads\/2024\/07\/img-20240712-wa0102221996926960213220-768x576.jpg 768w, https:\/\/contextoanalisisperiodistico.com\/wp-content\/uploads\/2024\/07\/img-20240712-wa0102221996926960213220-1536x1152.jpg 1536w, https:\/\/contextoanalisisperiodistico.com\/wp-content\/uploads\/2024\/07\/img-20240712-wa0102221996926960213220.jpg 1600w\" sizes=\"(max-width: 1024px) 100vw, 1024px\" \/><\/figure>\n","protected":false},"excerpt":{"rendered":"<p>Oaxaca de Ju\u00e1rez, Oaxaca, a 12 de julio de 2024.- Por su contribuci\u00f3n y aportes&#8230;<\/p>\n","protected":false},"author":4,"featured_media":28872,"comment_status":"","ping_status":"open","sticky":false,"template":"","format":"standard","meta":{"footnotes":""},"categories":[9],"tags":[],"jetpack_sharing_enabled":true,"featured_image_urls":{"full":["https:\/\/contextoanalisisperiodistico.com\/wp-content\/uploads\/2024\/07\/IMG-20240712-WA0104.jpg",1600,1066,false],"thumbnail":["https:\/\/contextoanalisisperiodistico.com\/wp-content\/uploads\/2024\/07\/IMG-20240712-WA0104-150x150.jpg",150,150,true],"medium":["https:\/\/contextoanalisisperiodistico.com\/wp-content\/uploads\/2024\/07\/IMG-20240712-WA0104-300x200.jpg",300,200,true],"medium_large":["https:\/\/contextoanalisisperiodistico.com\/wp-content\/uploads\/2024\/07\/IMG-20240712-WA0104-768x512.jpg",640,427,true],"large":["https:\/\/contextoanalisisperiodistico.com\/wp-content\/uploads\/2024\/07\/IMG-20240712-WA0104-1024x682.jpg",640,426,true],"1536x1536":["https:\/\/contextoanalisisperiodistico.com\/wp-content\/uploads\/2024\/07\/IMG-20240712-WA0104-1536x1023.jpg",1536,1023,true],"2048x2048":["https:\/\/contextoanalisisperiodistico.com\/wp-content\/uploads\/2024\/07\/IMG-20240712-WA0104.jpg",1600,1066,false],"covernews-slider-full":["https:\/\/contextoanalisisperiodistico.com\/wp-content\/uploads\/2024\/07\/IMG-20240712-WA0104-1115x715.jpg",1115,715,true],"covernews-slider-center":["https:\/\/contextoanalisisperiodistico.com\/wp-content\/uploads\/2024\/07\/IMG-20240712-WA0104-800x500.jpg",800,500,true],"covernews-featured":["https:\/\/contextoanalisisperiodistico.com\/wp-content\/uploads\/2024\/07\/IMG-20240712-WA0104-1024x682.jpg",1024,682,true],"covernews-medium":["https:\/\/contextoanalisisperiodistico.com\/wp-content\/uploads\/2024\/07\/IMG-20240712-WA0104-540x340.jpg",540,340,true],"covernews-medium-square":["https:\/\/contextoanalisisperiodistico.com\/wp-content\/uploads\/2024\/07\/IMG-20240712-WA0104-400x250.jpg",400,250,true]},"author_info":{"display_name":"Mario Gir\u00f3n","author_link":"https:\/\/contextoanalisisperiodistico.com\/index.php\/author\/director\/"},"category_info":"<a href=\"https:\/\/contextoanalisisperiodistico.com\/index.php\/category\/politica\/\" rel=\"category tag\">Pol\u00edtica<\/a>","tag_info":"Pol\u00edtica","comment_count":"0","jetpack_featured_media_url":"https:\/\/contextoanalisisperiodistico.com\/wp-content\/uploads\/2024\/07\/IMG-20240712-WA0104.jpg","_links":{"self":[{"href":"https:\/\/contextoanalisisperiodistico.com\/index.php\/wp-json\/wp\/v2\/posts\/28876"}],"collection":[{"href":"https:\/\/contextoanalisisperiodistico.com\/index.php\/wp-json\/wp\/v2\/posts"}],"about":[{"href":"https:\/\/contextoanalisisperiodistico.com\/index.php\/wp-json\/wp\/v2\/types\/post"}],"author":[{"embeddable":true,"href":"https:\/\/contextoanalisisperiodistico.com\/index.php\/wp-json\/wp\/v2\/users\/4"}],"replies":[{"embeddable":true,"href":"https:\/\/contextoanalisisperiodistico.com\/index.php\/wp-json\/wp\/v2\/comments?post=28876"}],"version-history":[{"count":0,"href":"https:\/\/contextoanalisisperiodistico.com\/index.php\/wp-json\/wp\/v2\/posts\/28876\/revisions"}],"wp:featuredmedia":[{"embeddable":true,"href":"https:\/\/contextoanalisisperiodistico.com\/index.php\/wp-json\/wp\/v2\/media\/28872"}],"wp:attachment":[{"href":"https:\/\/contextoanalisisperiodistico.com\/index.php\/wp-json\/wp\/v2\/media?parent=28876"}],"wp:term":[{"taxonomy":"category","embeddable":true,"href":"https:\/\/contextoanalisisperiodistico.com\/index.php\/wp-json\/wp\/v2\/categories?post=28876"},{"taxonomy":"post_tag","embeddable":true,"href":"https:\/\/contextoanalisisperiodistico.com\/index.php\/wp-json\/wp\/v2\/tags?post=28876"}],"curies":[{"name":"wp","href":"https:\/\/api.w.org\/{rel}","templated":true}]}}