{"id":28859,"date":"2024-07-12T13:40:59","date_gmt":"2024-07-12T19:40:59","guid":{"rendered":"https:\/\/contextoanalisisperiodistico.com\/index.php\/2024\/07\/12\/inauguran-farmacia-bienestar-en-san-pedro-pochutla-para-brindar-servicios-medicos-gratuitos\/"},"modified":"2024-07-12T13:40:59","modified_gmt":"2024-07-12T19:40:59","slug":"inauguran-farmacia-bienestar-en-san-pedro-pochutla-para-brindar-servicios-medicos-gratuitos","status":"publish","type":"post","link":"https:\/\/contextoanalisisperiodistico.com\/index.php\/2024\/07\/12\/inauguran-farmacia-bienestar-en-san-pedro-pochutla-para-brindar-servicios-medicos-gratuitos\/","title":{"rendered":"Inauguran Farmacia Bienestar en San Pedro Pochutla para brindar servicios m\u00e9dicos gratuitos"},"content":{"rendered":"<div id=\"fb-root\"><\/div>\n\n<p>\u2022 En este marco, la Secretar\u00eda de Bienestar, Tequio e Inclusi\u00f3n tambi\u00e9n entreg\u00f3 600 tarjetas de este programa<\/p>\n\n\n\n<figure class=\"wp-block-image size-large\"><img fetchpriority=\"high\" decoding=\"async\" width=\"1024\" height=\"682\" src=\"https:\/\/contextoanalisisperiodistico.com\/wp-content\/uploads\/2024\/07\/img-20240712-wa00415049052316094239301-1024x682.jpg\" alt=\"\" class=\"wp-image-28858\" srcset=\"https:\/\/contextoanalisisperiodistico.com\/wp-content\/uploads\/2024\/07\/img-20240712-wa00415049052316094239301-1024x682.jpg 1024w, https:\/\/contextoanalisisperiodistico.com\/wp-content\/uploads\/2024\/07\/img-20240712-wa00415049052316094239301-300x200.jpg 300w, https:\/\/contextoanalisisperiodistico.com\/wp-content\/uploads\/2024\/07\/img-20240712-wa00415049052316094239301-768x512.jpg 768w, https:\/\/contextoanalisisperiodistico.com\/wp-content\/uploads\/2024\/07\/img-20240712-wa00415049052316094239301-1536x1023.jpg 1536w, https:\/\/contextoanalisisperiodistico.com\/wp-content\/uploads\/2024\/07\/img-20240712-wa00415049052316094239301.jpg 1600w\" sizes=\"(max-width: 1024px) 100vw, 1024px\" \/><\/figure>\n\n\n\n<figure class=\"wp-block-image\"><img decoding=\"async\" width=\"1024\" height=\"682\" src=\"https:\/\/contextoanalisisperiodistico.com\/wp-content\/uploads\/2024\/07\/img-20240712-wa00408927479125910812206-1024x682.jpg\" alt=\"\" class=\"wp-image-28857\" srcset=\"https:\/\/contextoanalisisperiodistico.com\/wp-content\/uploads\/2024\/07\/img-20240712-wa00408927479125910812206-1024x682.jpg 1024w, https:\/\/contextoanalisisperiodistico.com\/wp-content\/uploads\/2024\/07\/img-20240712-wa00408927479125910812206-300x200.jpg 300w, https:\/\/contextoanalisisperiodistico.com\/wp-content\/uploads\/2024\/07\/img-20240712-wa00408927479125910812206-768x512.jpg 768w, https:\/\/contextoanalisisperiodistico.com\/wp-content\/uploads\/2024\/07\/img-20240712-wa00408927479125910812206-1536x1023.jpg 1536w, https:\/\/contextoanalisisperiodistico.com\/wp-content\/uploads\/2024\/07\/img-20240712-wa00408927479125910812206.jpg 1600w\" sizes=\"(max-width: 1024px) 100vw, 1024px\" \/><\/figure>\n\n\n\n<p>San Pedro Pochutla, Oax. 12 de julio de 2024.- Para garantizar el derecho a los servicios de salud gratuitos, la Secretar\u00eda de Bienestar, Tequio e Inclusi\u00f3n (Sebienti) inaugur\u00f3 una nueva sucursal de Farmacias Bienestar y entreg\u00f3 tarjetas de este programa a personas beneficiarias de San Pedro Pochutla.<\/p>\n\n\n\n<p>La actividad encabezada por la titular de Sebienti Luz Alejandra Hern\u00e1ndez Rojas ofertar\u00e1 servicios m\u00e9dicos de primer nivel a trav\u00e9s del acceso gratuito a consultas m\u00e9dicas, revisi\u00f3n dental y ex\u00e1menes de la vista; as\u00ed como a tres medicamentos del cuadro b\u00e1sico de manera mensual y seis estudios de laboratorio del cuadro b\u00e1sico; dos pares de lentes graduados con hasta cuatro dioptr\u00edas al a\u00f1o en donde estos servicios ser\u00e1n totalmente gratuitos.<\/p>\n\n\n\n<p>Es de destacar que, con esta sucursal suman ya siete Farmacias Bienestar de las 11 que se abrir\u00e1n en toda la entidad durante los pr\u00f3ximos d\u00edas, lo que representa un apoyo a la econom\u00eda local de las familias coste\u00f1as.<\/p>\n\n\n\n<p>En este marco, tambi\u00e9n se entregaron un total de 600 tarjetas del programa. El objetivo principal es otorgar 110 mil pl\u00e1sticos en Oaxaca, multiplicados por cuatro integrantes afiliados de cada familia, a fin de mejorar la calidad de vida de la ciudadan\u00eda que no cuenta con seguro m\u00e9dico.<\/p>\n\n\n\n<p>Con este programa de atenci\u00f3n a la poblaci\u00f3n con carencia por acceso a los servicios de salud, el Gobierno de la Primavera Oaxaque\u00f1a contin\u00faa en la ruta para La Reparaci\u00f3n Hist\u00f3rica de los Pueblos a trav\u00e9s de las Pol\u00edticas de Bienestar Transformador.<br \/>-0-<\/p>\n","protected":false},"excerpt":{"rendered":"<p>\u2022 En este marco, la Secretar\u00eda de Bienestar, Tequio e Inclusi\u00f3n tambi\u00e9n entreg\u00f3 600 tarjetas&#8230;<\/p>\n","protected":false},"author":4,"featured_media":28856,"comment_status":"","ping_status":"open","sticky":false,"template":"","format":"standard","meta":{"footnotes":""},"categories":[9],"tags":[],"jetpack_sharing_enabled":true,"featured_image_urls":{"full":["https:\/\/contextoanalisisperiodistico.com\/wp-content\/uploads\/2024\/07\/IMG-20240712-WA0042.jpg",1600,1066,false],"thumbnail":["https:\/\/contextoanalisisperiodistico.com\/wp-content\/uploads\/2024\/07\/IMG-20240712-WA0042-150x150.jpg",150,150,true],"medium":["https:\/\/contextoanalisisperiodistico.com\/wp-content\/uploads\/2024\/07\/IMG-20240712-WA0042-300x200.jpg",300,200,true],"medium_large":["https:\/\/contextoanalisisperiodistico.com\/wp-content\/uploads\/2024\/07\/IMG-20240712-WA0042-768x512.jpg",640,427,true],"large":["https:\/\/contextoanalisisperiodistico.com\/wp-content\/uploads\/2024\/07\/IMG-20240712-WA0042-1024x682.jpg",640,426,true],"1536x1536":["https:\/\/contextoanalisisperiodistico.com\/wp-content\/uploads\/2024\/07\/IMG-20240712-WA0042-1536x1023.jpg",1536,1023,true],"2048x2048":["https:\/\/contextoanalisisperiodistico.com\/wp-content\/uploads\/2024\/07\/IMG-20240712-WA0042.jpg",1600,1066,false],"covernews-slider-full":["https:\/\/contextoanalisisperiodistico.com\/wp-content\/uploads\/2024\/07\/IMG-20240712-WA0042-1115x715.jpg",1115,715,true],"covernews-slider-center":["https:\/\/contextoanalisisperiodistico.com\/wp-content\/uploads\/2024\/07\/IMG-20240712-WA0042-800x500.jpg",800,500,true],"covernews-featured":["https:\/\/contextoanalisisperiodistico.com\/wp-content\/uploads\/2024\/07\/IMG-20240712-WA0042-1024x682.jpg",1024,682,true],"covernews-medium":["https:\/\/contextoanalisisperiodistico.com\/wp-content\/uploads\/2024\/07\/IMG-20240712-WA0042-540x340.jpg",540,340,true],"covernews-medium-square":["https:\/\/contextoanalisisperiodistico.com\/wp-content\/uploads\/2024\/07\/IMG-20240712-WA0042-400x250.jpg",400,250,true]},"author_info":{"display_name":"Mario Gir\u00f3n","author_link":"https:\/\/contextoanalisisperiodistico.com\/index.php\/author\/director\/"},"category_info":"<a href=\"https:\/\/contextoanalisisperiodistico.com\/index.php\/category\/politica\/\" rel=\"category tag\">Pol\u00edtica<\/a>","tag_info":"Pol\u00edtica","comment_count":"0","jetpack_featured_media_url":"https:\/\/contextoanalisisperiodistico.com\/wp-content\/uploads\/2024\/07\/IMG-20240712-WA0042.jpg","_links":{"self":[{"href":"https:\/\/contextoanalisisperiodistico.com\/index.php\/wp-json\/wp\/v2\/posts\/28859"}],"collection":[{"href":"https:\/\/contextoanalisisperiodistico.com\/index.php\/wp-json\/wp\/v2\/posts"}],"about":[{"href":"https:\/\/contextoanalisisperiodistico.com\/index.php\/wp-json\/wp\/v2\/types\/post"}],"author":[{"embeddable":true,"href":"https:\/\/contextoanalisisperiodistico.com\/index.php\/wp-json\/wp\/v2\/users\/4"}],"replies":[{"embeddable":true,"href":"https:\/\/contextoanalisisperiodistico.com\/index.php\/wp-json\/wp\/v2\/comments?post=28859"}],"version-history":[{"count":0,"href":"https:\/\/contextoanalisisperiodistico.com\/index.php\/wp-json\/wp\/v2\/posts\/28859\/revisions"}],"wp:featuredmedia":[{"embeddable":true,"href":"https:\/\/contextoanalisisperiodistico.com\/index.php\/wp-json\/wp\/v2\/media\/28856"}],"wp:attachment":[{"href":"https:\/\/contextoanalisisperiodistico.com\/index.php\/wp-json\/wp\/v2\/media?parent=28859"}],"wp:term":[{"taxonomy":"category","embeddable":true,"href":"https:\/\/contextoanalisisperiodistico.com\/index.php\/wp-json\/wp\/v2\/categories?post=28859"},{"taxonomy":"post_tag","embeddable":true,"href":"https:\/\/contextoanalisisperiodistico.com\/index.php\/wp-json\/wp\/v2\/tags?post=28859"}],"curies":[{"name":"wp","href":"https:\/\/api.w.org\/{rel}","templated":true}]}}