{"id":28855,"date":"2024-07-12T13:38:26","date_gmt":"2024-07-12T19:38:26","guid":{"rendered":"https:\/\/contextoanalisisperiodistico.com\/index.php\/2024\/07\/12\/capacita-sefader-a-productores-de-maiz-en-san-pedro-taviche\/"},"modified":"2024-07-12T13:38:26","modified_gmt":"2024-07-12T19:38:26","slug":"capacita-sefader-a-productores-de-maiz-en-san-pedro-taviche","status":"publish","type":"post","link":"https:\/\/contextoanalisisperiodistico.com\/index.php\/2024\/07\/12\/capacita-sefader-a-productores-de-maiz-en-san-pedro-taviche\/","title":{"rendered":"Capacita Sefader a productores de ma\u00edz en San Pedro Taviche"},"content":{"rendered":"<div id=\"fb-root\"><\/div>\n\n<p>\u2022 Ense\u00f1an a utilizar productos amigables con el medio ambiente, aumentando as\u00ed la producci\u00f3n del grano<\/p>\n\n\n\n<figure class=\"wp-block-image size-large\"><img fetchpriority=\"high\" decoding=\"async\" width=\"1024\" height=\"682\" src=\"https:\/\/contextoanalisisperiodistico.com\/wp-content\/uploads\/2024\/07\/img-20240712-wa00587158451701096792109-1024x682.jpg\" alt=\"\" class=\"wp-image-28851\" srcset=\"https:\/\/contextoanalisisperiodistico.com\/wp-content\/uploads\/2024\/07\/img-20240712-wa00587158451701096792109-1024x682.jpg 1024w, https:\/\/contextoanalisisperiodistico.com\/wp-content\/uploads\/2024\/07\/img-20240712-wa00587158451701096792109-300x200.jpg 300w, https:\/\/contextoanalisisperiodistico.com\/wp-content\/uploads\/2024\/07\/img-20240712-wa00587158451701096792109-768x512.jpg 768w, https:\/\/contextoanalisisperiodistico.com\/wp-content\/uploads\/2024\/07\/img-20240712-wa00587158451701096792109-1536x1023.jpg 1536w, https:\/\/contextoanalisisperiodistico.com\/wp-content\/uploads\/2024\/07\/img-20240712-wa00587158451701096792109.jpg 1600w\" sizes=\"(max-width: 1024px) 100vw, 1024px\" \/><\/figure>\n\n\n\n<figure class=\"wp-block-image\"><img decoding=\"async\" width=\"1024\" height=\"682\" src=\"https:\/\/contextoanalisisperiodistico.com\/wp-content\/uploads\/2024\/07\/img-20240712-wa00623251100448634041242-1024x682.jpg\" alt=\"\" class=\"wp-image-28853\" srcset=\"https:\/\/contextoanalisisperiodistico.com\/wp-content\/uploads\/2024\/07\/img-20240712-wa00623251100448634041242-1024x682.jpg 1024w, https:\/\/contextoanalisisperiodistico.com\/wp-content\/uploads\/2024\/07\/img-20240712-wa00623251100448634041242-300x200.jpg 300w, https:\/\/contextoanalisisperiodistico.com\/wp-content\/uploads\/2024\/07\/img-20240712-wa00623251100448634041242-768x512.jpg 768w, https:\/\/contextoanalisisperiodistico.com\/wp-content\/uploads\/2024\/07\/img-20240712-wa00623251100448634041242-1536x1023.jpg 1536w, https:\/\/contextoanalisisperiodistico.com\/wp-content\/uploads\/2024\/07\/img-20240712-wa00623251100448634041242.jpg 1600w\" sizes=\"(max-width: 1024px) 100vw, 1024px\" \/><\/figure>\n\n\n\n<figure class=\"wp-block-image\"><img decoding=\"async\" width=\"1024\" height=\"682\" src=\"https:\/\/contextoanalisisperiodistico.com\/wp-content\/uploads\/2024\/07\/img-20240712-wa00598265034877421893117-1024x682.jpg\" alt=\"\" class=\"wp-image-28854\" srcset=\"https:\/\/contextoanalisisperiodistico.com\/wp-content\/uploads\/2024\/07\/img-20240712-wa00598265034877421893117-1024x682.jpg 1024w, https:\/\/contextoanalisisperiodistico.com\/wp-content\/uploads\/2024\/07\/img-20240712-wa00598265034877421893117-300x200.jpg 300w, https:\/\/contextoanalisisperiodistico.com\/wp-content\/uploads\/2024\/07\/img-20240712-wa00598265034877421893117-768x512.jpg 768w, https:\/\/contextoanalisisperiodistico.com\/wp-content\/uploads\/2024\/07\/img-20240712-wa00598265034877421893117-1536x1023.jpg 1536w, https:\/\/contextoanalisisperiodistico.com\/wp-content\/uploads\/2024\/07\/img-20240712-wa00598265034877421893117.jpg 1600w\" sizes=\"(max-width: 1024px) 100vw, 1024px\" \/><\/figure>\n\n\n\n<figure class=\"wp-block-image\"><img loading=\"lazy\" decoding=\"async\" width=\"1024\" height=\"682\" src=\"https:\/\/contextoanalisisperiodistico.com\/wp-content\/uploads\/2024\/07\/img-20240712-wa00601880418820846457690-1024x682.jpg\" alt=\"\" class=\"wp-image-28852\" srcset=\"https:\/\/contextoanalisisperiodistico.com\/wp-content\/uploads\/2024\/07\/img-20240712-wa00601880418820846457690-1024x682.jpg 1024w, https:\/\/contextoanalisisperiodistico.com\/wp-content\/uploads\/2024\/07\/img-20240712-wa00601880418820846457690-300x200.jpg 300w, https:\/\/contextoanalisisperiodistico.com\/wp-content\/uploads\/2024\/07\/img-20240712-wa00601880418820846457690-768x512.jpg 768w, https:\/\/contextoanalisisperiodistico.com\/wp-content\/uploads\/2024\/07\/img-20240712-wa00601880418820846457690-1536x1023.jpg 1536w, https:\/\/contextoanalisisperiodistico.com\/wp-content\/uploads\/2024\/07\/img-20240712-wa00601880418820846457690.jpg 1600w\" sizes=\"(max-width: 1024px) 100vw, 1024px\" \/><\/figure>\n\n\n\n<p>San Pedro Taviche, Oax. 12 de julio de 2024.- La Secretar\u00eda de Fomento Agroalimentario y Desarrollo Rural (Sefader) capacit\u00f3 a 31 personas productoras de ma\u00edz criollo y nativo, en el municipio de San Pedro Taviche de la regi\u00f3n Valles Centrales.<\/p>\n\n\n\n<p>Lo anterior en el marco del programa Autosuficiencia Alimentaria cuyo objetivo es que las y los participantes aprendan a inocular semillas para la siembra del ciclo primavera-verano 2024 y contribuir significativamente a la seguridad alimentaria de oaxaque\u00f1as y oaxaque\u00f1os.<\/p>\n\n\n\n<p>Cabe destacar que con estas pr\u00e1cticas agr\u00edcolas se mejora la salud y el crecimiento de las plantas, as\u00ed como el rendimiento de los cultivos.<\/p>\n\n\n\n<p>Durante la actividad, en la que tambi\u00e9n participaron asistentes de una capacitaci\u00f3n te\u00f3rica-pr\u00e1ctica en la siembra tradicional con ma\u00edz previamente inoculado, la coordinadora de t\u00e9cnicos de Autosuficiencia Alimentaria de Valles Centrales de la Sedafer Sandra Basurto, explic\u00f3 que el Gobierno Estatal evita el uso de transg\u00e9nicos y productos qu\u00edmicos que da\u00f1an al medio ambiente.<\/p>\n\n\n\n<p>Por ello, la dependencia entreg\u00f3 bioinsumos amigables, como el Bio Germinax que es un inoculante org\u00e1nico y Tricho King que es un biofungicida para proteger la milpa de enfermedades causadas por hongos. Con esta acci\u00f3n las semillas desarrollar\u00e1n un sistema de ra\u00edces m\u00e1s fuerte y lograr\u00e1n fijar el nitr\u00f3geno que requieran las plantas.<\/p>\n\n\n\n<p>La Primavera Oaxaque\u00f1a trabaja para lograr La Construcci\u00f3n de las Bases para el Desarrollo Integral y Sustentable de las ocho regiones de Oaxaca.<br \/>-0-<\/p>\n","protected":false},"excerpt":{"rendered":"<p>\u2022 Ense\u00f1an a utilizar productos amigables con el medio ambiente, aumentando as\u00ed la producci\u00f3n del&#8230;<\/p>\n","protected":false},"author":4,"featured_media":28850,"comment_status":"","ping_status":"open","sticky":false,"template":"","format":"standard","meta":{"footnotes":""},"categories":[9],"tags":[],"jetpack_sharing_enabled":true,"featured_image_urls":{"full":["https:\/\/contextoanalisisperiodistico.com\/wp-content\/uploads\/2024\/07\/IMG-20240712-WA0061.jpg",1600,1066,false],"thumbnail":["https:\/\/contextoanalisisperiodistico.com\/wp-content\/uploads\/2024\/07\/IMG-20240712-WA0061-150x150.jpg",150,150,true],"medium":["https:\/\/contextoanalisisperiodistico.com\/wp-content\/uploads\/2024\/07\/IMG-20240712-WA0061-300x200.jpg",300,200,true],"medium_large":["https:\/\/contextoanalisisperiodistico.com\/wp-content\/uploads\/2024\/07\/IMG-20240712-WA0061-768x512.jpg",640,427,true],"large":["https:\/\/contextoanalisisperiodistico.com\/wp-content\/uploads\/2024\/07\/IMG-20240712-WA0061-1024x682.jpg",640,426,true],"1536x1536":["https:\/\/contextoanalisisperiodistico.com\/wp-content\/uploads\/2024\/07\/IMG-20240712-WA0061-1536x1023.jpg",1536,1023,true],"2048x2048":["https:\/\/contextoanalisisperiodistico.com\/wp-content\/uploads\/2024\/07\/IMG-20240712-WA0061.jpg",1600,1066,false],"covernews-slider-full":["https:\/\/contextoanalisisperiodistico.com\/wp-content\/uploads\/2024\/07\/IMG-20240712-WA0061-1115x715.jpg",1115,715,true],"covernews-slider-center":["https:\/\/contextoanalisisperiodistico.com\/wp-content\/uploads\/2024\/07\/IMG-20240712-WA0061-800x500.jpg",800,500,true],"covernews-featured":["https:\/\/contextoanalisisperiodistico.com\/wp-content\/uploads\/2024\/07\/IMG-20240712-WA0061-1024x682.jpg",1024,682,true],"covernews-medium":["https:\/\/contextoanalisisperiodistico.com\/wp-content\/uploads\/2024\/07\/IMG-20240712-WA0061-540x340.jpg",540,340,true],"covernews-medium-square":["https:\/\/contextoanalisisperiodistico.com\/wp-content\/uploads\/2024\/07\/IMG-20240712-WA0061-400x250.jpg",400,250,true]},"author_info":{"display_name":"Mario Gir\u00f3n","author_link":"https:\/\/contextoanalisisperiodistico.com\/index.php\/author\/director\/"},"category_info":"<a href=\"https:\/\/contextoanalisisperiodistico.com\/index.php\/category\/politica\/\" rel=\"category tag\">Pol\u00edtica<\/a>","tag_info":"Pol\u00edtica","comment_count":"0","jetpack_featured_media_url":"https:\/\/contextoanalisisperiodistico.com\/wp-content\/uploads\/2024\/07\/IMG-20240712-WA0061.jpg","_links":{"self":[{"href":"https:\/\/contextoanalisisperiodistico.com\/index.php\/wp-json\/wp\/v2\/posts\/28855"}],"collection":[{"href":"https:\/\/contextoanalisisperiodistico.com\/index.php\/wp-json\/wp\/v2\/posts"}],"about":[{"href":"https:\/\/contextoanalisisperiodistico.com\/index.php\/wp-json\/wp\/v2\/types\/post"}],"author":[{"embeddable":true,"href":"https:\/\/contextoanalisisperiodistico.com\/index.php\/wp-json\/wp\/v2\/users\/4"}],"replies":[{"embeddable":true,"href":"https:\/\/contextoanalisisperiodistico.com\/index.php\/wp-json\/wp\/v2\/comments?post=28855"}],"version-history":[{"count":0,"href":"https:\/\/contextoanalisisperiodistico.com\/index.php\/wp-json\/wp\/v2\/posts\/28855\/revisions"}],"wp:featuredmedia":[{"embeddable":true,"href":"https:\/\/contextoanalisisperiodistico.com\/index.php\/wp-json\/wp\/v2\/media\/28850"}],"wp:attachment":[{"href":"https:\/\/contextoanalisisperiodistico.com\/index.php\/wp-json\/wp\/v2\/media?parent=28855"}],"wp:term":[{"taxonomy":"category","embeddable":true,"href":"https:\/\/contextoanalisisperiodistico.com\/index.php\/wp-json\/wp\/v2\/categories?post=28855"},{"taxonomy":"post_tag","embeddable":true,"href":"https:\/\/contextoanalisisperiodistico.com\/index.php\/wp-json\/wp\/v2\/tags?post=28855"}],"curies":[{"name":"wp","href":"https:\/\/api.w.org\/{rel}","templated":true}]}}