{"id":28834,"date":"2024-07-11T22:33:06","date_gmt":"2024-07-12T04:33:06","guid":{"rendered":"https:\/\/contextoanalisisperiodistico.com\/index.php\/2024\/07\/11\/estrecha-colaboracion-entre-municipio-capitalino-y-servicios-de-salud-contra-el-dengue\/"},"modified":"2024-07-11T22:33:06","modified_gmt":"2024-07-12T04:33:06","slug":"estrecha-colaboracion-entre-municipio-capitalino-y-servicios-de-salud-contra-el-dengue","status":"publish","type":"post","link":"https:\/\/contextoanalisisperiodistico.com\/index.php\/2024\/07\/11\/estrecha-colaboracion-entre-municipio-capitalino-y-servicios-de-salud-contra-el-dengue\/","title":{"rendered":"Estrecha colaboraci\u00f3n entre Municipio capitalino y Servicios de Salud contra el Dengue"},"content":{"rendered":"<div id=\"fb-root\"><\/div>\n\n<p class=\"MsoNormal\"><em>&#8211; Recomienda Ayuntamiento capitalino abrir puertas y ventanas durante jornadas de nebulizaci\u00f3n contra el dengue<\/em><\/p>\n\n\n\n<p class=\"MsoNormal\"><em>\u00a0<\/em><strong>Oaxaca de Ju\u00e1rez, Oaxaca, a 11 de julio de 2024.-<\/strong>\u00a0El Ayuntamiento capitalino colabora estrechamente con el Gobierno del Estado a trav\u00e9s de los Servicios de Salud para posibilitar las labores de prevenci\u00f3n contra enfermedades transmitidas por vectores, a trav\u00e9s del Programa de Nebulizaciones en Oaxaca de Ju\u00e1rez.<\/p>\n\n\n\n<figure class=\"wp-block-image size-large\"><img fetchpriority=\"high\" decoding=\"async\" width=\"911\" height=\"535\" src=\"https:\/\/contextoanalisisperiodistico.com\/wp-content\/uploads\/2024\/07\/neb24197749107293239238.jpeg\" alt=\"\" class=\"wp-image-28831\" srcset=\"https:\/\/contextoanalisisperiodistico.com\/wp-content\/uploads\/2024\/07\/neb24197749107293239238.jpeg 911w, https:\/\/contextoanalisisperiodistico.com\/wp-content\/uploads\/2024\/07\/neb24197749107293239238-300x176.jpeg 300w, https:\/\/contextoanalisisperiodistico.com\/wp-content\/uploads\/2024\/07\/neb24197749107293239238-768x451.jpeg 768w\" sizes=\"(max-width: 911px) 100vw, 911px\" \/><\/figure>\n\n\n\n<figure class=\"wp-block-image\"><img decoding=\"async\" width=\"1003\" height=\"1024\" src=\"https:\/\/contextoanalisisperiodistico.com\/wp-content\/uploads\/2024\/07\/neb33783100130407645638-1003x1024.jpeg\" alt=\"\" class=\"wp-image-28833\" srcset=\"https:\/\/contextoanalisisperiodistico.com\/wp-content\/uploads\/2024\/07\/neb33783100130407645638-1003x1024.jpeg 1003w, https:\/\/contextoanalisisperiodistico.com\/wp-content\/uploads\/2024\/07\/neb33783100130407645638-294x300.jpeg 294w, https:\/\/contextoanalisisperiodistico.com\/wp-content\/uploads\/2024\/07\/neb33783100130407645638-768x784.jpeg 768w, https:\/\/contextoanalisisperiodistico.com\/wp-content\/uploads\/2024\/07\/neb33783100130407645638-1024x1045.jpeg 1024w, https:\/\/contextoanalisisperiodistico.com\/wp-content\/uploads\/2024\/07\/neb33783100130407645638.jpeg 1200w\" sizes=\"(max-width: 1003px) 100vw, 1003px\" \/><\/figure>\n\n\n\n<figure class=\"wp-block-image\"><img decoding=\"async\" width=\"971\" height=\"1024\" src=\"https:\/\/contextoanalisisperiodistico.com\/wp-content\/uploads\/2024\/07\/neb49046075557372213010-971x1024.jpeg\" alt=\"\" class=\"wp-image-28832\" srcset=\"https:\/\/contextoanalisisperiodistico.com\/wp-content\/uploads\/2024\/07\/neb49046075557372213010-971x1024.jpeg 971w, https:\/\/contextoanalisisperiodistico.com\/wp-content\/uploads\/2024\/07\/neb49046075557372213010-284x300.jpeg 284w, https:\/\/contextoanalisisperiodistico.com\/wp-content\/uploads\/2024\/07\/neb49046075557372213010-768x810.jpeg 768w, https:\/\/contextoanalisisperiodistico.com\/wp-content\/uploads\/2024\/07\/neb49046075557372213010-1024x1080.jpeg 1024w, https:\/\/contextoanalisisperiodistico.com\/wp-content\/uploads\/2024\/07\/neb49046075557372213010.jpeg 1200w\" sizes=\"(max-width: 971px) 100vw, 971px\" \/><\/figure>\n\n\n\n<p class=\"MsoNormal\">&nbsp;<\/p>\n\n\n\n<p class=\"MsoNormal\">As\u00ed pues la Secretar\u00eda de Salud en colaboraci\u00f3n con el gobierno municipal efectu\u00f3 de manera intensiva este 10 de julio actividades de rociado con m\u00e1quinas pesadas en 76 colonias de la ciudad.<\/p>\n\n\n\n<p class=\"MsoNormal\">&nbsp;<\/p>\n\n\n\n<p class=\"MsoNormal\">En ese contexto, autoridades municipales y estatales recomiendan a la ciudadan\u00eda abrir puertas y ventanas durante las acciones de nebulizaci\u00f3n que se emprenden en la capital oaxaque\u00f1a, con el objetivo de fortalecer las tareas preventivas y eliminar al zancudo.<\/p>\n\n\n\n<p class=\"MsoNormal\">&nbsp;<\/p>\n\n\n\n<p class=\"MsoNormal\">Entre las zonas que ya han sido intervenidas se encuentra: La Noria, el Ex Marquezado, Faldas del Fort\u00edn, El Mirador, Azucenas, Victoria, Lomas de la Azucena, Guelaguetza, Luis Jim\u00e9nez Figueroa, El Encinal, Lomas de La Cascada, Hacienda y Trinidad de las Huertas.<\/p>\n\n\n\n<p class=\"MsoNormal\">&nbsp;<\/p>\n\n\n\n<p class=\"MsoNormal\">As\u00ed como en, M\u00e1rtires de Tacubaya, Manuel Sabino Crespo, Aurora, ISSSTE, Pozas Arcas, El Papayo, La Loma, El Chopo, entre otras.<\/p>\n\n\n\n<p class=\"MsoNormal\">&nbsp;<\/p>\n\n\n\n<p class=\"MsoNormal\">Actualmente, se da atenci\u00f3n a Pueblo Nuevo, Lomas Panor\u00e1micas, Vista Hermosa, colonia del Maestro, la Soledad, Solidaridad, 10 de abril, Bugambilias, Hoteleros, Tulipanes, Sauces, Educaci\u00f3n, Santa Rosa Panzacola, Ex Hacienda Santa Rosa, Santa Mar\u00eda Ay\u00fa, Cuauht\u00e9moc y el Fraccionamiento Elsa.<\/p>\n\n\n\n<p class=\"MsoNormal\">&nbsp;<\/p>\n\n\n\n<p class=\"MsoNormal\">Adem\u00e1s del Fraccionamiento Popular, Guadalupe Victoria, Adolfo L\u00f3pez Mateos, San Francisco, Guadalupe Victoria 2da Secci\u00f3n, Lomas de Xochimilco, Microondas, M\u00e1rtires de R\u00edo Blanco, Reforma, Uni\u00f3n y Progreso, Am\u00e9rica Norte, Jalatlaco, Am\u00e9rica Sur, Morelos, Calzada de la Rep\u00fablica, Postal, Independencia y Jos\u00e9 Vasconcelos.<\/p>\n\n\n\n<p class=\"MsoNormal\">&nbsp;<\/p>\n\n\n\n<p class=\"MsoNormal\">Continuar\u00e1n en la colonia Obrera, San Jos\u00e9 La Noria, los fraccionamientos Trinidad de las Huertas y Lomas de Antequera, Linda Vista, Villa del Marquez,&nbsp; Ni\u00f1os H\u00e9roes, Los Pinos, Margaritas, Santa Mar\u00eda, Ojito de Agua, Candiani, Vicente Su\u00e1rez, La Cieneguita, del Periodista, Sat\u00e9lite, Uni\u00f3n, Ex Marquezado, Flavio P\u00e9rez Gazga y Loma de Antequera.<\/p>\n\n\n\n<p class=\"MsoNormal\">&nbsp;<\/p>\n\n\n\n<p class=\"MsoNormal\">Por \u00faltimo se intervendr\u00e1 el Fraccionamiento Valle Esmeralda, El Arenal, Real Candiani, Plaza del Valle, Francisco I. Madero, Libertad, Modelo, Benito Ju\u00e1rez, Lomas de San Jacinto, Cinco Se\u00f1ores, Guadalupe Victoria, Estrella, Ejidal, Providencia, Buena Vista, Brenamiel, Ojo de Agua, Ex Hacienda Candiani, Santo Tom\u00e1s y Los Encinos.&nbsp;<\/p>\n\n\n\n<p class=\"MsoNormal\">&nbsp;<\/p>\n\n\n\n<p class=\"MsoNormal\">Cabe se\u00f1alar que, los trabajos de nebulizaci\u00f3n realizados por el Departamento de Vectores de la SSO podr\u00edan ser suspendidos debido a condiciones clim\u00e1ticas que no favorecen el rociado espacial del producto.<\/p>\n\n\n\n<p class=\"MsoNormal\">&nbsp;<\/p>\n\n\n\n<p class=\"MsoNormal\">Es importante puntualizar a la ciudadan\u00eda que las nebulizaciones que combaten el dengue y otras enfermedades transmitidas por vectores, no afectan a los animales de compa\u00f1\u00eda ni al medio ambiente.<\/p>\n\n\n\n<p class=\"MsoNormal\">&nbsp;<\/p>\n\n\n\n<p class=\"MsoNormal\">Por \u00faltimo, el Ayuntamiento de Oaxaca de Ju\u00e1rez exhorta a las y los capitalinos a mantener acciones preventivas de lavar, voltear, tapar y tirar recipientes que propician la reproducci\u00f3n de los zancudos, as\u00ed como permitir a los brigadistas municipales que todos los d\u00edas recorren casa por por casa, la colocaci\u00f3n de larvicida en dep\u00f3sitos de agua para eliminar larvas y pupas del mosco.<\/p>\n","protected":false},"excerpt":{"rendered":"<p>&#8211; Recomienda Ayuntamiento capitalino abrir puertas y ventanas durante jornadas de nebulizaci\u00f3n contra el dengue&#8230;<\/p>\n","protected":false},"author":4,"featured_media":28830,"comment_status":"","ping_status":"open","sticky":false,"template":"","format":"standard","meta":{"footnotes":""},"categories":[9],"tags":[],"jetpack_sharing_enabled":true,"featured_image_urls":{"full":["https:\/\/contextoanalisisperiodistico.com\/wp-content\/uploads\/2024\/07\/1000084531.jpg",1280,1056,false],"thumbnail":["https:\/\/contextoanalisisperiodistico.com\/wp-content\/uploads\/2024\/07\/1000084531-150x150.jpg",150,150,true],"medium":["https:\/\/contextoanalisisperiodistico.com\/wp-content\/uploads\/2024\/07\/1000084531-300x248.jpg",300,248,true],"medium_large":["https:\/\/contextoanalisisperiodistico.com\/wp-content\/uploads\/2024\/07\/1000084531-768x634.jpg",640,528,true],"large":["https:\/\/contextoanalisisperiodistico.com\/wp-content\/uploads\/2024\/07\/1000084531-1024x845.jpg",640,528,true],"1536x1536":["https:\/\/contextoanalisisperiodistico.com\/wp-content\/uploads\/2024\/07\/1000084531.jpg",1280,1056,false],"2048x2048":["https:\/\/contextoanalisisperiodistico.com\/wp-content\/uploads\/2024\/07\/1000084531.jpg",1280,1056,false],"covernews-slider-full":["https:\/\/contextoanalisisperiodistico.com\/wp-content\/uploads\/2024\/07\/1000084531-1115x715.jpg",1115,715,true],"covernews-slider-center":["https:\/\/contextoanalisisperiodistico.com\/wp-content\/uploads\/2024\/07\/1000084531-800x500.jpg",800,500,true],"covernews-featured":["https:\/\/contextoanalisisperiodistico.com\/wp-content\/uploads\/2024\/07\/1000084531-1024x845.jpg",1024,845,true],"covernews-medium":["https:\/\/contextoanalisisperiodistico.com\/wp-content\/uploads\/2024\/07\/1000084531-540x340.jpg",540,340,true],"covernews-medium-square":["https:\/\/contextoanalisisperiodistico.com\/wp-content\/uploads\/2024\/07\/1000084531-400x250.jpg",400,250,true]},"author_info":{"display_name":"Mario Gir\u00f3n","author_link":"https:\/\/contextoanalisisperiodistico.com\/index.php\/author\/director\/"},"category_info":"<a href=\"https:\/\/contextoanalisisperiodistico.com\/index.php\/category\/politica\/\" rel=\"category tag\">Pol\u00edtica<\/a>","tag_info":"Pol\u00edtica","comment_count":"0","jetpack_featured_media_url":"https:\/\/contextoanalisisperiodistico.com\/wp-content\/uploads\/2024\/07\/1000084531.jpg","_links":{"self":[{"href":"https:\/\/contextoanalisisperiodistico.com\/index.php\/wp-json\/wp\/v2\/posts\/28834"}],"collection":[{"href":"https:\/\/contextoanalisisperiodistico.com\/index.php\/wp-json\/wp\/v2\/posts"}],"about":[{"href":"https:\/\/contextoanalisisperiodistico.com\/index.php\/wp-json\/wp\/v2\/types\/post"}],"author":[{"embeddable":true,"href":"https:\/\/contextoanalisisperiodistico.com\/index.php\/wp-json\/wp\/v2\/users\/4"}],"replies":[{"embeddable":true,"href":"https:\/\/contextoanalisisperiodistico.com\/index.php\/wp-json\/wp\/v2\/comments?post=28834"}],"version-history":[{"count":0,"href":"https:\/\/contextoanalisisperiodistico.com\/index.php\/wp-json\/wp\/v2\/posts\/28834\/revisions"}],"wp:featuredmedia":[{"embeddable":true,"href":"https:\/\/contextoanalisisperiodistico.com\/index.php\/wp-json\/wp\/v2\/media\/28830"}],"wp:attachment":[{"href":"https:\/\/contextoanalisisperiodistico.com\/index.php\/wp-json\/wp\/v2\/media?parent=28834"}],"wp:term":[{"taxonomy":"category","embeddable":true,"href":"https:\/\/contextoanalisisperiodistico.com\/index.php\/wp-json\/wp\/v2\/categories?post=28834"},{"taxonomy":"post_tag","embeddable":true,"href":"https:\/\/contextoanalisisperiodistico.com\/index.php\/wp-json\/wp\/v2\/tags?post=28834"}],"curies":[{"name":"wp","href":"https:\/\/api.w.org\/{rel}","templated":true}]}}