{"id":28829,"date":"2024-07-11T22:23:35","date_gmt":"2024-07-12T04:23:35","guid":{"rendered":"https:\/\/contextoanalisisperiodistico.com\/index.php\/2024\/07\/11\/con-mas-de-27-mdp-gobierno-de-oaxaca-impulsa-la-transformacion-de-san-agustin-chayuco\/"},"modified":"2024-07-11T22:23:35","modified_gmt":"2024-07-12T04:23:35","slug":"con-mas-de-27-mdp-gobierno-de-oaxaca-impulsa-la-transformacion-de-san-agustin-chayuco","status":"publish","type":"post","link":"https:\/\/contextoanalisisperiodistico.com\/index.php\/2024\/07\/11\/con-mas-de-27-mdp-gobierno-de-oaxaca-impulsa-la-transformacion-de-san-agustin-chayuco\/","title":{"rendered":"Con m\u00e1s de 27 mdp Gobierno de Oaxaca impulsa la transformaci\u00f3n de San Agust\u00edn Chayuco"},"content":{"rendered":"<div id=\"fb-root\"><\/div>\n\n<p>\u2022 Construcci\u00f3n de caminos, fortalecimiento de los planteles educativos y al sector salud, fueron los principales apoyos<\/p>\n\n\n\n<figure class=\"wp-block-image size-large\"><img fetchpriority=\"high\" decoding=\"async\" width=\"1024\" height=\"682\" src=\"https:\/\/contextoanalisisperiodistico.com\/wp-content\/uploads\/2024\/07\/img-20240711-wa01336954815579199769437-1024x682.jpg\" alt=\"\" class=\"wp-image-28828\" srcset=\"https:\/\/contextoanalisisperiodistico.com\/wp-content\/uploads\/2024\/07\/img-20240711-wa01336954815579199769437-1024x682.jpg 1024w, https:\/\/contextoanalisisperiodistico.com\/wp-content\/uploads\/2024\/07\/img-20240711-wa01336954815579199769437-300x200.jpg 300w, https:\/\/contextoanalisisperiodistico.com\/wp-content\/uploads\/2024\/07\/img-20240711-wa01336954815579199769437-768x512.jpg 768w, https:\/\/contextoanalisisperiodistico.com\/wp-content\/uploads\/2024\/07\/img-20240711-wa01336954815579199769437-1536x1023.jpg 1536w, https:\/\/contextoanalisisperiodistico.com\/wp-content\/uploads\/2024\/07\/img-20240711-wa01336954815579199769437.jpg 1600w\" sizes=\"(max-width: 1024px) 100vw, 1024px\" \/><\/figure>\n\n\n\n<figure class=\"wp-block-image\"><img decoding=\"async\" width=\"300\" height=\"200\" src=\"https:\/\/contextoanalisisperiodistico.com\/wp-content\/uploads\/2024\/07\/img-20240711-wa01323809564046903062783-300x200.jpg\" alt=\"\" class=\"wp-image-28825\" srcset=\"https:\/\/contextoanalisisperiodistico.com\/wp-content\/uploads\/2024\/07\/img-20240711-wa01323809564046903062783-300x200.jpg 300w, https:\/\/contextoanalisisperiodistico.com\/wp-content\/uploads\/2024\/07\/img-20240711-wa01323809564046903062783-768x512.jpg 768w, https:\/\/contextoanalisisperiodistico.com\/wp-content\/uploads\/2024\/07\/img-20240711-wa01323809564046903062783.jpg 800w\" sizes=\"(max-width: 300px) 100vw, 300px\" \/><\/figure>\n\n\n\n<figure class=\"wp-block-image\"><img decoding=\"async\" width=\"300\" height=\"200\" src=\"https:\/\/contextoanalisisperiodistico.com\/wp-content\/uploads\/2024\/07\/img-20240711-wa01369200956851621250873-300x200.jpg\" alt=\"\" class=\"wp-image-28826\" srcset=\"https:\/\/contextoanalisisperiodistico.com\/wp-content\/uploads\/2024\/07\/img-20240711-wa01369200956851621250873-300x200.jpg 300w, https:\/\/contextoanalisisperiodistico.com\/wp-content\/uploads\/2024\/07\/img-20240711-wa01369200956851621250873-768x512.jpg 768w, https:\/\/contextoanalisisperiodistico.com\/wp-content\/uploads\/2024\/07\/img-20240711-wa01369200956851621250873.jpg 800w\" sizes=\"(max-width: 300px) 100vw, 300px\" \/><\/figure>\n\n\n\n<figure class=\"wp-block-image\"><img loading=\"lazy\" decoding=\"async\" width=\"300\" height=\"200\" src=\"https:\/\/contextoanalisisperiodistico.com\/wp-content\/uploads\/2024\/07\/img-20240711-wa01372213582192522450475-300x200.jpg\" alt=\"\" class=\"wp-image-28827\" srcset=\"https:\/\/contextoanalisisperiodistico.com\/wp-content\/uploads\/2024\/07\/img-20240711-wa01372213582192522450475-300x200.jpg 300w, https:\/\/contextoanalisisperiodistico.com\/wp-content\/uploads\/2024\/07\/img-20240711-wa01372213582192522450475-768x512.jpg 768w, https:\/\/contextoanalisisperiodistico.com\/wp-content\/uploads\/2024\/07\/img-20240711-wa01372213582192522450475.jpg 800w\" sizes=\"(max-width: 300px) 100vw, 300px\" \/><\/figure>\n\n\n\n<figure class=\"wp-block-image\"><img loading=\"lazy\" decoding=\"async\" width=\"300\" height=\"200\" src=\"https:\/\/contextoanalisisperiodistico.com\/wp-content\/uploads\/2024\/07\/img-20240711-wa01356662836733078226242-300x200.jpg\" alt=\"\" class=\"wp-image-28824\" srcset=\"https:\/\/contextoanalisisperiodistico.com\/wp-content\/uploads\/2024\/07\/img-20240711-wa01356662836733078226242-300x200.jpg 300w, https:\/\/contextoanalisisperiodistico.com\/wp-content\/uploads\/2024\/07\/img-20240711-wa01356662836733078226242-768x512.jpg 768w, https:\/\/contextoanalisisperiodistico.com\/wp-content\/uploads\/2024\/07\/img-20240711-wa01356662836733078226242.jpg 800w\" sizes=\"(max-width: 300px) 100vw, 300px\" \/><\/figure>\n\n\n\n<p>San Agust\u00edn Chayuco, Oax. 11 de julio de 2024.- En el marco de su recorrido por la Costa oaxaque\u00f1a, el Gobernador Salom\u00f3n Jara Cruz refrend\u00f3 su compromiso con las y los habitantes de esta localidad al anunciar 27 millones 22 mil pesos para obras y acciones de mejoramiento social, como parte de la estrategia Trabajo que Transforma tu Municipio.<\/p>\n\n\n\n<p>\u201cVenimos a este municipio porque somos un gobierno cercano a los pueblos, y comprometido con la atenci\u00f3n que requieren para salir adelante. Sabemos que han sido muchos a\u00f1os de abandono los que han llevado a Oaxaca a ocupar los \u00faltimos lugares de desarrollo, y esa es la realidad que queremos cambiar\u201d, expres\u00f3.<\/p>\n\n\n\n<p>En este encuentro, las y los pobladores fueron informados que a trav\u00e9s del Sistema Estatal para el Desarrollo Integral de la Familia (SEDIF) se han beneficiado con 2 millones 76 mil 566 pesos a siete localidades, mediante los programas alimentarios Guisos de mi pueblo, Itacate de mi Coraz\u00f3n y Desayunos de letritas.<\/p>\n\n\n\n<p>Servicios de Salud de Oaxaca (SSO) otorgar\u00e1 al Centro de Salud de la agencia municipal San Crist\u00f3bal, 750 mil pesos en medicinas y 400 mil pesos para la tarjeta La Cl\u00ednica es Nuestra. Las dos Casas de Salud en las localidades de San Luis Yucutaco y La Uni\u00f3n y Libertad obtendr\u00e1n instrumentos para toma de signos vitales, con un valor de 33 mil 998 pesos. En total se destinar\u00e1 1 mill\u00f3n 183 mil 998 pesos.<\/p>\n\n\n\n<p>Por su parte, Caminos Bienestar (Cabien) continuar\u00e1 con la pavimentaci\u00f3n del camino que va de La Uni\u00f3n y Libertad a San Luis Yucutaco y otorgar\u00e1 para ello 10 millones de pesos. En tanto, para pavimentar el camino de la cabecera de San Agust\u00edn Chayuco a la agencia de San Crist\u00f3bal, se invertir\u00e1n 5 millones de pesos.<\/p>\n\n\n\n<p>El Instituto Estatal de Educaci\u00f3n P\u00fablica de Oaxaca (IEEPO) inform\u00f3 que las 19 instituciones educativas de esta poblaci\u00f3n recibir\u00e1n paquetes con pizarrones, computadoras, proyectores, material deportivo, de aseo y oficina. En tanto, las telesecundarias del municipio recibir\u00e1n tres pantallas cada una para reforzar su acceso a la educaci\u00f3n. De esta manera, se invertir\u00e1n en total 2 millones 915 mil 440 pesos.<\/p>\n\n\n\n<p>Por \u00faltimo, el Instituto Oaxaque\u00f1o Constructor de Infraestructura Educativa (Iocied), destinar\u00e1 5 millones 930 mil pesos en diversas acciones como la construcci\u00f3n de una plaza c\u00edvica en la telesecundaria de San Luis Yucutaco con un monto de 850 mil pesos, y un techado en la secundaria de la cabecera municipal, con 3 millones 100 mil pesos. Adem\u00e1s, en el preescolar de la localidad de San Francisco Dos Caminos se construir\u00e1 la plaza c\u00edvica con 850 mil pesos.<\/p>\n\n\n\n<p>Para el Colegio de Estudios Cient\u00edficos y Tecnol\u00f3gicos (CECyTE) de San Crist\u00f3bal, se edificar\u00e1 una cancha de usos m\u00faltiples con 850 mil pesos y el Instituto de Estudios de Bachillerato del Estado de Oaxaca (IEBO) en San Agust\u00edn Chayuco, obtendr\u00e1 10 computadoras, con una inversi\u00f3n de 200 mil pesos y dos lotes de mobiliario de 80 mil pesos.<br \/>-0-<\/p>\n","protected":false},"excerpt":{"rendered":"<p>\u2022 Construcci\u00f3n de caminos, fortalecimiento de los planteles educativos y al sector salud, fueron los&#8230;<\/p>\n","protected":false},"author":4,"featured_media":28823,"comment_status":"","ping_status":"open","sticky":false,"template":"","format":"standard","meta":{"footnotes":""},"categories":[9],"tags":[],"jetpack_sharing_enabled":true,"featured_image_urls":{"full":["https:\/\/contextoanalisisperiodistico.com\/wp-content\/uploads\/2024\/07\/IMG-20240711-WA0134.jpg",800,533,false],"thumbnail":["https:\/\/contextoanalisisperiodistico.com\/wp-content\/uploads\/2024\/07\/IMG-20240711-WA0134-150x150.jpg",150,150,true],"medium":["https:\/\/contextoanalisisperiodistico.com\/wp-content\/uploads\/2024\/07\/IMG-20240711-WA0134-300x200.jpg",300,200,true],"medium_large":["https:\/\/contextoanalisisperiodistico.com\/wp-content\/uploads\/2024\/07\/IMG-20240711-WA0134-768x512.jpg",640,427,true],"large":["https:\/\/contextoanalisisperiodistico.com\/wp-content\/uploads\/2024\/07\/IMG-20240711-WA0134.jpg",640,426,false],"1536x1536":["https:\/\/contextoanalisisperiodistico.com\/wp-content\/uploads\/2024\/07\/IMG-20240711-WA0134.jpg",800,533,false],"2048x2048":["https:\/\/contextoanalisisperiodistico.com\/wp-content\/uploads\/2024\/07\/IMG-20240711-WA0134.jpg",800,533,false],"covernews-slider-full":["https:\/\/contextoanalisisperiodistico.com\/wp-content\/uploads\/2024\/07\/IMG-20240711-WA0134.jpg",800,533,false],"covernews-slider-center":["https:\/\/contextoanalisisperiodistico.com\/wp-content\/uploads\/2024\/07\/IMG-20240711-WA0134-800x500.jpg",800,500,true],"covernews-featured":["https:\/\/contextoanalisisperiodistico.com\/wp-content\/uploads\/2024\/07\/IMG-20240711-WA0134.jpg",800,533,false],"covernews-medium":["https:\/\/contextoanalisisperiodistico.com\/wp-content\/uploads\/2024\/07\/IMG-20240711-WA0134-540x340.jpg",540,340,true],"covernews-medium-square":["https:\/\/contextoanalisisperiodistico.com\/wp-content\/uploads\/2024\/07\/IMG-20240711-WA0134-400x250.jpg",400,250,true]},"author_info":{"display_name":"Mario Gir\u00f3n","author_link":"https:\/\/contextoanalisisperiodistico.com\/index.php\/author\/director\/"},"category_info":"<a href=\"https:\/\/contextoanalisisperiodistico.com\/index.php\/category\/politica\/\" rel=\"category tag\">Pol\u00edtica<\/a>","tag_info":"Pol\u00edtica","comment_count":"0","jetpack_featured_media_url":"https:\/\/contextoanalisisperiodistico.com\/wp-content\/uploads\/2024\/07\/IMG-20240711-WA0134.jpg","_links":{"self":[{"href":"https:\/\/contextoanalisisperiodistico.com\/index.php\/wp-json\/wp\/v2\/posts\/28829"}],"collection":[{"href":"https:\/\/contextoanalisisperiodistico.com\/index.php\/wp-json\/wp\/v2\/posts"}],"about":[{"href":"https:\/\/contextoanalisisperiodistico.com\/index.php\/wp-json\/wp\/v2\/types\/post"}],"author":[{"embeddable":true,"href":"https:\/\/contextoanalisisperiodistico.com\/index.php\/wp-json\/wp\/v2\/users\/4"}],"replies":[{"embeddable":true,"href":"https:\/\/contextoanalisisperiodistico.com\/index.php\/wp-json\/wp\/v2\/comments?post=28829"}],"version-history":[{"count":0,"href":"https:\/\/contextoanalisisperiodistico.com\/index.php\/wp-json\/wp\/v2\/posts\/28829\/revisions"}],"wp:featuredmedia":[{"embeddable":true,"href":"https:\/\/contextoanalisisperiodistico.com\/index.php\/wp-json\/wp\/v2\/media\/28823"}],"wp:attachment":[{"href":"https:\/\/contextoanalisisperiodistico.com\/index.php\/wp-json\/wp\/v2\/media?parent=28829"}],"wp:term":[{"taxonomy":"category","embeddable":true,"href":"https:\/\/contextoanalisisperiodistico.com\/index.php\/wp-json\/wp\/v2\/categories?post=28829"},{"taxonomy":"post_tag","embeddable":true,"href":"https:\/\/contextoanalisisperiodistico.com\/index.php\/wp-json\/wp\/v2\/tags?post=28829"}],"curies":[{"name":"wp","href":"https:\/\/api.w.org\/{rel}","templated":true}]}}