{"id":28822,"date":"2024-07-11T19:24:33","date_gmt":"2024-07-12T01:24:33","guid":{"rendered":"https:\/\/contextoanalisisperiodistico.com\/index.php\/2024\/07\/11\/impulsa-sso-estrategias-de-intervencion-psicologica\/"},"modified":"2024-07-11T19:24:33","modified_gmt":"2024-07-12T01:24:33","slug":"impulsa-sso-estrategias-de-intervencion-psicologica","status":"publish","type":"post","link":"https:\/\/contextoanalisisperiodistico.com\/index.php\/2024\/07\/11\/impulsa-sso-estrategias-de-intervencion-psicologica\/","title":{"rendered":"Impulsa SSO estrategias de intervenci\u00f3n psicol\u00f3gica"},"content":{"rendered":"<div id=\"fb-root\"><\/div>\n\n<p>\u2022 \u00b7En Oaxaca, los trastornos mentales como depresi\u00f3n, ansiedad y conductas suicidas, aquejan a las y los oaxaque\u00f1os<\/p>\n\n\n\n<figure class=\"wp-block-image size-large\"><img fetchpriority=\"high\" decoding=\"async\" width=\"1024\" height=\"576\" src=\"https:\/\/contextoanalisisperiodistico.com\/wp-content\/uploads\/2024\/07\/img-20240711-wa01136119797828962565102-1024x576.jpg\" alt=\"\" class=\"wp-image-28820\" srcset=\"https:\/\/contextoanalisisperiodistico.com\/wp-content\/uploads\/2024\/07\/img-20240711-wa01136119797828962565102-1024x576.jpg 1024w, https:\/\/contextoanalisisperiodistico.com\/wp-content\/uploads\/2024\/07\/img-20240711-wa01136119797828962565102-300x169.jpg 300w, https:\/\/contextoanalisisperiodistico.com\/wp-content\/uploads\/2024\/07\/img-20240711-wa01136119797828962565102-768x432.jpg 768w, https:\/\/contextoanalisisperiodistico.com\/wp-content\/uploads\/2024\/07\/img-20240711-wa01136119797828962565102-1536x864.jpg 1536w, https:\/\/contextoanalisisperiodistico.com\/wp-content\/uploads\/2024\/07\/img-20240711-wa01136119797828962565102.jpg 1600w\" sizes=\"(max-width: 1024px) 100vw, 1024px\" \/><\/figure>\n\n\n\n<figure class=\"wp-block-image\"><img decoding=\"async\" width=\"1024\" height=\"576\" src=\"https:\/\/contextoanalisisperiodistico.com\/wp-content\/uploads\/2024\/07\/img-20240711-wa0115605075820826379344-1024x576.jpg\" alt=\"\" class=\"wp-image-28818\" srcset=\"https:\/\/contextoanalisisperiodistico.com\/wp-content\/uploads\/2024\/07\/img-20240711-wa0115605075820826379344-1024x576.jpg 1024w, https:\/\/contextoanalisisperiodistico.com\/wp-content\/uploads\/2024\/07\/img-20240711-wa0115605075820826379344-300x169.jpg 300w, https:\/\/contextoanalisisperiodistico.com\/wp-content\/uploads\/2024\/07\/img-20240711-wa0115605075820826379344-768x432.jpg 768w, https:\/\/contextoanalisisperiodistico.com\/wp-content\/uploads\/2024\/07\/img-20240711-wa0115605075820826379344-1536x864.jpg 1536w, https:\/\/contextoanalisisperiodistico.com\/wp-content\/uploads\/2024\/07\/img-20240711-wa0115605075820826379344.jpg 1600w\" sizes=\"(max-width: 1024px) 100vw, 1024px\" \/><\/figure>\n\n\n\n<figure class=\"wp-block-image\"><img decoding=\"async\" width=\"1024\" height=\"576\" src=\"https:\/\/contextoanalisisperiodistico.com\/wp-content\/uploads\/2024\/07\/img-20240711-wa01143348734080121895214-1024x576.jpg\" alt=\"\" class=\"wp-image-28821\" srcset=\"https:\/\/contextoanalisisperiodistico.com\/wp-content\/uploads\/2024\/07\/img-20240711-wa01143348734080121895214-1024x576.jpg 1024w, https:\/\/contextoanalisisperiodistico.com\/wp-content\/uploads\/2024\/07\/img-20240711-wa01143348734080121895214-300x169.jpg 300w, https:\/\/contextoanalisisperiodistico.com\/wp-content\/uploads\/2024\/07\/img-20240711-wa01143348734080121895214-768x432.jpg 768w, https:\/\/contextoanalisisperiodistico.com\/wp-content\/uploads\/2024\/07\/img-20240711-wa01143348734080121895214-1536x864.jpg 1536w, https:\/\/contextoanalisisperiodistico.com\/wp-content\/uploads\/2024\/07\/img-20240711-wa01143348734080121895214.jpg 1600w\" sizes=\"(max-width: 1024px) 100vw, 1024px\" \/><\/figure>\n\n\n\n<figure class=\"wp-block-image\"><img loading=\"lazy\" decoding=\"async\" width=\"1024\" height=\"576\" src=\"https:\/\/contextoanalisisperiodistico.com\/wp-content\/uploads\/2024\/07\/img-20240711-wa01162721651955194361438-1024x576.jpg\" alt=\"\" class=\"wp-image-28819\" srcset=\"https:\/\/contextoanalisisperiodistico.com\/wp-content\/uploads\/2024\/07\/img-20240711-wa01162721651955194361438-1024x576.jpg 1024w, https:\/\/contextoanalisisperiodistico.com\/wp-content\/uploads\/2024\/07\/img-20240711-wa01162721651955194361438-300x169.jpg 300w, https:\/\/contextoanalisisperiodistico.com\/wp-content\/uploads\/2024\/07\/img-20240711-wa01162721651955194361438-768x432.jpg 768w, https:\/\/contextoanalisisperiodistico.com\/wp-content\/uploads\/2024\/07\/img-20240711-wa01162721651955194361438-1536x864.jpg 1536w, https:\/\/contextoanalisisperiodistico.com\/wp-content\/uploads\/2024\/07\/img-20240711-wa01162721651955194361438.jpg 1600w\" sizes=\"(max-width: 1024px) 100vw, 1024px\" \/><\/figure>\n\n\n\n<p>Oaxaca de Ju\u00e1rez, Oax. 11 de julio de 2024.- Con el compromiso de brindar una atenci\u00f3n de calidad y efectiva a la poblaci\u00f3n, los Servicios de Salud de Oaxaca (SSO) a trav\u00e9s de la Coordinaci\u00f3n Estatal de Psicolog\u00eda llevaron a cabo una jornada de capacitaci\u00f3n dirigida a las y los psic\u00f3logos que se encuentran en las unidades m\u00e9dicas de primer y segundo nivel de atenci\u00f3n.<\/p>\n\n\n\n<p>Durante la inauguraci\u00f3n, la titular de los SSO, Alma Lilia Velasco Hern\u00e1ndez expres\u00f3 su reconocimiento al personal en el ramo por su profesionalismo y humanismo que les caracteriza en busca del bienestar mental e integral de las personas.<\/p>\n\n\n\n<p>Sostuvo que la actualizaci\u00f3n es una constante en la instituci\u00f3n, a fin de impulsar estrategias de intervenci\u00f3n psicol\u00f3gica e incrementar el bienestar individual y colectivo, con una atenci\u00f3n de calidad, calidez, eficiencia y humana.<\/p>\n\n\n\n<p>Adem\u00e1s de proveer de herramientas terap\u00e9uticas \u00fatiles y enfocadas a los procesos de intervenci\u00f3n m\u00e1s actualizados, que permita atender de manera inmediata y profesional las problem\u00e1ticas que la poblaci\u00f3n demande.<\/p>\n\n\n\n<p>Agreg\u00f3 que el contexto social del estado de Oaxaca es complejo, por lo que se observan cambios en todos los \u00e1mbitos de la sociedad y como consecuencia se han agudizado los trastornos mentales como la depresi\u00f3n, ansiedad y la conducta suicida, as\u00ed como los problemas psicol\u00f3gicos que aquejan a la poblaci\u00f3n, por lo que es fundamental la actualizaci\u00f3n en diferentes temas y problem\u00e1ticas de la salud mental que hoy se presentan.<\/p>\n\n\n\n<p>De esta manera, la funcionaria les invit\u00f3 a continuar realizando su mejor esfuerzo en las unidades m\u00e9dicas y aprovechar al m\u00e1ximo los conocimientos de esta jornada, la cual redundar\u00e1 en una atenci\u00f3n en la salud mental de las y los oaxaque\u00f1os.<\/p>\n\n\n\n<p>Cabe destacar que, durante la capacitaci\u00f3n de dos d\u00edas, se abordar\u00e1n los temas: Intervenci\u00f3n en los trastornos psicol\u00f3gicos, Diagn\u00f3stico y tratamiento de la psicosis, Comunicaci\u00f3n y adherencia al tratamiento de pacientes oncol\u00f3gicos, Estrategias de autocuidado de la salud mental.<\/p>\n\n\n\n<p>As\u00ed como el panorama de enfermedad mental en Oaxaca, Intervenci\u00f3n psicol\u00f3gica en cuidadores primarios, Aspectos legales de la documentaci\u00f3n en psicolog\u00eda, Atenci\u00f3n psicosocial, y Alcances de las intervenciones psicol\u00f3gicas en el \u00e1mbito legal.<\/p>\n\n\n\n<p>Durante la inauguraci\u00f3n, estuvieron presentes el director de Atenci\u00f3n M\u00e9dica de los SSO, Norberto Barroso Rojas, el director de Administraci\u00f3n, Esa\u00fa Ram\u00edrez, la jefa del Departamento de Servicios Especializados de la Direcci\u00f3n de Atenci\u00f3n M\u00e9dica, Jacabed Dalia L\u00f3pez y el Coordinador Estatal de Psicolog\u00eda, Lorenzo Castillo.<\/p>\n\n\n\n<p>-0-<\/p>\n","protected":false},"excerpt":{"rendered":"<p>\u2022 \u00b7En Oaxaca, los trastornos mentales como depresi\u00f3n, ansiedad y conductas suicidas, aquejan a las&#8230;<\/p>\n","protected":false},"author":4,"featured_media":28817,"comment_status":"","ping_status":"open","sticky":false,"template":"","format":"standard","meta":{"footnotes":""},"categories":[9],"tags":[],"jetpack_sharing_enabled":true,"featured_image_urls":{"full":["https:\/\/contextoanalisisperiodistico.com\/wp-content\/uploads\/2024\/07\/IMG-20240711-WA0117.jpg",1600,900,false],"thumbnail":["https:\/\/contextoanalisisperiodistico.com\/wp-content\/uploads\/2024\/07\/IMG-20240711-WA0117-150x150.jpg",150,150,true],"medium":["https:\/\/contextoanalisisperiodistico.com\/wp-content\/uploads\/2024\/07\/IMG-20240711-WA0117-300x169.jpg",300,169,true],"medium_large":["https:\/\/contextoanalisisperiodistico.com\/wp-content\/uploads\/2024\/07\/IMG-20240711-WA0117-768x432.jpg",640,360,true],"large":["https:\/\/contextoanalisisperiodistico.com\/wp-content\/uploads\/2024\/07\/IMG-20240711-WA0117-1024x576.jpg",640,360,true],"1536x1536":["https:\/\/contextoanalisisperiodistico.com\/wp-content\/uploads\/2024\/07\/IMG-20240711-WA0117-1536x864.jpg",1536,864,true],"2048x2048":["https:\/\/contextoanalisisperiodistico.com\/wp-content\/uploads\/2024\/07\/IMG-20240711-WA0117.jpg",1600,900,false],"covernews-slider-full":["https:\/\/contextoanalisisperiodistico.com\/wp-content\/uploads\/2024\/07\/IMG-20240711-WA0117-1115x715.jpg",1115,715,true],"covernews-slider-center":["https:\/\/contextoanalisisperiodistico.com\/wp-content\/uploads\/2024\/07\/IMG-20240711-WA0117-800x500.jpg",800,500,true],"covernews-featured":["https:\/\/contextoanalisisperiodistico.com\/wp-content\/uploads\/2024\/07\/IMG-20240711-WA0117-1024x576.jpg",1024,576,true],"covernews-medium":["https:\/\/contextoanalisisperiodistico.com\/wp-content\/uploads\/2024\/07\/IMG-20240711-WA0117-540x340.jpg",540,340,true],"covernews-medium-square":["https:\/\/contextoanalisisperiodistico.com\/wp-content\/uploads\/2024\/07\/IMG-20240711-WA0117-400x250.jpg",400,250,true]},"author_info":{"display_name":"Mario Gir\u00f3n","author_link":"https:\/\/contextoanalisisperiodistico.com\/index.php\/author\/director\/"},"category_info":"<a href=\"https:\/\/contextoanalisisperiodistico.com\/index.php\/category\/politica\/\" rel=\"category tag\">Pol\u00edtica<\/a>","tag_info":"Pol\u00edtica","comment_count":"0","jetpack_featured_media_url":"https:\/\/contextoanalisisperiodistico.com\/wp-content\/uploads\/2024\/07\/IMG-20240711-WA0117.jpg","_links":{"self":[{"href":"https:\/\/contextoanalisisperiodistico.com\/index.php\/wp-json\/wp\/v2\/posts\/28822"}],"collection":[{"href":"https:\/\/contextoanalisisperiodistico.com\/index.php\/wp-json\/wp\/v2\/posts"}],"about":[{"href":"https:\/\/contextoanalisisperiodistico.com\/index.php\/wp-json\/wp\/v2\/types\/post"}],"author":[{"embeddable":true,"href":"https:\/\/contextoanalisisperiodistico.com\/index.php\/wp-json\/wp\/v2\/users\/4"}],"replies":[{"embeddable":true,"href":"https:\/\/contextoanalisisperiodistico.com\/index.php\/wp-json\/wp\/v2\/comments?post=28822"}],"version-history":[{"count":0,"href":"https:\/\/contextoanalisisperiodistico.com\/index.php\/wp-json\/wp\/v2\/posts\/28822\/revisions"}],"wp:featuredmedia":[{"embeddable":true,"href":"https:\/\/contextoanalisisperiodistico.com\/index.php\/wp-json\/wp\/v2\/media\/28817"}],"wp:attachment":[{"href":"https:\/\/contextoanalisisperiodistico.com\/index.php\/wp-json\/wp\/v2\/media?parent=28822"}],"wp:term":[{"taxonomy":"category","embeddable":true,"href":"https:\/\/contextoanalisisperiodistico.com\/index.php\/wp-json\/wp\/v2\/categories?post=28822"},{"taxonomy":"post_tag","embeddable":true,"href":"https:\/\/contextoanalisisperiodistico.com\/index.php\/wp-json\/wp\/v2\/tags?post=28822"}],"curies":[{"name":"wp","href":"https:\/\/api.w.org\/{rel}","templated":true}]}}