{"id":28811,"date":"2024-07-11T14:21:47","date_gmt":"2024-07-11T20:21:47","guid":{"rendered":"https:\/\/contextoanalisisperiodistico.com\/index.php\/2024\/07\/11\/con-cuartel-regional-de-la-policia-estatal-fortalecen-seguridad-de-la-costa-chica-oaxaquena\/"},"modified":"2024-07-11T14:21:47","modified_gmt":"2024-07-11T20:21:47","slug":"con-cuartel-regional-de-la-policia-estatal-fortalecen-seguridad-de-la-costa-chica-oaxaquena","status":"publish","type":"post","link":"https:\/\/contextoanalisisperiodistico.com\/index.php\/2024\/07\/11\/con-cuartel-regional-de-la-policia-estatal-fortalecen-seguridad-de-la-costa-chica-oaxaquena\/","title":{"rendered":"Con Cuartel Regional de la Polic\u00eda Estatal fortalecen seguridad de la Costa chica oaxaque\u00f1a"},"content":{"rendered":"<div id=\"fb-root\"><\/div>\n\n<p>\u2022 El Gobernador Salom\u00f3n Jara Cruz inaugur\u00f3 esta instalaci\u00f3n en el municipio de Santiago Pinotepa Nacional<\/p>\n\n\n\n<figure class=\"wp-block-image size-large\"><img fetchpriority=\"high\" decoding=\"async\" width=\"900\" height=\"600\" src=\"https:\/\/contextoanalisisperiodistico.com\/wp-content\/uploads\/2024\/07\/img-20240711-wa00675054987632362366173.jpg\" alt=\"\" class=\"wp-image-28805\" srcset=\"https:\/\/contextoanalisisperiodistico.com\/wp-content\/uploads\/2024\/07\/img-20240711-wa00675054987632362366173.jpg 900w, https:\/\/contextoanalisisperiodistico.com\/wp-content\/uploads\/2024\/07\/img-20240711-wa00675054987632362366173-300x200.jpg 300w, https:\/\/contextoanalisisperiodistico.com\/wp-content\/uploads\/2024\/07\/img-20240711-wa00675054987632362366173-768x512.jpg 768w\" sizes=\"(max-width: 900px) 100vw, 900px\" \/><\/figure>\n\n\n\n<figure class=\"wp-block-image\"><img decoding=\"async\" width=\"300\" height=\"200\" src=\"https:\/\/contextoanalisisperiodistico.com\/wp-content\/uploads\/2024\/07\/img-20240711-wa00658111728583835472726-300x200.jpg\" alt=\"\" class=\"wp-image-28806\" srcset=\"https:\/\/contextoanalisisperiodistico.com\/wp-content\/uploads\/2024\/07\/img-20240711-wa00658111728583835472726-300x200.jpg 300w, https:\/\/contextoanalisisperiodistico.com\/wp-content\/uploads\/2024\/07\/img-20240711-wa00658111728583835472726-768x512.jpg 768w, https:\/\/contextoanalisisperiodistico.com\/wp-content\/uploads\/2024\/07\/img-20240711-wa00658111728583835472726.jpg 900w\" sizes=\"(max-width: 300px) 100vw, 300px\" \/><\/figure>\n\n\n\n<figure class=\"wp-block-image\"><img decoding=\"async\" width=\"300\" height=\"200\" src=\"https:\/\/contextoanalisisperiodistico.com\/wp-content\/uploads\/2024\/07\/img-20240711-wa00645895774869402917415-300x200.jpg\" alt=\"\" class=\"wp-image-28807\" srcset=\"https:\/\/contextoanalisisperiodistico.com\/wp-content\/uploads\/2024\/07\/img-20240711-wa00645895774869402917415-300x200.jpg 300w, https:\/\/contextoanalisisperiodistico.com\/wp-content\/uploads\/2024\/07\/img-20240711-wa00645895774869402917415-768x511.jpg 768w, https:\/\/contextoanalisisperiodistico.com\/wp-content\/uploads\/2024\/07\/img-20240711-wa00645895774869402917415.jpg 900w\" sizes=\"(max-width: 300px) 100vw, 300px\" \/><\/figure>\n\n\n\n<figure class=\"wp-block-image\"><img loading=\"lazy\" decoding=\"async\" width=\"300\" height=\"200\" src=\"https:\/\/contextoanalisisperiodistico.com\/wp-content\/uploads\/2024\/07\/img-20240711-wa00682821411827557870096-300x200.jpg\" alt=\"\" class=\"wp-image-28808\" srcset=\"https:\/\/contextoanalisisperiodistico.com\/wp-content\/uploads\/2024\/07\/img-20240711-wa00682821411827557870096-300x200.jpg 300w, https:\/\/contextoanalisisperiodistico.com\/wp-content\/uploads\/2024\/07\/img-20240711-wa00682821411827557870096-768x512.jpg 768w, https:\/\/contextoanalisisperiodistico.com\/wp-content\/uploads\/2024\/07\/img-20240711-wa00682821411827557870096.jpg 900w\" sizes=\"(max-width: 300px) 100vw, 300px\" \/><\/figure>\n\n\n\n<figure class=\"wp-block-image\"><img loading=\"lazy\" decoding=\"async\" width=\"1024\" height=\"682\" src=\"https:\/\/contextoanalisisperiodistico.com\/wp-content\/uploads\/2024\/07\/img-20240711-wa00696503340269780944623-1024x682.jpg\" alt=\"\" class=\"wp-image-28809\" srcset=\"https:\/\/contextoanalisisperiodistico.com\/wp-content\/uploads\/2024\/07\/img-20240711-wa00696503340269780944623-1024x682.jpg 1024w, https:\/\/contextoanalisisperiodistico.com\/wp-content\/uploads\/2024\/07\/img-20240711-wa00696503340269780944623-300x200.jpg 300w, https:\/\/contextoanalisisperiodistico.com\/wp-content\/uploads\/2024\/07\/img-20240711-wa00696503340269780944623-768x512.jpg 768w, https:\/\/contextoanalisisperiodistico.com\/wp-content\/uploads\/2024\/07\/img-20240711-wa00696503340269780944623-1536x1023.jpg 1536w, https:\/\/contextoanalisisperiodistico.com\/wp-content\/uploads\/2024\/07\/img-20240711-wa00696503340269780944623.jpg 1600w\" sizes=\"(max-width: 1024px) 100vw, 1024px\" \/><\/figure>\n\n\n\n<figure class=\"wp-block-image\"><img loading=\"lazy\" decoding=\"async\" width=\"1024\" height=\"682\" src=\"https:\/\/contextoanalisisperiodistico.com\/wp-content\/uploads\/2024\/07\/img-20240711-wa00715353514230060115923-1024x682.jpg\" alt=\"\" class=\"wp-image-28810\" srcset=\"https:\/\/contextoanalisisperiodistico.com\/wp-content\/uploads\/2024\/07\/img-20240711-wa00715353514230060115923-1024x682.jpg 1024w, https:\/\/contextoanalisisperiodistico.com\/wp-content\/uploads\/2024\/07\/img-20240711-wa00715353514230060115923-300x200.jpg 300w, https:\/\/contextoanalisisperiodistico.com\/wp-content\/uploads\/2024\/07\/img-20240711-wa00715353514230060115923-768x512.jpg 768w, https:\/\/contextoanalisisperiodistico.com\/wp-content\/uploads\/2024\/07\/img-20240711-wa00715353514230060115923-1536x1023.jpg 1536w, https:\/\/contextoanalisisperiodistico.com\/wp-content\/uploads\/2024\/07\/img-20240711-wa00715353514230060115923.jpg 1600w\" sizes=\"(max-width: 1024px) 100vw, 1024px\" \/><\/figure>\n\n\n\n<p>\u2022 Coadyuvar\u00e1 a salvaguardar el orden y convivencia pac\u00edfica de cerca de 600 mil personas de esta regi\u00f3n<\/p>\n\n\n\n<p>Santiago Pinotepa Nacional, Oax. 11 de julio de 2024.- Como parte del Programa para el Fortalecimiento de la Seguridad P\u00fablica de Oaxaca, el Gobernador Salom\u00f3n Jara Cruz inaugur\u00f3 el Cuartel Regional de la Polic\u00eda Estatal en el municipio de Santiago Pinotepa Nacional, infraestructura que mejorar\u00e1 la operatividad y capacidad de respuesta para prevenir, atender y disuadir actos delictivos.<\/p>\n\n\n\n<p>En el coraz\u00f3n de la Costa chica oaxaque\u00f1a, el Mandatario estatal se\u00f1al\u00f3 que esta obra beneficiar\u00e1 a cerca de 600 mil personas de manera directa, misma que tuvo una inversi\u00f3n superior a los 9 millones de pesos con el objetivo de salvaguardar el orden y convivencia pac\u00edfica de la ciudadan\u00eda de esta regi\u00f3n.<\/p>\n\n\n\n<p>\u201cCon ello, la Primavera Oaxaque\u00f1a fortalece y dignifica a los cuerpos polic\u00edacos, en seguimiento a La Construcci\u00f3n de la Paz con Justicia, cuyo fin es mantener al estado como uno de los m\u00e1s seguros del pa\u00eds\u201d, puntualiz\u00f3 Jara Cruz.<\/p>\n\n\n\n<p>De esta manera, el Gobernante convoc\u00f3 a las y los miembros de la corporaci\u00f3n a no bajar la guardia y seguir firmes en el prop\u00f3sito irrenunciable de conservar la seguridad como una base de desarrollo y justicia de la entidad.<\/p>\n\n\n\n<p>En su oportunidad, el secretario de Seguridad y Protecci\u00f3n Ciudadana, Iv\u00e1n Garc\u00eda \u00c1lvarez destac\u00f3 que esta entrega es un acto de justicia para quienes diariamente trabajan por garantizar el bienestar de las familias oaxaque\u00f1as, por ello la construcci\u00f3n del Cuartel proporcionar\u00e1 a las y los polic\u00edas llevar a cabo sus labores diarias, prepararse para el servicio, recibir capacitaci\u00f3n y descansar.<\/p>\n\n\n\n<p>Cabe destacar que la instalaci\u00f3n est\u00e1 equipada para respaldar actividades operativas con \u00e1reas de trabajo y alojamiento para que el personal refuerce la respuesta ante emergencias o incidencias; facilite la coordinaci\u00f3n de esfuerzos; incremente la presencia policial en las localidades, entre otras.<\/p>\n\n\n\n<p>-0-<\/p>\n","protected":false},"excerpt":{"rendered":"<p>\u2022 El Gobernador Salom\u00f3n Jara Cruz inaugur\u00f3 esta instalaci\u00f3n en el municipio de Santiago Pinotepa&#8230;<\/p>\n","protected":false},"author":4,"featured_media":28804,"comment_status":"","ping_status":"open","sticky":false,"template":"","format":"standard","meta":{"footnotes":""},"categories":[9],"tags":[],"jetpack_sharing_enabled":true,"featured_image_urls":{"full":["https:\/\/contextoanalisisperiodistico.com\/wp-content\/uploads\/2024\/07\/IMG-20240711-WA0063.jpg",900,599,false],"thumbnail":["https:\/\/contextoanalisisperiodistico.com\/wp-content\/uploads\/2024\/07\/IMG-20240711-WA0063-150x150.jpg",150,150,true],"medium":["https:\/\/contextoanalisisperiodistico.com\/wp-content\/uploads\/2024\/07\/IMG-20240711-WA0063-300x200.jpg",300,200,true],"medium_large":["https:\/\/contextoanalisisperiodistico.com\/wp-content\/uploads\/2024\/07\/IMG-20240711-WA0063-768x511.jpg",640,426,true],"large":["https:\/\/contextoanalisisperiodistico.com\/wp-content\/uploads\/2024\/07\/IMG-20240711-WA0063.jpg",640,426,false],"1536x1536":["https:\/\/contextoanalisisperiodistico.com\/wp-content\/uploads\/2024\/07\/IMG-20240711-WA0063.jpg",900,599,false],"2048x2048":["https:\/\/contextoanalisisperiodistico.com\/wp-content\/uploads\/2024\/07\/IMG-20240711-WA0063.jpg",900,599,false],"covernews-slider-full":["https:\/\/contextoanalisisperiodistico.com\/wp-content\/uploads\/2024\/07\/IMG-20240711-WA0063.jpg",900,599,false],"covernews-slider-center":["https:\/\/contextoanalisisperiodistico.com\/wp-content\/uploads\/2024\/07\/IMG-20240711-WA0063-800x500.jpg",800,500,true],"covernews-featured":["https:\/\/contextoanalisisperiodistico.com\/wp-content\/uploads\/2024\/07\/IMG-20240711-WA0063.jpg",900,599,false],"covernews-medium":["https:\/\/contextoanalisisperiodistico.com\/wp-content\/uploads\/2024\/07\/IMG-20240711-WA0063-540x340.jpg",540,340,true],"covernews-medium-square":["https:\/\/contextoanalisisperiodistico.com\/wp-content\/uploads\/2024\/07\/IMG-20240711-WA0063-400x250.jpg",400,250,true]},"author_info":{"display_name":"Mario Gir\u00f3n","author_link":"https:\/\/contextoanalisisperiodistico.com\/index.php\/author\/director\/"},"category_info":"<a href=\"https:\/\/contextoanalisisperiodistico.com\/index.php\/category\/politica\/\" rel=\"category tag\">Pol\u00edtica<\/a>","tag_info":"Pol\u00edtica","comment_count":"0","jetpack_featured_media_url":"https:\/\/contextoanalisisperiodistico.com\/wp-content\/uploads\/2024\/07\/IMG-20240711-WA0063.jpg","_links":{"self":[{"href":"https:\/\/contextoanalisisperiodistico.com\/index.php\/wp-json\/wp\/v2\/posts\/28811"}],"collection":[{"href":"https:\/\/contextoanalisisperiodistico.com\/index.php\/wp-json\/wp\/v2\/posts"}],"about":[{"href":"https:\/\/contextoanalisisperiodistico.com\/index.php\/wp-json\/wp\/v2\/types\/post"}],"author":[{"embeddable":true,"href":"https:\/\/contextoanalisisperiodistico.com\/index.php\/wp-json\/wp\/v2\/users\/4"}],"replies":[{"embeddable":true,"href":"https:\/\/contextoanalisisperiodistico.com\/index.php\/wp-json\/wp\/v2\/comments?post=28811"}],"version-history":[{"count":0,"href":"https:\/\/contextoanalisisperiodistico.com\/index.php\/wp-json\/wp\/v2\/posts\/28811\/revisions"}],"wp:featuredmedia":[{"embeddable":true,"href":"https:\/\/contextoanalisisperiodistico.com\/index.php\/wp-json\/wp\/v2\/media\/28804"}],"wp:attachment":[{"href":"https:\/\/contextoanalisisperiodistico.com\/index.php\/wp-json\/wp\/v2\/media?parent=28811"}],"wp:term":[{"taxonomy":"category","embeddable":true,"href":"https:\/\/contextoanalisisperiodistico.com\/index.php\/wp-json\/wp\/v2\/categories?post=28811"},{"taxonomy":"post_tag","embeddable":true,"href":"https:\/\/contextoanalisisperiodistico.com\/index.php\/wp-json\/wp\/v2\/tags?post=28811"}],"curies":[{"name":"wp","href":"https:\/\/api.w.org\/{rel}","templated":true}]}}