{"id":28803,"date":"2024-07-11T14:17:42","date_gmt":"2024-07-11T20:17:42","guid":{"rendered":"https:\/\/contextoanalisisperiodistico.com\/index.php\/2024\/07\/11\/llega-farmacias-bienestar-en-beneficio-de-habitantes-de-la-costa\/"},"modified":"2024-07-11T14:17:42","modified_gmt":"2024-07-11T20:17:42","slug":"llega-farmacias-bienestar-en-beneficio-de-habitantes-de-la-costa","status":"publish","type":"post","link":"https:\/\/contextoanalisisperiodistico.com\/index.php\/2024\/07\/11\/llega-farmacias-bienestar-en-beneficio-de-habitantes-de-la-costa\/","title":{"rendered":"Llega Farmacias Bienestar en beneficio de habitantes de la Costa \u00a0\u00a0"},"content":{"rendered":"<div id=\"fb-root\"><\/div>\n\n<ul class=\"wp-block-list\">\n<li>El Gobernador Salom\u00f3n Jara Cruz inaugur\u00f3 una sucursal en Santiago Pinotepa Nacional y entreg\u00f3 tarjetas de este programa<br>\u00a0<\/li>\n\n\n\n<li>Se beneficiar\u00e1n a m\u00e1s de 4 mil 500 personas de 20 municipios de la Costa chica<br>\u00a0<br>Santiago Pinotepa Nacional, Oax. 11 de julio de 2024.- Con salud y apoyos sociales, el gobierno de la Primavera Oaxaque\u00f1a cumple con las familias de la entidad mediante la inauguraci\u00f3n de una nueva sucursal de las Farmacias Bienestar y la entrega de tarjetas de este programa en Santiago Pinotepa Nacional por el Gobernador Salom\u00f3n Jara Cruz.<br>\u00a0<br>En este espacio de la Costa chica de Oaxaca, m\u00e1s de 4 mil 500 personas de 20 municipios ser\u00e1n beneficiadas, incluyendo al pueblo afromexicano, para garantizar servicios m\u00e9dicos, odontol\u00f3gicos y de optometr\u00eda a las familias que m\u00e1s lo necesitan y que no cuentan con seguridad social.<br>\u00a0<br>El Mandatario estatal expuso que mediante el programa Farmacias Bienestar, la ciudadan\u00eda afiliada podr\u00e1 acceder a consultas m\u00e9dicas ilimitadas, revisiones dentales, ex\u00e1menes de la vista, tres medicamentos del cuadro b\u00e1sico mensual, seis estudios de laboratorio del cuadro b\u00e1sico anual, lentes, entre otros servicios.<br>\u00a0<br>Adem\u00e1s, con la tarjeta podr\u00e1n ser atendidas de manera gratuita en las 11 sucursales que se ubican en la entidad. \u201cSeguimos trabajando porque la Primavera Oaxaque\u00f1a sigue adelante a favor de quien lo requiere\u201d, expres\u00f3.<br>\u00a0<br>Jara Cruz se\u00f1al\u00f3 los beneficios de los programas sociales como Tarjeta Joven, Mi Primera Chamba y Caminos Artesanales que permiten impulsar el desarrollo de la poblaci\u00f3n oaxaque\u00f1a. Cabe destacar que mediante esta \u00faltima acci\u00f3n se inaugurar\u00e1 pr\u00f3ximamente la carretera que comunica a Santiago Pinotepa Nacional con Santa Mar\u00eda Jicaltepec.<br>\u00a0<br>En su oportunidad, la secretaria de Bienestar, Tequio e Inclusi\u00f3n (Sebienti) Luz Alejandra Hern\u00e1ndez Rojas destac\u00f3 que cuando los gobiernos de la Transformaci\u00f3n se refieren a \u201cpor el bien de todos, primero los pobres\u201d, significa que son prioritarios quienes no pueden pagar una consulta, medicamentos, lentes o servicios m\u00e9dicos; es as\u00ed como surge Farmacias Bienestar, el programa social m\u00e1s grande de esta administraci\u00f3n con un alcance de superior a medio mill\u00f3n de personas.<br>\u00a0<br>Dijo que de esta manera el Gobierno Estatal devuelve la esperanza y seguridad a las familias que m\u00e1s lo necesitan para que puedan contar con beneficios que les permitan elevar su nivel de vida.<br>\u00a0<br>Estefana Alav\u00e9z Acu\u00f1a, beneficiaria de esta acci\u00f3n, agradeci\u00f3 al Gobernador el apoyo brindado para que ella y otras personas accedan a una atenci\u00f3n m\u00e9dica gratuita de primer nivel.<br>\u00a0<br>-0-<\/li>\n<\/ul>\n\n\n\n<figure class=\"wp-block-image size-large\"><img fetchpriority=\"high\" decoding=\"async\" width=\"1024\" height=\"682\" src=\"https:\/\/contextoanalisisperiodistico.com\/wp-content\/uploads\/2024\/07\/img-20240711-wa00902678115523289287240-1024x682.jpg\" alt=\"\" class=\"wp-image-28797\" srcset=\"https:\/\/contextoanalisisperiodistico.com\/wp-content\/uploads\/2024\/07\/img-20240711-wa00902678115523289287240-1024x682.jpg 1024w, https:\/\/contextoanalisisperiodistico.com\/wp-content\/uploads\/2024\/07\/img-20240711-wa00902678115523289287240-300x200.jpg 300w, https:\/\/contextoanalisisperiodistico.com\/wp-content\/uploads\/2024\/07\/img-20240711-wa00902678115523289287240-768x512.jpg 768w, https:\/\/contextoanalisisperiodistico.com\/wp-content\/uploads\/2024\/07\/img-20240711-wa00902678115523289287240-1536x1023.jpg 1536w, https:\/\/contextoanalisisperiodistico.com\/wp-content\/uploads\/2024\/07\/img-20240711-wa00902678115523289287240.jpg 1600w\" sizes=\"(max-width: 1024px) 100vw, 1024px\" \/><\/figure>\n\n\n\n<figure class=\"wp-block-image\"><img decoding=\"async\" width=\"1024\" height=\"682\" src=\"https:\/\/contextoanalisisperiodistico.com\/wp-content\/uploads\/2024\/07\/img-20240711-wa00856979907698372918620-1024x682.jpg\" alt=\"\" class=\"wp-image-28796\" srcset=\"https:\/\/contextoanalisisperiodistico.com\/wp-content\/uploads\/2024\/07\/img-20240711-wa00856979907698372918620-1024x682.jpg 1024w, https:\/\/contextoanalisisperiodistico.com\/wp-content\/uploads\/2024\/07\/img-20240711-wa00856979907698372918620-300x200.jpg 300w, https:\/\/contextoanalisisperiodistico.com\/wp-content\/uploads\/2024\/07\/img-20240711-wa00856979907698372918620-768x512.jpg 768w, https:\/\/contextoanalisisperiodistico.com\/wp-content\/uploads\/2024\/07\/img-20240711-wa00856979907698372918620-1536x1023.jpg 1536w, https:\/\/contextoanalisisperiodistico.com\/wp-content\/uploads\/2024\/07\/img-20240711-wa00856979907698372918620.jpg 1600w\" sizes=\"(max-width: 1024px) 100vw, 1024px\" \/><\/figure>\n\n\n\n<figure class=\"wp-block-image\"><img decoding=\"async\" width=\"1024\" height=\"682\" src=\"https:\/\/contextoanalisisperiodistico.com\/wp-content\/uploads\/2024\/07\/img-20240711-wa00868943098783274204469-1024x682.jpg\" alt=\"\" class=\"wp-image-28798\" srcset=\"https:\/\/contextoanalisisperiodistico.com\/wp-content\/uploads\/2024\/07\/img-20240711-wa00868943098783274204469-1024x682.jpg 1024w, https:\/\/contextoanalisisperiodistico.com\/wp-content\/uploads\/2024\/07\/img-20240711-wa00868943098783274204469-300x200.jpg 300w, https:\/\/contextoanalisisperiodistico.com\/wp-content\/uploads\/2024\/07\/img-20240711-wa00868943098783274204469-768x512.jpg 768w, https:\/\/contextoanalisisperiodistico.com\/wp-content\/uploads\/2024\/07\/img-20240711-wa00868943098783274204469-1536x1023.jpg 1536w, https:\/\/contextoanalisisperiodistico.com\/wp-content\/uploads\/2024\/07\/img-20240711-wa00868943098783274204469.jpg 1600w\" sizes=\"(max-width: 1024px) 100vw, 1024px\" \/><\/figure>\n\n\n\n<figure class=\"wp-block-image\"><img loading=\"lazy\" decoding=\"async\" width=\"1024\" height=\"682\" src=\"https:\/\/contextoanalisisperiodistico.com\/wp-content\/uploads\/2024\/07\/img-20240711-wa00823382406301261862548-1024x682.jpg\" alt=\"\" class=\"wp-image-28800\" srcset=\"https:\/\/contextoanalisisperiodistico.com\/wp-content\/uploads\/2024\/07\/img-20240711-wa00823382406301261862548-1024x682.jpg 1024w, https:\/\/contextoanalisisperiodistico.com\/wp-content\/uploads\/2024\/07\/img-20240711-wa00823382406301261862548-300x200.jpg 300w, https:\/\/contextoanalisisperiodistico.com\/wp-content\/uploads\/2024\/07\/img-20240711-wa00823382406301261862548-768x512.jpg 768w, https:\/\/contextoanalisisperiodistico.com\/wp-content\/uploads\/2024\/07\/img-20240711-wa00823382406301261862548-1536x1023.jpg 1536w, https:\/\/contextoanalisisperiodistico.com\/wp-content\/uploads\/2024\/07\/img-20240711-wa00823382406301261862548.jpg 1600w\" sizes=\"(max-width: 1024px) 100vw, 1024px\" \/><\/figure>\n\n\n\n<figure class=\"wp-block-image\"><img loading=\"lazy\" decoding=\"async\" width=\"1024\" height=\"682\" src=\"https:\/\/contextoanalisisperiodistico.com\/wp-content\/uploads\/2024\/07\/img-20240711-wa00928296035212501972398-1024x682.jpg\" alt=\"\" class=\"wp-image-28799\" srcset=\"https:\/\/contextoanalisisperiodistico.com\/wp-content\/uploads\/2024\/07\/img-20240711-wa00928296035212501972398-1024x682.jpg 1024w, https:\/\/contextoanalisisperiodistico.com\/wp-content\/uploads\/2024\/07\/img-20240711-wa00928296035212501972398-300x200.jpg 300w, https:\/\/contextoanalisisperiodistico.com\/wp-content\/uploads\/2024\/07\/img-20240711-wa00928296035212501972398-768x512.jpg 768w, https:\/\/contextoanalisisperiodistico.com\/wp-content\/uploads\/2024\/07\/img-20240711-wa00928296035212501972398-1536x1023.jpg 1536w, https:\/\/contextoanalisisperiodistico.com\/wp-content\/uploads\/2024\/07\/img-20240711-wa00928296035212501972398.jpg 1600w\" sizes=\"(max-width: 1024px) 100vw, 1024px\" \/><\/figure>\n\n\n\n<figure class=\"wp-block-image\"><img loading=\"lazy\" decoding=\"async\" width=\"1024\" height=\"682\" src=\"https:\/\/contextoanalisisperiodistico.com\/wp-content\/uploads\/2024\/07\/img-20240711-wa00832231839994618120778-1024x682.jpg\" alt=\"\" class=\"wp-image-28801\" srcset=\"https:\/\/contextoanalisisperiodistico.com\/wp-content\/uploads\/2024\/07\/img-20240711-wa00832231839994618120778-1024x682.jpg 1024w, https:\/\/contextoanalisisperiodistico.com\/wp-content\/uploads\/2024\/07\/img-20240711-wa00832231839994618120778-300x200.jpg 300w, https:\/\/contextoanalisisperiodistico.com\/wp-content\/uploads\/2024\/07\/img-20240711-wa00832231839994618120778-768x512.jpg 768w, https:\/\/contextoanalisisperiodistico.com\/wp-content\/uploads\/2024\/07\/img-20240711-wa00832231839994618120778-1536x1023.jpg 1536w, https:\/\/contextoanalisisperiodistico.com\/wp-content\/uploads\/2024\/07\/img-20240711-wa00832231839994618120778.jpg 1600w\" sizes=\"(max-width: 1024px) 100vw, 1024px\" \/><\/figure>\n\n\n\n<figure class=\"wp-block-image\"><img loading=\"lazy\" decoding=\"async\" width=\"1024\" height=\"682\" src=\"https:\/\/contextoanalisisperiodistico.com\/wp-content\/uploads\/2024\/07\/img-20240711-wa00913188470598960260838-1024x682.jpg\" alt=\"\" class=\"wp-image-28802\" srcset=\"https:\/\/contextoanalisisperiodistico.com\/wp-content\/uploads\/2024\/07\/img-20240711-wa00913188470598960260838-1024x682.jpg 1024w, https:\/\/contextoanalisisperiodistico.com\/wp-content\/uploads\/2024\/07\/img-20240711-wa00913188470598960260838-300x200.jpg 300w, https:\/\/contextoanalisisperiodistico.com\/wp-content\/uploads\/2024\/07\/img-20240711-wa00913188470598960260838-768x512.jpg 768w, https:\/\/contextoanalisisperiodistico.com\/wp-content\/uploads\/2024\/07\/img-20240711-wa00913188470598960260838-1536x1023.jpg 1536w, https:\/\/contextoanalisisperiodistico.com\/wp-content\/uploads\/2024\/07\/img-20240711-wa00913188470598960260838.jpg 1600w\" sizes=\"(max-width: 1024px) 100vw, 1024px\" \/><\/figure>\n","protected":false},"excerpt":{"rendered":"","protected":false},"author":4,"featured_media":28795,"comment_status":"","ping_status":"open","sticky":false,"template":"","format":"standard","meta":{"footnotes":""},"categories":[9],"tags":[],"jetpack_sharing_enabled":true,"featured_image_urls":{"full":["https:\/\/contextoanalisisperiodistico.com\/wp-content\/uploads\/2024\/07\/IMG-20240711-WA0093.jpg",1600,1066,false],"thumbnail":["https:\/\/contextoanalisisperiodistico.com\/wp-content\/uploads\/2024\/07\/IMG-20240711-WA0093-150x150.jpg",150,150,true],"medium":["https:\/\/contextoanalisisperiodistico.com\/wp-content\/uploads\/2024\/07\/IMG-20240711-WA0093-300x200.jpg",300,200,true],"medium_large":["https:\/\/contextoanalisisperiodistico.com\/wp-content\/uploads\/2024\/07\/IMG-20240711-WA0093-768x512.jpg",640,427,true],"large":["https:\/\/contextoanalisisperiodistico.com\/wp-content\/uploads\/2024\/07\/IMG-20240711-WA0093-1024x682.jpg",640,426,true],"1536x1536":["https:\/\/contextoanalisisperiodistico.com\/wp-content\/uploads\/2024\/07\/IMG-20240711-WA0093-1536x1023.jpg",1536,1023,true],"2048x2048":["https:\/\/contextoanalisisperiodistico.com\/wp-content\/uploads\/2024\/07\/IMG-20240711-WA0093.jpg",1600,1066,false],"covernews-slider-full":["https:\/\/contextoanalisisperiodistico.com\/wp-content\/uploads\/2024\/07\/IMG-20240711-WA0093-1115x715.jpg",1115,715,true],"covernews-slider-center":["https:\/\/contextoanalisisperiodistico.com\/wp-content\/uploads\/2024\/07\/IMG-20240711-WA0093-800x500.jpg",800,500,true],"covernews-featured":["https:\/\/contextoanalisisperiodistico.com\/wp-content\/uploads\/2024\/07\/IMG-20240711-WA0093-1024x682.jpg",1024,682,true],"covernews-medium":["https:\/\/contextoanalisisperiodistico.com\/wp-content\/uploads\/2024\/07\/IMG-20240711-WA0093-540x340.jpg",540,340,true],"covernews-medium-square":["https:\/\/contextoanalisisperiodistico.com\/wp-content\/uploads\/2024\/07\/IMG-20240711-WA0093-400x250.jpg",400,250,true]},"author_info":{"display_name":"Mario Gir\u00f3n","author_link":"https:\/\/contextoanalisisperiodistico.com\/index.php\/author\/director\/"},"category_info":"<a href=\"https:\/\/contextoanalisisperiodistico.com\/index.php\/category\/politica\/\" rel=\"category tag\">Pol\u00edtica<\/a>","tag_info":"Pol\u00edtica","comment_count":"0","jetpack_featured_media_url":"https:\/\/contextoanalisisperiodistico.com\/wp-content\/uploads\/2024\/07\/IMG-20240711-WA0093.jpg","_links":{"self":[{"href":"https:\/\/contextoanalisisperiodistico.com\/index.php\/wp-json\/wp\/v2\/posts\/28803"}],"collection":[{"href":"https:\/\/contextoanalisisperiodistico.com\/index.php\/wp-json\/wp\/v2\/posts"}],"about":[{"href":"https:\/\/contextoanalisisperiodistico.com\/index.php\/wp-json\/wp\/v2\/types\/post"}],"author":[{"embeddable":true,"href":"https:\/\/contextoanalisisperiodistico.com\/index.php\/wp-json\/wp\/v2\/users\/4"}],"replies":[{"embeddable":true,"href":"https:\/\/contextoanalisisperiodistico.com\/index.php\/wp-json\/wp\/v2\/comments?post=28803"}],"version-history":[{"count":0,"href":"https:\/\/contextoanalisisperiodistico.com\/index.php\/wp-json\/wp\/v2\/posts\/28803\/revisions"}],"wp:featuredmedia":[{"embeddable":true,"href":"https:\/\/contextoanalisisperiodistico.com\/index.php\/wp-json\/wp\/v2\/media\/28795"}],"wp:attachment":[{"href":"https:\/\/contextoanalisisperiodistico.com\/index.php\/wp-json\/wp\/v2\/media?parent=28803"}],"wp:term":[{"taxonomy":"category","embeddable":true,"href":"https:\/\/contextoanalisisperiodistico.com\/index.php\/wp-json\/wp\/v2\/categories?post=28803"},{"taxonomy":"post_tag","embeddable":true,"href":"https:\/\/contextoanalisisperiodistico.com\/index.php\/wp-json\/wp\/v2\/tags?post=28803"}],"curies":[{"name":"wp","href":"https:\/\/api.w.org\/{rel}","templated":true}]}}