{"id":28789,"date":"2024-07-11T07:06:41","date_gmt":"2024-07-11T13:06:41","guid":{"rendered":"https:\/\/contextoanalisisperiodistico.com\/index.php\/2024\/07\/11\/separa-ieepo-del-cargo-a-trabajador-involucrado-en-maltrato-verbal-en-san-pedro-pochutla\/"},"modified":"2024-07-11T07:06:41","modified_gmt":"2024-07-11T13:06:41","slug":"separa-ieepo-del-cargo-a-trabajador-involucrado-en-maltrato-verbal-en-san-pedro-pochutla","status":"publish","type":"post","link":"https:\/\/contextoanalisisperiodistico.com\/index.php\/2024\/07\/11\/separa-ieepo-del-cargo-a-trabajador-involucrado-en-maltrato-verbal-en-san-pedro-pochutla\/","title":{"rendered":"Separa IEEPO del cargo a trabajador involucrado en maltrato verbal en San Pedro Pochutla"},"content":{"rendered":"<div id=\"fb-root\"><\/div>\n\n<p>\u2022 El Instituto reitera su compromiso de brindar en todo momento un trato digno, humano y respetuoso<\/p>\n\n\n\n<p>Oaxaca de Ju\u00e1rez, Oax. 10 de julio de 2024.- Ante las publicaciones en redes sociales de un video donde se muestra a un trabajador del Instituto Estatal de Educaci\u00f3n P\u00fablica de Oaxaca (IEEPO), que incurri\u00f3 en conductas poco \u00e9ticas y maltrato verbal a madres de familia en San Pedro Pochutla, se informa que fue separado de su cargo.<\/p>\n\n\n\n<p>Por indicaci\u00f3n del director general, Emilio Montero P\u00e9rez, se tomar\u00e1n las medidas pertinentes conforme a derecho y no se solapar\u00e1n actitudes que da\u00f1en la imagen del Instituto y afecten la sana y respetuosa relaci\u00f3n que se mantiene con la sociedad, en particular con las autoridades escolares, madres y padres de familia.<\/p>\n\n\n\n<p>El Instituto reitera su compromiso de brindar en todo momento un trato digno, humano y respetuoso en cada una de sus actuaciones y exhorta a las personas a que en caso de alguna omisi\u00f3n o irregularidad que cometan servidores p\u00fablicos del IEEPO y que pueda considerarse presunta falta administrativa, presenten la queja o denuncia ante el \u00d3rgano Interno de Control (OIC), dependiente de la Secretar\u00eda de la Honestidad, Transparencia y Funci\u00f3n P\u00fablica.<\/p>\n\n\n\n<p>Es a trav\u00e9s de esta instancia que en el proceso de pago de apoyo escolar 2024 por concepto de uniformes escolares, se vigila que se realice en el marco de la legalidad, transparencia y respeto a los derechos humanos.<\/p>\n\n\n\n<p>Las oficinas se ubican en Calzada Ni\u00f1os H\u00e9roes de Chapultepec n\u00famero 1235, Colonia Reforma, en la ciudad de Oaxaca de Ju\u00e1rez, con n\u00famero telef\u00f3nicos 951 205 21 54 y 951 205 20 55, correos electr\u00f3nicos oic@ieepo.gob.mx y\/o oic.quejas@ieepo.gob.mx.<\/p>\n\n\n\n<p>-0-<\/p>\n","protected":false},"excerpt":{"rendered":"<p>\u2022 El Instituto reitera su compromiso de brindar en todo momento un trato digno, humano&#8230;<\/p>\n","protected":false},"author":4,"featured_media":28788,"comment_status":"","ping_status":"open","sticky":false,"template":"","format":"standard","meta":{"footnotes":""},"categories":[9],"tags":[],"jetpack_sharing_enabled":true,"featured_image_urls":{"full":["https:\/\/contextoanalisisperiodistico.com\/wp-content\/uploads\/2024\/07\/Screenshot_2024-07-11-07-04-40-17_a23b203fd3aafc6dcb84e438dda678b6.jpg",665,648,false],"thumbnail":["https:\/\/contextoanalisisperiodistico.com\/wp-content\/uploads\/2024\/07\/Screenshot_2024-07-11-07-04-40-17_a23b203fd3aafc6dcb84e438dda678b6-150x150.jpg",150,150,true],"medium":["https:\/\/contextoanalisisperiodistico.com\/wp-content\/uploads\/2024\/07\/Screenshot_2024-07-11-07-04-40-17_a23b203fd3aafc6dcb84e438dda678b6-300x292.jpg",300,292,true],"medium_large":["https:\/\/contextoanalisisperiodistico.com\/wp-content\/uploads\/2024\/07\/Screenshot_2024-07-11-07-04-40-17_a23b203fd3aafc6dcb84e438dda678b6.jpg",640,624,false],"large":["https:\/\/contextoanalisisperiodistico.com\/wp-content\/uploads\/2024\/07\/Screenshot_2024-07-11-07-04-40-17_a23b203fd3aafc6dcb84e438dda678b6.jpg",640,624,false],"1536x1536":["https:\/\/contextoanalisisperiodistico.com\/wp-content\/uploads\/2024\/07\/Screenshot_2024-07-11-07-04-40-17_a23b203fd3aafc6dcb84e438dda678b6.jpg",665,648,false],"2048x2048":["https:\/\/contextoanalisisperiodistico.com\/wp-content\/uploads\/2024\/07\/Screenshot_2024-07-11-07-04-40-17_a23b203fd3aafc6dcb84e438dda678b6.jpg",665,648,false],"covernews-slider-full":["https:\/\/contextoanalisisperiodistico.com\/wp-content\/uploads\/2024\/07\/Screenshot_2024-07-11-07-04-40-17_a23b203fd3aafc6dcb84e438dda678b6.jpg",665,648,false],"covernews-slider-center":["https:\/\/contextoanalisisperiodistico.com\/wp-content\/uploads\/2024\/07\/Screenshot_2024-07-11-07-04-40-17_a23b203fd3aafc6dcb84e438dda678b6-665x500.jpg",665,500,true],"covernews-featured":["https:\/\/contextoanalisisperiodistico.com\/wp-content\/uploads\/2024\/07\/Screenshot_2024-07-11-07-04-40-17_a23b203fd3aafc6dcb84e438dda678b6.jpg",665,648,false],"covernews-medium":["https:\/\/contextoanalisisperiodistico.com\/wp-content\/uploads\/2024\/07\/Screenshot_2024-07-11-07-04-40-17_a23b203fd3aafc6dcb84e438dda678b6-540x340.jpg",540,340,true],"covernews-medium-square":["https:\/\/contextoanalisisperiodistico.com\/wp-content\/uploads\/2024\/07\/Screenshot_2024-07-11-07-04-40-17_a23b203fd3aafc6dcb84e438dda678b6-400x250.jpg",400,250,true]},"author_info":{"display_name":"Mario Gir\u00f3n","author_link":"https:\/\/contextoanalisisperiodistico.com\/index.php\/author\/director\/"},"category_info":"<a href=\"https:\/\/contextoanalisisperiodistico.com\/index.php\/category\/politica\/\" rel=\"category tag\">Pol\u00edtica<\/a>","tag_info":"Pol\u00edtica","comment_count":"0","jetpack_featured_media_url":"https:\/\/contextoanalisisperiodistico.com\/wp-content\/uploads\/2024\/07\/Screenshot_2024-07-11-07-04-40-17_a23b203fd3aafc6dcb84e438dda678b6.jpg","_links":{"self":[{"href":"https:\/\/contextoanalisisperiodistico.com\/index.php\/wp-json\/wp\/v2\/posts\/28789"}],"collection":[{"href":"https:\/\/contextoanalisisperiodistico.com\/index.php\/wp-json\/wp\/v2\/posts"}],"about":[{"href":"https:\/\/contextoanalisisperiodistico.com\/index.php\/wp-json\/wp\/v2\/types\/post"}],"author":[{"embeddable":true,"href":"https:\/\/contextoanalisisperiodistico.com\/index.php\/wp-json\/wp\/v2\/users\/4"}],"replies":[{"embeddable":true,"href":"https:\/\/contextoanalisisperiodistico.com\/index.php\/wp-json\/wp\/v2\/comments?post=28789"}],"version-history":[{"count":0,"href":"https:\/\/contextoanalisisperiodistico.com\/index.php\/wp-json\/wp\/v2\/posts\/28789\/revisions"}],"wp:featuredmedia":[{"embeddable":true,"href":"https:\/\/contextoanalisisperiodistico.com\/index.php\/wp-json\/wp\/v2\/media\/28788"}],"wp:attachment":[{"href":"https:\/\/contextoanalisisperiodistico.com\/index.php\/wp-json\/wp\/v2\/media?parent=28789"}],"wp:term":[{"taxonomy":"category","embeddable":true,"href":"https:\/\/contextoanalisisperiodistico.com\/index.php\/wp-json\/wp\/v2\/categories?post=28789"},{"taxonomy":"post_tag","embeddable":true,"href":"https:\/\/contextoanalisisperiodistico.com\/index.php\/wp-json\/wp\/v2\/tags?post=28789"}],"curies":[{"name":"wp","href":"https:\/\/api.w.org\/{rel}","templated":true}]}}