{"id":28750,"date":"2024-07-10T18:09:49","date_gmt":"2024-07-11T00:09:49","guid":{"rendered":"https:\/\/contextoanalisisperiodistico.com\/index.php\/2024\/07\/10\/farmacias-bienestar-respalda-la-salud-y-economia-del-pueblo-de-oaxaca\/"},"modified":"2024-07-10T18:09:49","modified_gmt":"2024-07-11T00:09:49","slug":"farmacias-bienestar-respalda-la-salud-y-economia-del-pueblo-de-oaxaca","status":"publish","type":"post","link":"https:\/\/contextoanalisisperiodistico.com\/index.php\/2024\/07\/10\/farmacias-bienestar-respalda-la-salud-y-economia-del-pueblo-de-oaxaca\/","title":{"rendered":"Farmacias Bienestar, respalda la salud y econom\u00eda del pueblo de Oaxaca"},"content":{"rendered":"<div id=\"fb-root\"><\/div>\n\n<p>\u2022 El Gobernador Salom\u00f3n Jara Cruz inaugur\u00f3 la sucursal de las Farmacias Bienestar en Miahuatl\u00e1n de Porfirio D\u00edaz y entreg\u00f3 tarjetas de este programa<\/p>\n\n\n\n<figure class=\"wp-block-image size-large\"><img fetchpriority=\"high\" decoding=\"async\" width=\"1024\" height=\"682\" src=\"https:\/\/contextoanalisisperiodistico.com\/wp-content\/uploads\/2024\/07\/img-20240710-wa0098516947275492915879-1024x682.jpg\" alt=\"\" class=\"wp-image-28745\" srcset=\"https:\/\/contextoanalisisperiodistico.com\/wp-content\/uploads\/2024\/07\/img-20240710-wa0098516947275492915879-1024x682.jpg 1024w, https:\/\/contextoanalisisperiodistico.com\/wp-content\/uploads\/2024\/07\/img-20240710-wa0098516947275492915879-300x200.jpg 300w, https:\/\/contextoanalisisperiodistico.com\/wp-content\/uploads\/2024\/07\/img-20240710-wa0098516947275492915879-768x512.jpg 768w, https:\/\/contextoanalisisperiodistico.com\/wp-content\/uploads\/2024\/07\/img-20240710-wa0098516947275492915879-1536x1023.jpg 1536w, https:\/\/contextoanalisisperiodistico.com\/wp-content\/uploads\/2024\/07\/img-20240710-wa0098516947275492915879.jpg 1600w\" sizes=\"(max-width: 1024px) 100vw, 1024px\" \/><\/figure>\n\n\n\n<figure class=\"wp-block-image\"><img decoding=\"async\" width=\"1024\" height=\"682\" src=\"https:\/\/contextoanalisisperiodistico.com\/wp-content\/uploads\/2024\/07\/img-20240710-wa01008827921622213297681-1024x682.jpg\" alt=\"\" class=\"wp-image-28743\" srcset=\"https:\/\/contextoanalisisperiodistico.com\/wp-content\/uploads\/2024\/07\/img-20240710-wa01008827921622213297681-1024x682.jpg 1024w, https:\/\/contextoanalisisperiodistico.com\/wp-content\/uploads\/2024\/07\/img-20240710-wa01008827921622213297681-300x200.jpg 300w, https:\/\/contextoanalisisperiodistico.com\/wp-content\/uploads\/2024\/07\/img-20240710-wa01008827921622213297681-768x512.jpg 768w, https:\/\/contextoanalisisperiodistico.com\/wp-content\/uploads\/2024\/07\/img-20240710-wa01008827921622213297681-1536x1023.jpg 1536w, https:\/\/contextoanalisisperiodistico.com\/wp-content\/uploads\/2024\/07\/img-20240710-wa01008827921622213297681.jpg 1600w\" sizes=\"(max-width: 1024px) 100vw, 1024px\" \/><\/figure>\n\n\n\n<figure class=\"wp-block-image\"><img decoding=\"async\" width=\"1024\" height=\"682\" src=\"https:\/\/contextoanalisisperiodistico.com\/wp-content\/uploads\/2024\/07\/img-20240710-wa01067390985223489246178-1024x682.jpg\" alt=\"\" class=\"wp-image-28742\" srcset=\"https:\/\/contextoanalisisperiodistico.com\/wp-content\/uploads\/2024\/07\/img-20240710-wa01067390985223489246178-1024x682.jpg 1024w, https:\/\/contextoanalisisperiodistico.com\/wp-content\/uploads\/2024\/07\/img-20240710-wa01067390985223489246178-300x200.jpg 300w, https:\/\/contextoanalisisperiodistico.com\/wp-content\/uploads\/2024\/07\/img-20240710-wa01067390985223489246178-768x512.jpg 768w, https:\/\/contextoanalisisperiodistico.com\/wp-content\/uploads\/2024\/07\/img-20240710-wa01067390985223489246178-1536x1023.jpg 1536w, https:\/\/contextoanalisisperiodistico.com\/wp-content\/uploads\/2024\/07\/img-20240710-wa01067390985223489246178.jpg 1600w\" sizes=\"(max-width: 1024px) 100vw, 1024px\" \/><\/figure>\n\n\n\n<figure class=\"wp-block-image\"><img loading=\"lazy\" decoding=\"async\" width=\"1024\" height=\"682\" src=\"https:\/\/contextoanalisisperiodistico.com\/wp-content\/uploads\/2024\/07\/img-20240710-wa010521818299778574715-1024x682.jpg\" alt=\"\" class=\"wp-image-28744\" srcset=\"https:\/\/contextoanalisisperiodistico.com\/wp-content\/uploads\/2024\/07\/img-20240710-wa010521818299778574715-1024x682.jpg 1024w, https:\/\/contextoanalisisperiodistico.com\/wp-content\/uploads\/2024\/07\/img-20240710-wa010521818299778574715-300x200.jpg 300w, https:\/\/contextoanalisisperiodistico.com\/wp-content\/uploads\/2024\/07\/img-20240710-wa010521818299778574715-768x512.jpg 768w, https:\/\/contextoanalisisperiodistico.com\/wp-content\/uploads\/2024\/07\/img-20240710-wa010521818299778574715-1536x1023.jpg 1536w, https:\/\/contextoanalisisperiodistico.com\/wp-content\/uploads\/2024\/07\/img-20240710-wa010521818299778574715.jpg 1600w\" sizes=\"(max-width: 1024px) 100vw, 1024px\" \/><\/figure>\n\n\n\n<figure class=\"wp-block-image\"><img loading=\"lazy\" decoding=\"async\" width=\"1024\" height=\"637\" src=\"https:\/\/contextoanalisisperiodistico.com\/wp-content\/uploads\/2024\/07\/img-20240710-wa01084502764837603774969-1024x637.jpg\" alt=\"\" class=\"wp-image-28746\" srcset=\"https:\/\/contextoanalisisperiodistico.com\/wp-content\/uploads\/2024\/07\/img-20240710-wa01084502764837603774969-1024x637.jpg 1024w, https:\/\/contextoanalisisperiodistico.com\/wp-content\/uploads\/2024\/07\/img-20240710-wa01084502764837603774969-300x187.jpg 300w, https:\/\/contextoanalisisperiodistico.com\/wp-content\/uploads\/2024\/07\/img-20240710-wa01084502764837603774969-768x478.jpg 768w, https:\/\/contextoanalisisperiodistico.com\/wp-content\/uploads\/2024\/07\/img-20240710-wa01084502764837603774969-1536x956.jpg 1536w, https:\/\/contextoanalisisperiodistico.com\/wp-content\/uploads\/2024\/07\/img-20240710-wa01084502764837603774969-400x250.jpg 400w, https:\/\/contextoanalisisperiodistico.com\/wp-content\/uploads\/2024\/07\/img-20240710-wa01084502764837603774969.jpg 1600w\" sizes=\"(max-width: 1024px) 100vw, 1024px\" \/><\/figure>\n\n\n\n<figure class=\"wp-block-image\"><img loading=\"lazy\" decoding=\"async\" width=\"1024\" height=\"682\" src=\"https:\/\/contextoanalisisperiodistico.com\/wp-content\/uploads\/2024\/07\/img-20240710-wa01073532516019468655253-1024x682.jpg\" alt=\"\" class=\"wp-image-28749\" srcset=\"https:\/\/contextoanalisisperiodistico.com\/wp-content\/uploads\/2024\/07\/img-20240710-wa01073532516019468655253-1024x682.jpg 1024w, https:\/\/contextoanalisisperiodistico.com\/wp-content\/uploads\/2024\/07\/img-20240710-wa01073532516019468655253-300x200.jpg 300w, https:\/\/contextoanalisisperiodistico.com\/wp-content\/uploads\/2024\/07\/img-20240710-wa01073532516019468655253-768x512.jpg 768w, https:\/\/contextoanalisisperiodistico.com\/wp-content\/uploads\/2024\/07\/img-20240710-wa01073532516019468655253-1536x1023.jpg 1536w, https:\/\/contextoanalisisperiodistico.com\/wp-content\/uploads\/2024\/07\/img-20240710-wa01073532516019468655253.jpg 1600w\" sizes=\"(max-width: 1024px) 100vw, 1024px\" \/><\/figure>\n\n\n\n<figure class=\"wp-block-image\"><img loading=\"lazy\" decoding=\"async\" width=\"1024\" height=\"682\" src=\"https:\/\/contextoanalisisperiodistico.com\/wp-content\/uploads\/2024\/07\/img-20240710-wa01044238440460263138178-1024x682.jpg\" alt=\"\" class=\"wp-image-28748\" srcset=\"https:\/\/contextoanalisisperiodistico.com\/wp-content\/uploads\/2024\/07\/img-20240710-wa01044238440460263138178-1024x682.jpg 1024w, https:\/\/contextoanalisisperiodistico.com\/wp-content\/uploads\/2024\/07\/img-20240710-wa01044238440460263138178-300x200.jpg 300w, https:\/\/contextoanalisisperiodistico.com\/wp-content\/uploads\/2024\/07\/img-20240710-wa01044238440460263138178-768x512.jpg 768w, https:\/\/contextoanalisisperiodistico.com\/wp-content\/uploads\/2024\/07\/img-20240710-wa01044238440460263138178-1536x1023.jpg 1536w, https:\/\/contextoanalisisperiodistico.com\/wp-content\/uploads\/2024\/07\/img-20240710-wa01044238440460263138178.jpg 1600w\" sizes=\"(max-width: 1024px) 100vw, 1024px\" \/><\/figure>\n\n\n\n<figure class=\"wp-block-image\"><img loading=\"lazy\" decoding=\"async\" width=\"1024\" height=\"682\" src=\"https:\/\/contextoanalisisperiodistico.com\/wp-content\/uploads\/2024\/07\/img-20240710-wa01017106016870803865940-1024x682.jpg\" alt=\"\" class=\"wp-image-28747\" srcset=\"https:\/\/contextoanalisisperiodistico.com\/wp-content\/uploads\/2024\/07\/img-20240710-wa01017106016870803865940-1024x682.jpg 1024w, https:\/\/contextoanalisisperiodistico.com\/wp-content\/uploads\/2024\/07\/img-20240710-wa01017106016870803865940-300x200.jpg 300w, https:\/\/contextoanalisisperiodistico.com\/wp-content\/uploads\/2024\/07\/img-20240710-wa01017106016870803865940-768x512.jpg 768w, https:\/\/contextoanalisisperiodistico.com\/wp-content\/uploads\/2024\/07\/img-20240710-wa01017106016870803865940-1536x1023.jpg 1536w, https:\/\/contextoanalisisperiodistico.com\/wp-content\/uploads\/2024\/07\/img-20240710-wa01017106016870803865940.jpg 1600w\" sizes=\"(max-width: 1024px) 100vw, 1024px\" \/><\/figure>\n\n\n\n<p>Miahuatl\u00e1n de Porfirio D\u00edaz, Oax. 10 de julio de 2024.- Para garantizar el derecho a la salud, el Gobernador Salom\u00f3n Jara Cruz inaugur\u00f3 la sucursal de las Farmacias Bienestar en Miahuatl\u00e1n de Porfirio D\u00edaz y entreg\u00f3 tarjetas de este programa que beneficiar\u00e1 a 18 municipios de la Sierra Sur con el registro de 5 mil 670 personas.<\/p>\n\n\n\n<p>Habitantes de esta regi\u00f3n fueron testigos de esta apertura, que brindar\u00e1 de manera gratuita servicios m\u00e9dicos de primer nivel. Se tendr\u00e1 acceso ilimitado a consulta m\u00e9dica, revisi\u00f3n dental, operatoria dental y examen de la vista; as\u00ed como a tres medicamentos del cuadro b\u00e1sico de manera mensual, y seis estudios de laboratorio del cuadro b\u00e1sico, as\u00ed como dos pares de lentes graduados con hasta cuatro dioptr\u00edas al a\u00f1o.<\/p>\n\n\n\n<p>En este sentido el Mandatario estatal expuso que estas acciones que impulsa el gobierno de la Transformaci\u00f3n representan un apoyo a las familias oaxaque\u00f1as, no solo para el cuidado de su salud, sino tambi\u00e9n para su econom\u00eda, ya que no tendr\u00e1n costo alguno.<\/p>\n\n\n\n<p>\u201cEn el gobierno de la Primavera Oaxaque\u00f1a estamos comprometidos con el bienestar del pueblo, trabajamos para que cada una de las oaxaque\u00f1as y oaxaque\u00f1os tengan una mejor calidad de vida\u201d, resalt\u00f3.<\/p>\n\n\n\n<p>Dijo que esta sucursal de las Farmacias Bienestar, primera de manera regional, forma parte de las 11 que existen en la entidad y en los pr\u00f3ximos meses se abrir\u00e1n m\u00e1s espacios en todas las regiones del estado.<\/p>\n\n\n\n<p>En su oportunidad la secretaria de Bienestar, Tequio e Inclusi\u00f3n (Sebienti) Luz Alejandra Hern\u00e1ndez Rojas, explic\u00f3 que esta sucursal atender\u00e1 en una primera etapa a 18 municipios de la Sierra Sur, actualmente se tiene 5 mil 670 registros, en beneficio de igual n\u00famero de familias a quienes se les brindan los servicios m\u00e9dicos.<\/p>\n\n\n\n<p>Dijo que el objetivo es otorgar 110 mil tarjetas en toda la entidad, que multiplicadas por los cuatro integrantes de cada familia que se pueden afiliar, se llegar\u00e1 a medio mill\u00f3n de personas favorecidas.<\/p>\n\n\n\n<p>Angela Mart\u00ednez Flores, una de las beneficiadas con la Tarjeta Farmacias Bienestar, agradeci\u00f3 el apoyo, ahora, dijo, podr\u00e1n tener servicio m\u00e9dico, dental y optom\u00e9trico gratuito a favor de su familia.<\/p>\n\n\n\n<p>Estas acciones permiten avanzar en la Reparaci\u00f3n Hist\u00f3rica de los Pueblos, principalmente de aquellos que se encuentran en situaci\u00f3n de pobreza o forman parte de los grupos prioritarios.<\/p>\n\n\n\n<p>-0-<\/p>\n","protected":false},"excerpt":{"rendered":"<p>\u2022 El Gobernador Salom\u00f3n Jara Cruz inaugur\u00f3 la sucursal de las Farmacias Bienestar en Miahuatl\u00e1n&#8230;<\/p>\n","protected":false},"author":4,"featured_media":28741,"comment_status":"","ping_status":"open","sticky":false,"template":"","format":"standard","meta":{"footnotes":""},"categories":[9],"tags":[],"jetpack_sharing_enabled":true,"featured_image_urls":{"full":["https:\/\/contextoanalisisperiodistico.com\/wp-content\/uploads\/2024\/07\/IMG-20240710-WA0099.jpg",1600,1066,false],"thumbnail":["https:\/\/contextoanalisisperiodistico.com\/wp-content\/uploads\/2024\/07\/IMG-20240710-WA0099-150x150.jpg",150,150,true],"medium":["https:\/\/contextoanalisisperiodistico.com\/wp-content\/uploads\/2024\/07\/IMG-20240710-WA0099-300x200.jpg",300,200,true],"medium_large":["https:\/\/contextoanalisisperiodistico.com\/wp-content\/uploads\/2024\/07\/IMG-20240710-WA0099-768x512.jpg",640,427,true],"large":["https:\/\/contextoanalisisperiodistico.com\/wp-content\/uploads\/2024\/07\/IMG-20240710-WA0099-1024x682.jpg",640,426,true],"1536x1536":["https:\/\/contextoanalisisperiodistico.com\/wp-content\/uploads\/2024\/07\/IMG-20240710-WA0099-1536x1023.jpg",1536,1023,true],"2048x2048":["https:\/\/contextoanalisisperiodistico.com\/wp-content\/uploads\/2024\/07\/IMG-20240710-WA0099.jpg",1600,1066,false],"covernews-slider-full":["https:\/\/contextoanalisisperiodistico.com\/wp-content\/uploads\/2024\/07\/IMG-20240710-WA0099-1115x715.jpg",1115,715,true],"covernews-slider-center":["https:\/\/contextoanalisisperiodistico.com\/wp-content\/uploads\/2024\/07\/IMG-20240710-WA0099-800x500.jpg",800,500,true],"covernews-featured":["https:\/\/contextoanalisisperiodistico.com\/wp-content\/uploads\/2024\/07\/IMG-20240710-WA0099-1024x682.jpg",1024,682,true],"covernews-medium":["https:\/\/contextoanalisisperiodistico.com\/wp-content\/uploads\/2024\/07\/IMG-20240710-WA0099-540x340.jpg",540,340,true],"covernews-medium-square":["https:\/\/contextoanalisisperiodistico.com\/wp-content\/uploads\/2024\/07\/IMG-20240710-WA0099-400x250.jpg",400,250,true]},"author_info":{"display_name":"Mario Gir\u00f3n","author_link":"https:\/\/contextoanalisisperiodistico.com\/index.php\/author\/director\/"},"category_info":"<a href=\"https:\/\/contextoanalisisperiodistico.com\/index.php\/category\/politica\/\" rel=\"category tag\">Pol\u00edtica<\/a>","tag_info":"Pol\u00edtica","comment_count":"0","jetpack_featured_media_url":"https:\/\/contextoanalisisperiodistico.com\/wp-content\/uploads\/2024\/07\/IMG-20240710-WA0099.jpg","_links":{"self":[{"href":"https:\/\/contextoanalisisperiodistico.com\/index.php\/wp-json\/wp\/v2\/posts\/28750"}],"collection":[{"href":"https:\/\/contextoanalisisperiodistico.com\/index.php\/wp-json\/wp\/v2\/posts"}],"about":[{"href":"https:\/\/contextoanalisisperiodistico.com\/index.php\/wp-json\/wp\/v2\/types\/post"}],"author":[{"embeddable":true,"href":"https:\/\/contextoanalisisperiodistico.com\/index.php\/wp-json\/wp\/v2\/users\/4"}],"replies":[{"embeddable":true,"href":"https:\/\/contextoanalisisperiodistico.com\/index.php\/wp-json\/wp\/v2\/comments?post=28750"}],"version-history":[{"count":0,"href":"https:\/\/contextoanalisisperiodistico.com\/index.php\/wp-json\/wp\/v2\/posts\/28750\/revisions"}],"wp:featuredmedia":[{"embeddable":true,"href":"https:\/\/contextoanalisisperiodistico.com\/index.php\/wp-json\/wp\/v2\/media\/28741"}],"wp:attachment":[{"href":"https:\/\/contextoanalisisperiodistico.com\/index.php\/wp-json\/wp\/v2\/media?parent=28750"}],"wp:term":[{"taxonomy":"category","embeddable":true,"href":"https:\/\/contextoanalisisperiodistico.com\/index.php\/wp-json\/wp\/v2\/categories?post=28750"},{"taxonomy":"post_tag","embeddable":true,"href":"https:\/\/contextoanalisisperiodistico.com\/index.php\/wp-json\/wp\/v2\/tags?post=28750"}],"curies":[{"name":"wp","href":"https:\/\/api.w.org\/{rel}","templated":true}]}}