{"id":28730,"date":"2024-07-10T16:31:29","date_gmt":"2024-07-10T22:31:29","guid":{"rendered":"https:\/\/contextoanalisisperiodistico.com\/index.php\/2024\/07\/10\/activa-ayuntamiento-capitalino-nuevos-puntos-de-venta-de-boletos-para-el-espectaculo-donaji-la-leyenda\/"},"modified":"2024-07-10T16:31:29","modified_gmt":"2024-07-10T22:31:29","slug":"activa-ayuntamiento-capitalino-nuevos-puntos-de-venta-de-boletos-para-el-espectaculo-donaji-la-leyenda","status":"publish","type":"post","link":"https:\/\/contextoanalisisperiodistico.com\/index.php\/2024\/07\/10\/activa-ayuntamiento-capitalino-nuevos-puntos-de-venta-de-boletos-para-el-espectaculo-donaji-la-leyenda\/","title":{"rendered":"Activa Ayuntamiento capitalino nuevos puntos de venta de boletos para el espect\u00e1culo Donaj\u00ed, la Leyenda"},"content":{"rendered":"<div id=\"fb-root\"><\/div>\n\n<ul class=\"wp-block-list\">\n<li>Espect\u00e1culo \u00fanico en su g\u00e9nero que permite a asistentes constatar la vasta riqueza hist\u00f3rica y cultural que poseen las y los oaxaque\u00f1os.<\/li>\n<\/ul>\n\n\n\n<figure class=\"wp-block-image size-large\"><img fetchpriority=\"high\" decoding=\"async\" width=\"1024\" height=\"682\" src=\"https:\/\/contextoanalisisperiodistico.com\/wp-content\/uploads\/2024\/07\/img-20240710-wa00946045123121890367323-1024x682.jpg\" alt=\"\" class=\"wp-image-28727\" srcset=\"https:\/\/contextoanalisisperiodistico.com\/wp-content\/uploads\/2024\/07\/img-20240710-wa00946045123121890367323-1024x682.jpg 1024w, https:\/\/contextoanalisisperiodistico.com\/wp-content\/uploads\/2024\/07\/img-20240710-wa00946045123121890367323-300x200.jpg 300w, https:\/\/contextoanalisisperiodistico.com\/wp-content\/uploads\/2024\/07\/img-20240710-wa00946045123121890367323-768x512.jpg 768w, https:\/\/contextoanalisisperiodistico.com\/wp-content\/uploads\/2024\/07\/img-20240710-wa00946045123121890367323-1536x1023.jpg 1536w, https:\/\/contextoanalisisperiodistico.com\/wp-content\/uploads\/2024\/07\/img-20240710-wa00946045123121890367323.jpg 1600w\" sizes=\"(max-width: 1024px) 100vw, 1024px\" \/><\/figure>\n\n\n\n<figure class=\"wp-block-image\"><img decoding=\"async\" width=\"1024\" height=\"682\" src=\"https:\/\/contextoanalisisperiodistico.com\/wp-content\/uploads\/2024\/07\/img-20240710-wa00974341527046594461665-1024x682.jpg\" alt=\"\" class=\"wp-image-28729\" srcset=\"https:\/\/contextoanalisisperiodistico.com\/wp-content\/uploads\/2024\/07\/img-20240710-wa00974341527046594461665-1024x682.jpg 1024w, https:\/\/contextoanalisisperiodistico.com\/wp-content\/uploads\/2024\/07\/img-20240710-wa00974341527046594461665-300x200.jpg 300w, https:\/\/contextoanalisisperiodistico.com\/wp-content\/uploads\/2024\/07\/img-20240710-wa00974341527046594461665-768x512.jpg 768w, https:\/\/contextoanalisisperiodistico.com\/wp-content\/uploads\/2024\/07\/img-20240710-wa00974341527046594461665-1536x1023.jpg 1536w, https:\/\/contextoanalisisperiodistico.com\/wp-content\/uploads\/2024\/07\/img-20240710-wa00974341527046594461665.jpg 1600w\" sizes=\"(max-width: 1024px) 100vw, 1024px\" \/><\/figure>\n\n\n\n<figure class=\"wp-block-image\"><img decoding=\"async\" width=\"1024\" height=\"682\" src=\"https:\/\/contextoanalisisperiodistico.com\/wp-content\/uploads\/2024\/07\/img-20240710-wa00958180342325800876026-1024x682.jpg\" alt=\"\" class=\"wp-image-28728\" srcset=\"https:\/\/contextoanalisisperiodistico.com\/wp-content\/uploads\/2024\/07\/img-20240710-wa00958180342325800876026-1024x682.jpg 1024w, https:\/\/contextoanalisisperiodistico.com\/wp-content\/uploads\/2024\/07\/img-20240710-wa00958180342325800876026-300x200.jpg 300w, https:\/\/contextoanalisisperiodistico.com\/wp-content\/uploads\/2024\/07\/img-20240710-wa00958180342325800876026-768x512.jpg 768w, https:\/\/contextoanalisisperiodistico.com\/wp-content\/uploads\/2024\/07\/img-20240710-wa00958180342325800876026-1536x1023.jpg 1536w, https:\/\/contextoanalisisperiodistico.com\/wp-content\/uploads\/2024\/07\/img-20240710-wa00958180342325800876026.jpg 1600w\" sizes=\"(max-width: 1024px) 100vw, 1024px\" \/><\/figure>\n\n\n\n<p><em>Oaxaca de Ju\u00e1rez, Oaxaca, a 10 de julio de 2024<\/em>.- El Ayuntamiento de Oaxaca de Ju\u00e1rez a trav\u00e9s de la Secretar\u00eda de Fomento Tur\u00edstico habilit\u00f3, a partir del mi\u00e9rcoles, dos nuevos puntos de venta para adquirir boletos de las secciones A y B y disfrutar del espect\u00e1culo danc\u00edstico Donaj, La Leyenda, a realizarse los d\u00edas 21 y 28 de julio.<\/p>\n\n\n\n<p>El magno evento distintivo de la capital se llevar\u00e1 a cabo en el Auditorio Guelaguetza a las 20:00 horas, en el que se espera las asistencia de oaxaque\u00f1as, oaxaque\u00f1os, visitantes nacionales y extranjeros.<\/p>\n\n\n\n<p>Los puntos de venta habilitados son:<\/p>\n\n\n\n<ul class=\"wp-block-list\">\n<li>M\u00f3dulo de Informaci\u00f3n Tur\u00edstica, frente al Templo de Santo Domingo de Guzm\u00e1n y,<\/li>\n\n\n\n<li>M\u00f3dulo de Informaci\u00f3n Tur\u00edstica, en la Alameda de Le\u00f3n.<\/li>\n<\/ul>\n\n\n\n<p>Las personas interesadas podr\u00e1n acudir a los m\u00f3dulos indicados en un horario de 10:00 a 17:00 horas, de lunes a viernes, o bien, garantizar los accesos a trav\u00e9s de la plataforma superboletos.com o directamente en el Palacio Municipal. Las secciones C y D son gratuitas.<\/p>\n\n\n\n<p>Donaj\u00ed, la Leyenda, es un espect\u00e1culo \u00fanico en su g\u00e9nero que permite a asistentes constatar la vasta riqueza hist\u00f3rica y cultural que poseen las y los oaxaque\u00f1os.<\/p>\n","protected":false},"excerpt":{"rendered":"<p>Oaxaca de Ju\u00e1rez, Oaxaca, a 10 de julio de 2024.- El Ayuntamiento de Oaxaca de&#8230;<\/p>\n","protected":false},"author":4,"featured_media":28726,"comment_status":"","ping_status":"open","sticky":false,"template":"","format":"standard","meta":{"footnotes":""},"categories":[9],"tags":[],"jetpack_sharing_enabled":true,"featured_image_urls":{"full":["https:\/\/contextoanalisisperiodistico.com\/wp-content\/uploads\/2024\/07\/IMG-20240710-WA0096.jpg",1600,1066,false],"thumbnail":["https:\/\/contextoanalisisperiodistico.com\/wp-content\/uploads\/2024\/07\/IMG-20240710-WA0096-150x150.jpg",150,150,true],"medium":["https:\/\/contextoanalisisperiodistico.com\/wp-content\/uploads\/2024\/07\/IMG-20240710-WA0096-300x200.jpg",300,200,true],"medium_large":["https:\/\/contextoanalisisperiodistico.com\/wp-content\/uploads\/2024\/07\/IMG-20240710-WA0096-768x512.jpg",640,427,true],"large":["https:\/\/contextoanalisisperiodistico.com\/wp-content\/uploads\/2024\/07\/IMG-20240710-WA0096-1024x682.jpg",640,426,true],"1536x1536":["https:\/\/contextoanalisisperiodistico.com\/wp-content\/uploads\/2024\/07\/IMG-20240710-WA0096-1536x1023.jpg",1536,1023,true],"2048x2048":["https:\/\/contextoanalisisperiodistico.com\/wp-content\/uploads\/2024\/07\/IMG-20240710-WA0096.jpg",1600,1066,false],"covernews-slider-full":["https:\/\/contextoanalisisperiodistico.com\/wp-content\/uploads\/2024\/07\/IMG-20240710-WA0096-1115x715.jpg",1115,715,true],"covernews-slider-center":["https:\/\/contextoanalisisperiodistico.com\/wp-content\/uploads\/2024\/07\/IMG-20240710-WA0096-800x500.jpg",800,500,true],"covernews-featured":["https:\/\/contextoanalisisperiodistico.com\/wp-content\/uploads\/2024\/07\/IMG-20240710-WA0096-1024x682.jpg",1024,682,true],"covernews-medium":["https:\/\/contextoanalisisperiodistico.com\/wp-content\/uploads\/2024\/07\/IMG-20240710-WA0096-540x340.jpg",540,340,true],"covernews-medium-square":["https:\/\/contextoanalisisperiodistico.com\/wp-content\/uploads\/2024\/07\/IMG-20240710-WA0096-400x250.jpg",400,250,true]},"author_info":{"display_name":"Mario Gir\u00f3n","author_link":"https:\/\/contextoanalisisperiodistico.com\/index.php\/author\/director\/"},"category_info":"<a href=\"https:\/\/contextoanalisisperiodistico.com\/index.php\/category\/politica\/\" rel=\"category tag\">Pol\u00edtica<\/a>","tag_info":"Pol\u00edtica","comment_count":"0","jetpack_featured_media_url":"https:\/\/contextoanalisisperiodistico.com\/wp-content\/uploads\/2024\/07\/IMG-20240710-WA0096.jpg","_links":{"self":[{"href":"https:\/\/contextoanalisisperiodistico.com\/index.php\/wp-json\/wp\/v2\/posts\/28730"}],"collection":[{"href":"https:\/\/contextoanalisisperiodistico.com\/index.php\/wp-json\/wp\/v2\/posts"}],"about":[{"href":"https:\/\/contextoanalisisperiodistico.com\/index.php\/wp-json\/wp\/v2\/types\/post"}],"author":[{"embeddable":true,"href":"https:\/\/contextoanalisisperiodistico.com\/index.php\/wp-json\/wp\/v2\/users\/4"}],"replies":[{"embeddable":true,"href":"https:\/\/contextoanalisisperiodistico.com\/index.php\/wp-json\/wp\/v2\/comments?post=28730"}],"version-history":[{"count":0,"href":"https:\/\/contextoanalisisperiodistico.com\/index.php\/wp-json\/wp\/v2\/posts\/28730\/revisions"}],"wp:featuredmedia":[{"embeddable":true,"href":"https:\/\/contextoanalisisperiodistico.com\/index.php\/wp-json\/wp\/v2\/media\/28726"}],"wp:attachment":[{"href":"https:\/\/contextoanalisisperiodistico.com\/index.php\/wp-json\/wp\/v2\/media?parent=28730"}],"wp:term":[{"taxonomy":"category","embeddable":true,"href":"https:\/\/contextoanalisisperiodistico.com\/index.php\/wp-json\/wp\/v2\/categories?post=28730"},{"taxonomy":"post_tag","embeddable":true,"href":"https:\/\/contextoanalisisperiodistico.com\/index.php\/wp-json\/wp\/v2\/tags?post=28730"}],"curies":[{"name":"wp","href":"https:\/\/api.w.org\/{rel}","templated":true}]}}